{"id":310973,"date":"2025-12-28T04:55:15","date_gmt":"2025-12-28T04:55:15","guid":{"rendered":"https:\/\/www.europesays.com\/es\/310973\/"},"modified":"2025-12-28T04:55:15","modified_gmt":"2025-12-28T04:55:15","slug":"de-visita-sorpresa-al-teatro","status":"publish","type":"post","link":"https:\/\/www.europesays.com\/es\/310973\/","title":{"rendered":"de visita sorpresa al teatro"},"content":{"rendered":"<p><img loading=\"lazy\" decoding=\"async\" src=\"https:\/\/www.europesays.com\/es\/wp-content\/uploads\/2025\/12\/100x100_informalia-logo.jpg\" itemtype=\"\/\/schema.org\/ImageObject\" itemprop=\"url\" alt=\"Informalia\" width=\"64\" height=\"64\" pinger-seen=\"true\"\/><\/p>\n<p><b>\u00abHoy hemos tenido nuestro regalo de Reyes anticipado\u00bb<\/b>, ha escrito la compa\u00f1\u00eda del musical Rent en sus redes sociales junto a una foto de los Reyes posando con sus hijas, la princesa Leonor y la infanta Sof\u00eda, con todo el elenco de protagonistas. Fue la sorpresa del d\u00eda, y una muy grata para los actores. <b>Do\u00f1a Letizia y don Felipe VI disfrutaron de un plan navide\u00f1o en familia<\/b>, aprovechando que, por fin, los cuatro han podido coincidir durante las vacaciones de Navidad.<\/p>\n<p>                            <img decoding=\"async\" src=\"https:\/\/www.europesays.com\/es\/wp-content\/uploads\/2025\/12\/606977182_18550032763038153_1565363514357494130_n.jpg\" loading=\"lazy\"\/><\/p>\n<p>La Familia Real asisti\u00f3 el pasado viernes 26 de diciembre al musical Rent en el Teatro Fern\u00e1n G\u00f3mez de Madrid. Fue la propia compa\u00f1\u00eda la que desvel\u00f3 la visita inesperada de Sus Majestades a trav\u00e9s de sus redes sociales: <b>\u00abAyer vivimos una visita totalmente inesperada<\/b>. La Familia Real vino por sorpresa a ver Rent en el Teatro Fern\u00e1n G\u00f3mez y<b> fue un momento muy especial para todo el equipo.<\/b> Gracias por todas vuestras enhorabuenas y mensajes de cari\u00f1o\u00bb.<\/p>\n<p>Adem\u00e1s, quisieron agradecer el gesto destacando la importancia del apoyo institucional a la cultura:<b> \u00abEste tipo de gestos son un impulso enorme para quienes trabajamos cada d\u00eda para que el teatro musical llegue a m\u00e1s gente<\/b>, desde un espacio p\u00fablico y con un mensaje que sigue siendo necesario\u00bb.<\/p>\n<p>Para esta escapada por la capital, <b>la Reina se resguard\u00f3 del fr\u00edo madrile\u00f1o con un jersey de lana en rosa chicle <\/b>y unos vaqueros acampanados en azul marino, que combin\u00f3 con botas negras de suela track. <b>La princesa Leonor sigui\u00f3 la estela de su madre y apost\u00f3 por un jersey en tono vino<\/b>, coordinado con unos vaqueros wide leg grises. La infanta Sof\u00eda, por su parte, opt\u00f3 por un jersey tipo bufanda en color crema, al que a\u00f1adi\u00f3 una chaqueta de antelina en color top, tambi\u00e9n combinado con jeans, mientras que el Rey eligi\u00f3 una americana desenfadada en gris, acompa\u00f1ada de una camisa vaquera en tono gris\u00e1ceo.<\/p>\n<p>En uno de los v\u00eddeos difundidos en redes sociales puede verse, adem\u00e1s, la complicidad de do\u00f1a Letizia con los actores, en una charla distendida llena de gestos, sonrisas y una notable cercan\u00eda.<\/p>\n<p>WhatsApp<a href=\"https:\/\/api.whatsapp.com\/send?text=https:\/\/www.eleconomista.es\/informalia\/casas-reales\/noticias\/13707096\/12\/25\/el-plan-navideno-de-felipe-vi-y-letizia-con-leonor-y-la-infanta-sofia-de-visita-sorpresa-al-teatro.html?utm_source%3Dwhatsapp%26utm_medium%3Dshare_button&amp;id=1648118629957_whatsapp\" target=\"_blank\" data-action=\"share\/whatsapp\/share\" aria-label=\"Compartir en Whatsapp\" rel=\"nofollow noopener\"><\/a>Facebook<a id=\"fb-share\" href=\"#\" target=\"_blank\" rel=\"noopener noreferrer\" aria-label=\"Compartir en Facebook\"><\/a>Twitter<a href=\"https:\/\/twitter.com\/share?text=El+plan+navide%C3%B1o+de+Felipe+VI+y+Letizia+con+Leonor+y+la+infanta+Sof%C3%ADa%3A+de+visita+sorpresa+al+teatro&amp;url=https:\/\/www.eleconomista.es\/informalia\/casas-reales\/noticias\/13707096\/12\/25\/el-plan-navideno-de-felipe-vi-y-letizia-con-leonor-y-la-infanta-sofia-de-visita-sorpresa-al-teatro.html&amp;via=Informalia&amp;id=1648118839245_twitter\" target=\"_blank\" aria-label=\"Compartir en Twitter\" rel=\"nofollow noopener\"><\/a>Linkedin<a onclick=\"return abrirLinkedin();\" href=\"https:\/\/www.linkedin.com\/shareArticle?text=El+plan+navide%C3%B1o+de+Felipe+VI+y+Letizia+con+Leonor+y+la+infanta+Sof%C3%ADa%3A+de+visita+sorpresa+al+teatro&amp;url=https:\/\/www.eleconomista.es\/informalia\/casas-reales\/noticias\/13707096\/12\/25\/el-plan-navideno-de-felipe-vi-y-letizia-con-leonor-y-la-infanta-sofia-de-visita-sorpresa-al-teatro.html&amp;mini=true\" target=\"_blank\" aria-label=\"Compartir en linkedin\" rel=\"nofollow noopener\"><\/a>Beloud<a href=\"https:\/\/beloud.com\/share?text=El+plan+navide%C3%B1o+de+Felipe+VI+y+Letizia+con+Leonor+y+la+infanta+Sof%C3%ADa%3A+de+visita+sorpresa+al+teatro&amp;url=https:\/\/www.eleconomista.es\/informalia\/casas-reales\/noticias\/13707096\/12\/25\/el-plan-navideno-de-felipe-vi-y-letizia-con-leonor-y-la-infanta-sofia-de-visita-sorpresa-al-teatro.html&amp;via=Informalia&amp;id=1648118839245_beloud\" target=\"_blank\" aria-label=\"Compartir en beloud\" rel=\"nofollow noopener\"><\/a>Bluesky<a href=\"https:\/\/bsky.app\/intent\/compose?text=https:\/\/bsky.app\/intent\/compose?text=https:\/\/www.eleconomista.es\/informalia\/casas-reales\/noticias\/13707096\/12\/25\/el-plan-navideno-de-felipe-vi-y-letizia-con-leonor-y-la-infanta-sofia-de-visita-sorpresa-al-teatro.html&amp;url=https:\/\/www.eleconomista.es\/informalia\/casas-reales\/noticias\/13707096\/12\/25\/el-plan-navideno-de-felipe-vi-y-letizia-con-leonor-y-la-infanta-sofia-de-visita-sorpresa-al-teatro.html&amp;via=elEconomistaes&amp;id=1648118839245_bluesky\" target=\"_blank\" aria-label=\"Compartir en bluesky\" rel=\"nofollow noopener\"><\/a><\/p>\n<p><script async src=\"https:\/\/platform.twitter.com\/widgets.js\" charset=\"utf-8\"><\/script><\/p>\n","protected":false},"excerpt":{"rendered":"\u00abHoy hemos tenido nuestro regalo de Reyes anticipado\u00bb, ha escrito la compa\u00f1\u00eda del musical Rent en sus redes&hellip;\n","protected":false},"author":2,"featured_media":310974,"comment_status":"","ping_status":"","sticky":false,"template":"","format":"standard","meta":{"footnotes":""},"categories":[174],"tags":[14486,255,146,147,25,24,256,23],"class_list":{"0":"post-310973","1":"post","2":"type-post","3":"status-publish","4":"format-standard","5":"has-post-thumbnail","7":"category-famosos","8":"tag-casas-reales","9":"tag-celebrities","10":"tag-entertainment","11":"tag-entretenimiento","12":"tag-es","13":"tag-espana","14":"tag-famosos","15":"tag-spain"},"share_on_mastodon":{"url":"https:\/\/pubeurope.com\/@es\/115795415877212833","error":""},"_links":{"self":[{"href":"https:\/\/www.europesays.com\/es\/wp-json\/wp\/v2\/posts\/310973","targetHints":{"allow":["GET"]}}],"collection":[{"href":"https:\/\/www.europesays.com\/es\/wp-json\/wp\/v2\/posts"}],"about":[{"href":"https:\/\/www.europesays.com\/es\/wp-json\/wp\/v2\/types\/post"}],"author":[{"embeddable":true,"href":"https:\/\/www.europesays.com\/es\/wp-json\/wp\/v2\/users\/2"}],"replies":[{"embeddable":true,"href":"https:\/\/www.europesays.com\/es\/wp-json\/wp\/v2\/comments?post=310973"}],"version-history":[{"count":0,"href":"https:\/\/www.europesays.com\/es\/wp-json\/wp\/v2\/posts\/310973\/revisions"}],"wp:featuredmedia":[{"embeddable":true,"href":"https:\/\/www.europesays.com\/es\/wp-json\/wp\/v2\/media\/310974"}],"wp:attachment":[{"href":"https:\/\/www.europesays.com\/es\/wp-json\/wp\/v2\/media?parent=310973"}],"wp:term":[{"taxonomy":"category","embeddable":true,"href":"https:\/\/www.europesays.com\/es\/wp-json\/wp\/v2\/categories?post=310973"},{"taxonomy":"post_tag","embeddable":true,"href":"https:\/\/www.europesays.com\/es\/wp-json\/wp\/v2\/tags?post=310973"}],"curies":[{"name":"wp","href":"https:\/\/api.w.org\/{rel}","templated":true}]}}