{"id":310988,"date":"2025-12-28T05:07:22","date_gmt":"2025-12-28T05:07:22","guid":{"rendered":"https:\/\/www.europesays.com\/es\/310988\/"},"modified":"2025-12-28T05:07:22","modified_gmt":"2025-12-28T05:07:22","slug":"polvo-sangre-y-exilio-sobrevivieron-a-las-masacres-de-los-paramilitares-en-darfur-y-ahora-son-el-testimonio-vivo-de-las-matanzas-planeta-futuro","status":"publish","type":"post","link":"https:\/\/www.europesays.com\/es\/310988\/","title":{"rendered":"Polvo, sangre y exilio: sobrevivieron a las masacres de los paramilitares en Darfur y ahora son el testimonio vivo de las matanzas | Planeta Futuro"},"content":{"rendered":"<p class=\"\">A Ashaa Abdalla Tourshin se le nota en la voz el duelo. Y en la mirada perdida de unos ojos cansados con atisbos de cataratas. En su regazo, un ni\u00f1o de dos a\u00f1os, su nieto Moutassim. Logr\u00f3 salir hace un mes de <a href=\"https:\/\/elpais.com\/internacional\/2025-10-29\/miles-de-civiles-en-sudan-intentan-huir-de-las-ejecuciones-perpetradas-por-los-rebeldes-en-el-fasher.html\" target=\"_self\" rel=\"nofollow noopener\" title=\"https:\/\/elpais.com\/internacional\/2025-10-29\/miles-de-civiles-en-sudan-intentan-huir-de-las-ejecuciones-perpetradas-por-los-rebeldes-en-el-fasher.html\">la ciudad sudanesa de El Fasher<\/a>, reciente escenario de una de las peores masacres registradas desde que hace m\u00e1s de dos a\u00f1os estallara <a href=\"https:\/\/elpais.com\/internacional\/2023-04-17\/que-esta-pasando-en-sudan-el-conflicto-en-10-claves.html\" target=\"_self\" rel=\"nofollow noopener\" title=\"https:\/\/elpais.com\/internacional\/2023-04-17\/que-esta-pasando-en-sudan-el-conflicto-en-10-claves.html\">una cruenta guerra civil<\/a> en el pa\u00eds. Abdalla escap\u00f3 con el cr\u00edo en brazos y han sido acogidos en la precaria vivienda de lonas y ca\u00f1as de su hija Hadjara en el campo de refugiados de Farchana, en el este de Chad. <\/p>\n<p class=\"\">Otros tres hijos, dos hombres y una mujer, fueron asesinados ante los ojos de Abdalla, en su casa. Uno de ellos era el padre de Moutassim. La madre del cr\u00edo tambi\u00e9n fue ejecutada en ese episodio y el peque\u00f1o se qued\u00f3 hu\u00e9rfano de ambos progenitores sin haber tenido tiempo ni para crear recuerdos con ellos. Ahora la mujer no contiene las l\u00e1grimas cuando denuncia las tropel\u00edas a las que su familia fue sometida. \u201cSufrimos mucho. A muchos los han matado. Eran yanyawid, llegaron armados, ejecutaron a personas dentro y fuera de las casas. Me quitaron el dinero y hasta la ropa, y me qued\u00e9 sin nada\u201d, asegura. Ella se refiere a las Fuerzas de Apoyo R\u00e1pido (RSF), es decir, el bando paramilitar enfrentado con el ej\u00e9rcito regular de Sud\u00e1n desde el 15 de abril de 2023. <\/p>\n<p class=\"\">Abdalla y su familia son de la minor\u00eda masalit. Como ella, cientos de miles de personas siguen escapando de <a href=\"https:\/\/elpais.com\/planeta-futuro\/2024-05-09\/las-evidencias-de-una-nueva-limpieza-etnica-en-sudan-se-ciernen-sobre-darfur.html\" target=\"_self\" rel=\"nofollow noopener\" title=\"https:\/\/elpais.com\/planeta-futuro\/2024-05-09\/las-evidencias-de-una-nueva-limpieza-etnica-en-sudan-se-ciernen-sobre-darfur.html\">la persecuci\u00f3n sistem\u00e1tica de las RSF contra su etnia<\/a> y otras comunidades no \u00e1rabes en Darfur Occidental, provincia del oeste sudan\u00e9s. Soportan una violencia que contin\u00faa marcando sus cuerpos y sus vidas, incluso cuando han logrado huir.<\/p>\n<p class=\"\"><a href=\"https:\/\/elpais.com\/planeta-futuro\/2024-02-03\/los-refugiados-sudaneses-que-documentan-presuntos-crimenes-de-guerra-debi-de-enterrar-a-cientos-de-personas-perdi-la-cuenta.html\" target=\"_self\" rel=\"nofollow noopener\" title=\"https:\/\/elpais.com\/planeta-futuro\/2024-02-03\/los-refugiados-sudaneses-que-documentan-presuntos-crimenes-de-guerra-debi-de-enterrar-a-cientos-de-personas-perdi-la-cuenta.html\">Las comunidades masalit<\/a> han sido atravesadas por asesinatos, secuestros, abusos sexuales y destrucci\u00f3n de sus hogares. <a href=\"https:\/\/documents.un.org\/doc\/undoc\/gen\/n24\/005\/67\/pdf\/n2400567.pdf?utm_source=chatgpt.com\" target=\"_self\" rel=\"nofollow noopener\" title=\"https:\/\/documents.un.org\/doc\/undoc\/gen\/n24\/005\/67\/pdf\/n2400567.pdf?utm_source=chatgpt.com\">Un informe<\/a> de un panel de expertos de la ONU estim\u00f3 que entre 10.000 y 15.000 personas fueron asesinadas en El Geneina en aquel episodio en 2023. En total, la guerra civil en Sud\u00e1n ha causado el desplazamiento forzado de 12 millones de sudaneses dentro y fuera de las fronteras del pa\u00eds, otros 30 millones de personas necesitadas de ayuda humanitaria urgente y <a href=\"https:\/\/elpais.com\/internacional\/2024-11-26\/sudan-se-desangra-en-la-peor-espiral-de-violencia-desde-el-inicio-de-la-guerra-civil.html\" target=\"_self\" rel=\"nofollow noopener\" title=\"https:\/\/elpais.com\/internacional\/2024-11-26\/sudan-se-desangra-en-la-peor-espiral-de-violencia-desde-el-inicio-de-la-guerra-civil.html\">entre 60.000<\/a> y 150.000 han muerto, seg\u00fan estimaciones de organizaciones internacionales y centros de an\u00e1lisis independientes. El calvario de las minor\u00edas negras no \u00e1rabes de Darfur por parte de las RSF, antes llamadas milicias yanyawid, es solo una de las muchas caras de esta guerra.<\/p>\n<p class=\"\">La motivaci\u00f3n que empuja a las RSF es la limpieza \u00e9tnica, sostienen organizaciones de derechos humanos<a href=\"https:\/\/sudan.un.org\/en\/301876-sudan-crisis-deepens-amid-rising-civilian-casualties-growing-ethnic-violence-and-grim?utm_source=chatgpt.com\" target=\"_self\" rel=\"nofollow noopener\" title=\"https:\/\/sudan.un.org\/en\/301876-sudan-crisis-deepens-amid-rising-civilian-casualties-growing-ethnic-violence-and-grim?utm_source=chatgpt.com\"> y agencias de Naciones Unidas<\/a>, apoy\u00e1ndose en evidencias cada vez m\u00e1s firmes y numerosas. \u201cLos yanyawid tienen una vieja historia de conflicto con los masalit. Por los recursos, <a href=\"https:\/\/elpais.com\/diario\/2004\/08\/22\/domingo\/1093146092_850215.html\" target=\"_self\" rel=\"nofollow noopener\" title=\"https:\/\/elpais.com\/diario\/2004\/08\/22\/domingo\/1093146092_850215.html\">quieren apoderarse de nuestra tierra y expulsarnos<\/a>, y por eso act\u00faan as\u00ed desde 2003\u201d, dice Koltouma Arbab Hamed, refugiada masalit de 28 a\u00f1os. Mientras acuna al menor de sus hijos en su regazo, ella tambi\u00e9n comparte su historia de supervivencia, resguardada en uno de los pabellones del campo de refugiados de Gaga, donde ella vive ahora, del potente sol africano de mediod\u00eda. \u201cLanzaron una bomba a mi casa cuando est\u00e1bamos dentro. Tres de mis hijos, mi marido y yo resultamos heridos. Yo no pod\u00eda ver ni o\u00edr al principio. Fuimos al hospital, pero tambi\u00e9n lo hab\u00edan atacado, as\u00ed que nos marchamos hacia Chad\u201d, relata. Recibieron asistencia m\u00e9dica en Adr\u00e9, la primera ciudad chadiana que encuentran los huidos de Darfur cuando cruzan la frontera por la provincia de Ouadda\u00ef, una de las dos que linda con Sud\u00e1n. <\/p>\n<p><img fetchpriority=\"high\" decoding=\"auto\" class=\"_re  a_m-h\" height=\"276\"  width=\"414\" src=\"https:\/\/www.europesays.com\/es\/wp-content\/uploads\/2025\/12\/X4XKOIG2HBEZZB3TZFGBYWF4WE.jpg\" loading=\"eager\"\/>Aboulrazic Yousif Ibrahim muestra la cicatriz de una herida de bala causada por un disparo en el campo de refugiados de Farchana, en el este de Chad, el 14 de diciembre.Lola Hierro<img decoding=\"auto\" class=\"_re lazyload a_m-h\" height=\"276\"  width=\"414\" src=\"https:\/\/www.europesays.com\/es\/wp-content\/uploads\/2025\/12\/J2PKLWXGPFHUTBSLI3AL5GJJ3Y.jpg\" loading=\"lazy\"\/>Mujeres y ni\u00f1os reci\u00e9n llegados a Chad desde Sud\u00e1n. Al fondo, el arco que marca la frontera, en diciembre de 2025.Lola Hierro<img decoding=\"auto\" class=\"_re lazyload a_m-h\" height=\"276\"  width=\"414\" src=\"https:\/\/www.europesays.com\/es\/wp-content\/uploads\/2025\/12\/XRFSPRMZFJEGFI4PBUNPYPKAUY.jpg\" loading=\"lazy\"\/>Carros tirados por burros en Adr\u00e9, en la frontera entre Chad y Sud\u00e1n, en diciembre de 2025.Lola Hierro<img decoding=\"auto\" class=\"_re lazyload a_m-h\" height=\"276\"  width=\"414\" src=\"https:\/\/www.europesays.com\/es\/wp-content\/uploads\/2025\/12\/QJRPWO47BRHZ3HT32TEC6EWC2U.jpg\" loading=\"lazy\"\/>Cicatriz de una herida de bala en el muslo de Aboulrazic Yousif Ibrahim, refugiado sudan\u00e9s en Chad.Lola Hierro<img decoding=\"auto\" class=\"_re lazyload a_m-h\" height=\"276\"  width=\"414\" src=\"https:\/\/www.europesays.com\/es\/wp-content\/uploads\/2025\/12\/WAMFNZSPJVCYTC5ZKNNBCOXWNY.jpg\" loading=\"lazy\"\/>Dos mujeres caminan por la frontera entre Chad y Sud\u00e1n, donde constantemente pasa gente. Diciembre de 2025.Lola Hierro<img decoding=\"auto\" class=\"_re lazyload a_m-h\" height=\"276\"  width=\"414\" src=\"https:\/\/www.europesays.com\/es\/wp-content\/uploads\/2025\/12\/O4P4BLLJCZDRLPASDANUAMX3VU.jpg\" loading=\"lazy\"\/>Ashaa Abdalla conversa mientras sostiene a su nieto Moutassim en sus brazos, en el campo de refugiados de Farchana (Chad) en diciembre de 2025.Lola Hierro<img decoding=\"auto\" class=\"_re lazyload a_m-h\" height=\"276\"  width=\"414\" src=\"https:\/\/www.europesays.com\/es\/wp-content\/uploads\/2025\/12\/BY6RRSRVZFAFDP2MKUTNZKATNY.jpg\" loading=\"lazy\"\/>El l\u00edder comunitario Abdourahim Adam Adoul, de 36 a\u00f1os, durante su entrevista con EL PA\u00cdS en el campo de refugiados de Gaga, en Chad.Lola Hierro<img decoding=\"auto\" class=\"_re lazyload a_m-h\" height=\"276\"  width=\"414\" src=\"https:\/\/www.europesays.com\/es\/wp-content\/uploads\/2025\/12\/N7NV473KUNCC3J4CPQ4Q2RHSZU.jpg\" loading=\"lazy\"\/>Unos hombres cortan carne en un puesto de comida improvisado del asentamiento informal de Adr\u00e9, en Chad.Lola Hierro<img decoding=\"auto\" class=\"_re lazyload a_m-h\" height=\"276\"  width=\"414\" src=\"https:\/\/www.europesays.com\/es\/wp-content\/uploads\/2025\/12\/XXJGL2JRFFBP5E4AOFS4475QPY.jpg\" loading=\"lazy\"\/>Koltouma Arbab Hamed, refugiada masalit de 28 a\u00f1os, con uno de sus hijos en brazos.Lola Hierro<img alt=\"Cicatriz de una herida de bala en el muslo de Aboulrazic Yousif Ibrahim, refugiado sudan\u00e9s en Chad.\" decoding=\"auto\" class=\"_re lazyload a_m-h\" height=\"276\"  width=\"414\" src=\"https:\/\/www.europesays.com\/es\/wp-content\/uploads\/2025\/12\/7YWNP764GBCTBKJVY77SWSKV3I.jpg\" loading=\"lazy\"\/>Refugios proporcionados por la Agencia de la ONU para los refugiados (Acnur) en Chad, en diciembre de 2025.Lola Hierro<\/p>\n<p class=\"\">Muchas v\u00edctimas relatan con detalle c\u00f3mo la violencia alcanz\u00f3 a sus familias. Suspendido por dos sogas que le rodeaban las mu\u00f1ecas, con los huesos de las manos rotos a martillazos, Aboulrazic Yousif Ibrahim, de 37 a\u00f1os, sinti\u00f3 que su vida terminaba all\u00ed mientras ve\u00eda morir a su hermano. Por sus uniformes e insignias entendi\u00f3 que los torturadores pertenec\u00edan a las RSF. \u201cSomos masalit y mi hermano era un l\u00edder de nuestra comunidad. Por eso le ejecutaron, al menos eso dijeron\u201d, cuenta Ibrahim sobre aquella emboscada en su casa durante <a href=\"https:\/\/elpais.com\/planeta-futuro\/2024-05-09\/las-evidencias-de-una-nueva-limpieza-etnica-en-sudan-se-ciernen-sobre-darfur.html\" target=\"_self\" rel=\"nofollow noopener\" title=\"https:\/\/elpais.com\/planeta-futuro\/2024-05-09\/las-evidencias-de-una-nueva-limpieza-etnica-en-sudan-se-ciernen-sobre-darfur.html\">el asedio de su ciudad, El Geneina<\/a>, a los pocos d\u00edas del estallido del conflicto. Ahora que han pasado dos a\u00f1os largos, Ibrahim rememora el momento m\u00e1s traum\u00e1tico de su vida desde el campo de Gaga, donde vive con lo que le queda de familia. <\/p>\n<p class=\"\">Abdourahim Adam Adoul, de 36 a\u00f1os, es un hombre alto y corpulento que viste con camisa, pantal\u00f3n de traje y reloj de oro. En su vida anterior en Sud\u00e1n trabajaba en una tienda de ropa. \u00c9l confirma el patr\u00f3n sistem\u00e1tico de la violencia y relata su calvario personal: \u201cDispararon un cohete a un grupo de 12 personas delante de mi familia y de m\u00ed, y murieron de golpe todas ellas, despedazadas\u201d. Su hija de seis a\u00f1os lo vio todo. \u201cDesde aquello sufre alg\u00fan tipo de trauma psicol\u00f3gico y adem\u00e1s tiene problemas de audici\u00f3n y de habla\u201d, lamenta.<\/p>\n<p class=\"\">El campo de refugiados de Gaga es uno de la docena que el Alto Comisionado de la ONU para los Refugiados (Acnur) gestiona en el este de Chad, con el apoyo del Gobierno de Idriss D\u00e9by. Chad, pa\u00eds tradicional de acogida, <a href=\"https:\/\/data.unhcr.org\/en\/situations\/sudansituation?SF_monthly=70141000001AZMDAA4\" target=\"_self\" rel=\"nofollow noopener\" title=\"https:\/\/data.unhcr.org\/en\/situations\/sudansituation?SF_monthly=70141000001AZMDAA4\">cuenta ahora con 895.000 refugiados sudaneses<\/a>, pero en 2003 hab\u00eda recibido a m\u00e1s de 100.000 procedentes de Darfur, convertida ya entonces en el escenario de un genocidio, seg\u00fan numerosos organismos y tribunales internacionales. Tras el levantamiento de los rebeldes del Movimiento de Liberaci\u00f3n de Sud\u00e1n (SLA) y del Movimiento Justicia e Igualdad (JEM), que denunciaban la marginaci\u00f3n de las comunidades africanas frente a la mayor\u00eda \u00e1rabe, el Gobierno sudan\u00e9s de aquella \u00e9poca, liderado por el exdictador Omar al Bashir, respald\u00f3 a las milicias yanyawid para atacar a la poblaci\u00f3n civil. En 2013, Al Bashir las formaliz\u00f3 bajo el nombre de Fuerzas de Apoyo R\u00e1pido, en lo que no supuso m\u00e1s que una transformaci\u00f3n en una fuerza estatal m\u00e1s organizada, aunque manteniendo su car\u00e1cter paramilitar y sus m\u00e9todos violentos. <\/p>\n<p class=\"\">Estas tropas cometieron asesinatos masivos, violaciones sistem\u00e1ticas y destrucci\u00f3n de aldeas, apuntando especialmente a los grupos \u00e9tnicos \u201cmasalit, fur y zaghawa\u201d, apunt\u00f3 el pasado 18 de diciembre el asesor especial de la ONU para la Prevenci\u00f3n del Genocidio, Chaloka Beyani. Tambi\u00e9n advirti\u00f3 de la \u201cprobabilidad previsible\u201d de un genocidio, pero precis\u00f3 que solo un \u00f3rgano competente podr\u00eda calificarlo como tal. <\/p>\n<p class=\"\">Seg\u00fan el Tribunal Penal Internacional, exist\u00edan indicios de que los ataques buscaban destruir total o parcialmente a estos grupos, cumpliendo los criterios de genocidio. Organismos de la ONU,<b> <\/b><a href=\"https:\/\/www.hrw.org\/report\/2024\/05\/09\/massalit-will-not-come-home\/ethnic-cleansing-and-crimes-against-humanity-el\" target=\"_self\" rel=\"nofollow noopener\" title=\"https:\/\/www.hrw.org\/report\/2024\/05\/09\/massalit-will-not-come-home\/ethnic-cleansing-and-crimes-against-humanity-el\">Human Rights Watch<\/a> y Amnist\u00eda Internacional apoyan estas conclusiones: entre 200.000 y 400.000 personas murieron y m\u00e1s de 2,5 millones fueron desplazadas, mientras miles de aldeas desaparecieron del mapa. <\/p>\n<blockquote class=\"a_q\">\n<p>Durante el camino de Adr\u00e9 dispararon a mis hijos, a los tres. A mi mujer le quitaron la ropa y le hicieron cosas horribles.<\/p>\n<p>Aboulrazic Yousif Ibrahim, refugiado sudan\u00e9s en Chad<\/p><\/blockquote>\n<p class=\"\">La violencia nunca par\u00f3 del todo en Darfur, pero en 2023, cuando el general Muhammad Hamdan Dagalo Hemedti, al frente de las RSF, y el comandante y jefe de las Fuerzas Armadas sudanesas, Abdelfat\u00e1 al Burhan, rompieron la alianza que hab\u00edan alcanzado dos a\u00f1os antes, <a href=\"https:\/\/elpais.com\/internacional\/2019\/04\/11\/actualidad\/1554966659_518048.html\" target=\"_self\" rel=\"nofollow noopener\" title=\"https:\/\/elpais.com\/internacional\/2019\/04\/11\/actualidad\/1554966659_518048.html\">tras derrocar juntos a Al Bashir<\/a>, y desencadenaron la guerra, la persecuci\u00f3n adquiri\u00f3 una nueva dimensi\u00f3n. <a href=\"https:\/\/elpais.com\/planeta-futuro\/2023-10-06\/chad-recibe-a-casi-medio-millon-de-sudaneses-que-huyen-de-la-guerra-estos-campos-no-estan-preparados-para-acoger-a-todos-los-refugiados.html\" target=\"_self\" rel=\"nofollow noopener\" title=\"https:\/\/elpais.com\/planeta-futuro\/2023-10-06\/chad-recibe-a-casi-medio-millon-de-sudaneses-que-huyen-de-la-guerra-estos-campos-no-estan-preparados-para-acoger-a-todos-los-refugiados.html\">Desde Darfur llegaron al menos 500.000 personas a Chad<\/a> escapando de toda clase de abusos. <\/p>\n<p class=\"\">Desde entonces, frecuentemente van saliendo a la luz nuevas matanzas. El pasado abril, <a href=\"https:\/\/elpais.com\/internacional\/2025-12-18\/los-paramilitares-mataron-en-tres-dias-de-abril-a-mas-de-un-millar-de-desplazados-en-sudan-319-de-ellos-ejecutados.html\" target=\"_self\" rel=\"nofollow noopener\" title=\"https:\/\/elpais.com\/internacional\/2025-12-18\/los-paramilitares-mataron-en-tres-dias-de-abril-a-mas-de-un-millar-de-desplazados-en-sudan-319-de-ellos-ejecutados.html\">m\u00e1s de un millar de civiles murieron<\/a> cuando las RSF tomaron el control de un campamento de desplazados, revel\u00f3 la semana pasada un informe de la Oficina de Derechos Humanos de la ONU. Al menos un tercio fueron ejecutados sumariamente.<\/p>\n<p class=\"\">En octubre de 2025, otra masacre, esta vez en El Fasher, volvi\u00f3 a colocar a Darfur en el punto de mira del mundo entero. Solo en una maternidad de la ciudad, 460 pacientes y sus acompa\u00f1antes fueron masacrados. Las im\u00e1genes satelitales mostraron <a href=\"https:\/\/elpais.com\/internacional\/2025-11-12\/relatos-sobre-la-masacre-de-el-fasher-se-pueden-ver-los-litros-de-sangre-que-han-manchado-la-tierra.html\" target=\"_self\" rel=\"nofollow noopener\" title=\"https:\/\/elpais.com\/internacional\/2025-11-12\/relatos-sobre-la-masacre-de-el-fasher-se-pueden-ver-los-litros-de-sangre-que-han-manchado-la-tierra.html\">las manchas dejadas por litros de sangre sobre la tierra<\/a>, indicios de fosas comunes y de pueblos destruidos durante esta nueva acometida de los yanyawid en una ciudad con 260.000 personas atrapadas en <a href=\"https:\/\/elpais.com\/internacional\/2025-10-27\/los-rebeldes-de-sudan-se-atribuyen-la-captura-de-la-ultima-gran-ciudad-de-darfur-fuera-de-su-control.html\" target=\"_self\" rel=\"nofollow noopener\" title=\"https:\/\/elpais.com\/internacional\/2025-10-27\/los-rebeldes-de-sudan-se-atribuyen-la-captura-de-la-ultima-gran-ciudad-de-darfur-fuera-de-su-control.html\">un asedio que dur\u00f3 m\u00e1s de 500 d\u00edas<\/a>, de acuerdo a los datos de Naciones Unidas. <a href=\"https:\/\/www.amnesty.org\/es\/latest\/news\/2025\/11\/sudan-el-fasher-survivors-tell-of-deliberate-rsf-killings-and-sexual-violence-new-testimony\/?utm_source=chatgpt.com\" target=\"_self\" rel=\"nofollow noopener\" title=\"https:\/\/www.amnesty.org\/es\/latest\/news\/2025\/11\/sudan-el-fasher-survivors-tell-of-deliberate-rsf-killings-and-sexual-violence-new-testimony\/?utm_source=chatgpt.com\">Amnist\u00eda Internacional ha denunciado<\/a> que las RSF han cometido violaciones masivas en esta ciudad, incluidos ataques por motivos \u00e9tnicos contra comunidades no \u00e1rabes, homicidios deliberados de civiles, violencia sexual contra mujeres y ni\u00f1as, y ha se\u00f1alado la necesidad de \u201cacci\u00f3n inmediata de la comunidad internacional y responsabilidad individual de los perpetradores\u201d.<\/p>\n<p><img decoding=\"auto\" class=\"_re lazyload a_m-h\" height=\"276\"  width=\"414\"  src=\"https:\/\/www.europesays.com\/es\/wp-content\/uploads\/2025\/12\/J2PKLWXGPFHUTBSLI3AL5GJJ3Y.jpg\" loading=\"lazy\"\/>Mujeres y ni\u00f1os reci\u00e9n llegados a Chad desde Sud\u00e1n. Al fondo, el arco que marca la frontera, en diciembre de 2025.Lola Hierro<\/p>\n<p class=\"\">A Ibrahim tambi\u00e9n le descerrajaron un tiro en cada muslo; todav\u00eda tiene una bala dentro del derecho y no duda en subirse un poco su pantal\u00f3n de la selecci\u00f3n de f\u00fatbol chadiana para mostrar las cicatrices. Y hubo m\u00e1s. \u201cDurante el camino hacia Chad, dispararon a tres de mis hijos en distintas partes: en el hombro, en la pierna\u2026 Ninguno muri\u00f3\u201d, dice con alivio mientras se se\u00f1ala esas zonas del cuerpo. Una evaluaci\u00f3n de Acnur el pasado verano indic\u00f3 que el 76% de los reci\u00e9n llegados hab\u00eda sido v\u00edctima de incidentes graves de protecci\u00f3n, como extorsi\u00f3n, robos y violencia sexual. \u201cLa mayor\u00eda llega a Chad sin nada; sin alimentos, dinero ni documentaci\u00f3n\u201d, indic\u00f3 la agencia en un comunicado.<\/p>\n<p>Una amenaza que persiste<\/p>\n<p class=\"\">En los campos de refugiados, la violencia y el trauma persisten. Los supervivientes, que llegan con lo puesto y no cuentan con ning\u00fan medio de subsistencia en Chad se ven obligados a depender de una ayuda humanitaria escasa e irregular debido, principalmente, a los fuertes recortes que ha sufrido el sector en el \u00faltimo a\u00f1o. A diciembre de 2025, solo en torno al 17% del plan humanitario para Chad ha sido financiado, <a href=\"https:\/\/www.care.org\/media-and-press\/crisis-in-eastern-chad-funding-cuts-cholera-outbreak-undermine-refugee-response\/\" target=\"_self\" rel=\"nofollow noopener\" title=\"https:\/\/www.care.org\/media-and-press\/crisis-in-eastern-chad-funding-cuts-cholera-outbreak-undermine-refugee-response\/\">seg\u00fan CARE<\/a>. Mientras, la respuesta humanitaria alcanz\u00f3 <a href=\"https:\/\/humanitarianaction.info\/document\/global-humanitarian-overview-2026\/article\/chad-4\" target=\"_self\" rel=\"nofollow noopener\" title=\"https:\/\/humanitarianaction.info\/document\/global-humanitarian-overview-2026\/article\/chad-4\">alrededor de 1,3 millones de personas<\/a>, el 23% de la poblaci\u00f3n que necesitaba ayuda, seg\u00fan Humanitarian Action. <\/p>\n<blockquote class=\"a_q\">\n<p><b>De 13 personas, solo siete llegaron.<\/b><\/p>\n<p>Abdourahim Adam Adoul, l\u00edder comunitario<\/p><\/blockquote>\n<p class=\"\"> \u201cCuando cruzan la frontera, no tienen nada\u201d, explica Beno\u00eet Kabenye, jefe de la oficina de Acnur en Adr\u00e9. En la frontera, un d\u00eda de diciembre a primera hora de la ma\u00f1ana, ya hay un nutrido trasiego de hombres, mujeres y ni\u00f1os que llegan a Chad a pie, o subidos a un carro, cubiertos de polvo y con el cansancio dibujado en sus rostros. Lejos de encontrar una c\u00e1lida bienvenida, se dan de bruces con una realidad en la que hasta lo m\u00e1s esencial escasea. Esa llegada en condiciones extremas obliga a las organizaciones humanitarias a priorizar \u00fanicamente la supervivencia inmediata: agua, atenci\u00f3n sanitaria b\u00e1sica, letrinas y distribuci\u00f3n de alimentos de emergencia. El refugio, insuficiente, es uno de los principales problemas, especialmente para familias con ni\u00f1os que pasan las noches al raso, y m\u00e1s en estas fechas, que empiezan a bajar las temperaturas. <\/p>\n<p class=\"\">Adem\u00e1s, la huida no termina necesariamente al pisar suelo chadiano. Entre los refugiados, especialmente de la comunidad masalit, se registran amenazas directas incluso despu\u00e9s de haber escapado de Sud\u00e1n, atestigua Mekela Laotol, responsable de Protecci\u00f3n de Acnur en Adr\u00e9. \u201cHay personas que siguen recibiendo llamadas y mensajes an\u00f3nimos de amenaza\u201d, explica. Utilizando n\u00fameros de tel\u00e9fono sudaneses y aplicaciones como WhatsApp, los intimidadores recuerdan a los desplazados que conocen su identidad y su historia, prolongando el miedo m\u00e1s all\u00e1 de la frontera.<\/p>\n<p><img decoding=\"auto\" class=\"_re lazyload a_m-h\" height=\"276\"  width=\"414\"  src=\"https:\/\/www.europesays.com\/es\/wp-content\/uploads\/2025\/12\/XXJGL2JRFFBP5E4AOFS4475QPY.jpg\" loading=\"lazy\"\/>Koltouma Arbab Hamed, refugiada masalit de 28 a\u00f1os, con uno de sus hijos en brazos.Lola Hierro<\/p>\n<p class=\"\">Los testimonios describen un proceso de huida marcado por el miedo constante, la separaci\u00f3n familiar y la p\u00e9rdida de seres queridos. Los entrevistados aluden a robos y agresiones por el camino que frecuentemente acaban en asesinatos a sangre fr\u00eda. \u201cNo he vuelto a saber de dos de los hijos que a\u00fan me quedan vivos desde que nos fuimos de El Fasher\u201d, asegura Ashaa Abdalla. Adam Adoul explica que durante su huida vio c\u00f3mo varios veh\u00edculos civiles fueron emboscados en el camino. En uno de ellos, murieron o desaparecieron varias personas. \u201cDe 13 personas, solo siete llegaron\u201d, afirma. <\/p>\n<p class=\"\">En este contexto, las mujeres y ni\u00f1os, que suponen alrededor del 87% de los sudaneses desplazados a Chad, son especialmente vulnerables. Los menores son atacados directamente y sufren trauma psicol\u00f3gico, mutilaciones y heridas que pueden quedar permanentes. <a href=\"https:\/\/elpais.com\/planeta-futuro\/2024-08-26\/los-paramilitares-de-sudan-siembran-el-terror-con-la-violencia-sexual-contra-las-mujeres.html\" target=\"_self\" rel=\"nofollow noopener\" title=\"https:\/\/elpais.com\/planeta-futuro\/2024-08-26\/los-paramilitares-de-sudan-siembran-el-terror-con-la-violencia-sexual-contra-las-mujeres.html\">Las mujeres sufren violencia<\/a> cuando van a buscar agua o le\u00f1a, son secuestradas, abusadas o asesinadas.<\/p>\n<blockquote class=\"a_q\">\n<p>Se llevaban a las mujeres, las reten\u00edan seis o siete d\u00edas y luego las abandonaban. <\/p>\n<p>Koltouma Arbab Hamed, refugiada sudanesa en Chad<\/p><\/blockquote>\n<p class=\"\">Pero de la violencia sexual no se habla. Al menos no en primera persona. \u201cA mi mujer le quitaron la ropa y le hicieron cosas horribles. Ella no me ha contado que la violaran, pero yo s\u00e9 que lo hicieron. Cuando le han preguntado las ONG, llor\u00f3 much\u00edsimo, pero no quiso hablar del tema\u201d, refiere Ibrahim. <\/p>\n<p class=\"\">Koltouma recuerda esa violencia dirigida a mujeres y ni\u00f1os: \u201cLos combatientes se llevaban a las mujeres a sus casas; algunas fueron violadas y otras golpeadas. Se las llevaban durante seis o siete d\u00edas y luego las abandonaban. Si ten\u00edas un hijo var\u00f3n, lo mataban. Algunas fueron secuestradas, violadas o asesinadas\u201d, asegura, reviviendo el miedo en sus ojos y apretando a su beb\u00e9 contra el pecho.<\/p>\n","protected":false},"excerpt":{"rendered":"A Ashaa Abdalla Tourshin se le nota en la voz el duelo. Y en la mirada perdida de&hellip;\n","protected":false},"author":2,"featured_media":310989,"comment_status":"","ping_status":"","sticky":false,"template":"","format":"standard","meta":{"footnotes":""},"categories":[42],"tags":[64779,17,18,72363,13,14,79,69,3618,11,61,62,63,64,19,20,73174,73175,9,10,15,16,3941,20583,16262,12,2579,21,22,432,65,66,67,10024],"class_list":{"0":"post-310988","1":"post","2":"type-post","3":"status-publish","4":"format-standard","5":"has-post-thumbnail","7":"category-internacional","8":"tag-africa-subsahariana","9":"tag-breaking-news","10":"tag-breakingnews","11":"tag-chad","12":"tag-featured-news","13":"tag-featurednews","14":"tag-genocidio","15":"tag-guerra","16":"tag-guerra-civil","17":"tag-headlines","18":"tag-internacional","19":"tag-international","20":"tag-international-news","21":"tag-internationalnews","22":"tag-latest-news","23":"tag-latestnews","24":"tag-minorias-etnicas","25":"tag-minorias-raciales","26":"tag-news","27":"tag-noticias","28":"tag-noticias-destacadas","29":"tag-noticiasdestacadas","30":"tag-racismo","31":"tag-refugiados","32":"tag-sudan","33":"tag-titulares","34":"tag-tortura","35":"tag-ultimas-noticias","36":"tag-ultimasnoticias","37":"tag-violencia","38":"tag-world","39":"tag-world-news","40":"tag-worldnews","41":"tag-xenofobia"},"share_on_mastodon":{"url":"","error":"Validation failed: Text character limit of 500 exceeded"},"_links":{"self":[{"href":"https:\/\/www.europesays.com\/es\/wp-json\/wp\/v2\/posts\/310988","targetHints":{"allow":["GET"]}}],"collection":[{"href":"https:\/\/www.europesays.com\/es\/wp-json\/wp\/v2\/posts"}],"about":[{"href":"https:\/\/www.europesays.com\/es\/wp-json\/wp\/v2\/types\/post"}],"author":[{"embeddable":true,"href":"https:\/\/www.europesays.com\/es\/wp-json\/wp\/v2\/users\/2"}],"replies":[{"embeddable":true,"href":"https:\/\/www.europesays.com\/es\/wp-json\/wp\/v2\/comments?post=310988"}],"version-history":[{"count":0,"href":"https:\/\/www.europesays.com\/es\/wp-json\/wp\/v2\/posts\/310988\/revisions"}],"wp:featuredmedia":[{"embeddable":true,"href":"https:\/\/www.europesays.com\/es\/wp-json\/wp\/v2\/media\/310989"}],"wp:attachment":[{"href":"https:\/\/www.europesays.com\/es\/wp-json\/wp\/v2\/media?parent=310988"}],"wp:term":[{"taxonomy":"category","embeddable":true,"href":"https:\/\/www.europesays.com\/es\/wp-json\/wp\/v2\/categories?post=310988"},{"taxonomy":"post_tag","embeddable":true,"href":"https:\/\/www.europesays.com\/es\/wp-json\/wp\/v2\/tags?post=310988"}],"curies":[{"name":"wp","href":"https:\/\/api.w.org\/{rel}","templated":true}]}}