{"id":310996,"date":"2025-12-28T05:19:13","date_gmt":"2025-12-28T05:19:13","guid":{"rendered":"https:\/\/www.europesays.com\/es\/310996\/"},"modified":"2025-12-28T05:19:13","modified_gmt":"2025-12-28T05:19:13","slug":"la-navidad-es-para-abrir-el-corazon-no-comprar","status":"publish","type":"post","link":"https:\/\/www.europesays.com\/es\/310996\/","title":{"rendered":"\u00abLa Navidad es para abrir el coraz\u00f3n, no comprar\u00bb"},"content":{"rendered":"<p>Frente a las agridulces rupturas de otros grupos,<a title=\" Marilia \" href=\"https:\/\/www.larazon.es\/gente\/famosos\/tierra-tragame-pero-despacio-prisas-marilia-susto-peculiar-outfit_2025081868a2a55c5331f214bde49e98.html\" target=\"_blank\" rel=\"nofollow noopener\"> Marilia <\/a>(Cuenca, 1974) presume de seguir siendo \u00abla de Ella Baila Sola\u00bb. Un d\u00fao, a la saz\u00f3n con su amiga del colegio San Agust\u00edn, Marta Bot\u00eda, que se catapult\u00f3 en fen\u00f3meno con solo tres discos a finales de los 90. As\u00ed lo reconoce cuando charlamos, casi a punto de sentarse a la mesa con sus padres en Nochebuena, tras haber actuado en una velada solidaria en Starlite Madrid. Hace unos d\u00edas, homenaje\u00f3 a la gran Celia Cruz en Casa de Am\u00e9rica. Dos citas con las que la cantante y compositora sigue celebrando su vocaci\u00f3n de ni\u00f1a y honrando sus \u00e9xitos, antes y despu\u00e9s de Ella Baila Sola, de cuya separaci\u00f3n hace m\u00e1s de dos d\u00e9cadas: <b>\u00abEstamos aqu\u00ed para aprender a bailar la vida. Un baile con la incertidumbre. A veces pasan cosas que no entiendes, pero hay que tener fe en el camino\u00bb. <\/b>El suyo pasa ahora por otra gira con nuevo disco, la filantrop\u00eda como motor y una pasi\u00f3n m\u00e1s desconocida: la que tiene siente por el trabajo del paleont\u00f3logo Juan Luis Arsuaga y los yacimientos de Atapuerca, en la provincia de Burgos.<\/p>\n<p><b>Marilia, \u00bfqu\u00e9 le ense\u00f1\u00f3 el \u00e9xito cuando estaba en Ella baila sola y qu\u00e9 ha aprendido despu\u00e9s?<\/b><\/p>\n<p>He aprendido que ser\u00e9 Marilia de Ella Baila Sola siempre y Marta tambi\u00e9n. Porque hay algo que hicimos y la gente sigue escuchando. De esa \u00e9poca aprend\u00ed que cuando las cosas van bien surfear es muy divertido, me dej\u00f3 regalos y tambi\u00e9n cosas que no me gustan de la industria. Que vende canciones como el que vende corchos. T\u00fa tienes 20 a\u00f1os y no conoces el mundo, aunque ese aprendizaje es oro. Fue un regalo compartirlo con tanta gente. A d\u00eda de hoy, cuando alguien me reconoce, me sigue sorprendiendo. Sigo pensando que hay p\u00fablico para las canciones que cuentan cosas.<\/p>\n<p><b>La Oreja de Van Gogh o Andy y Lucas son separaciones musicales m\u00e1s recientes y algo tempestuosas. \u00bfPor qu\u00e9 la suya fue un b\u00e1lsamo?<\/b><\/p>\n<p>La separaci\u00f3n fue en 2001 pero no es real porque, como te he dicho, siempre voy a ser Marilia, de Ella Baila Sola. Sigo tocando esas canciones y honr\u00e1ndolas. Es cierto que en esa \u00e9poca hicimos tres discos y con veintipocos a\u00f1os hab\u00edamos llegado al final de un ciclo creativo. Pero nuestras canciones siguen vivas. Una ruptura conmigo misma no la quiero hacer y estoy s\u00faper agradecida a esa etapa.<\/p>\n<p><b>Hubo un tiempo en que las compa\u00f1\u00edas cre\u00edan que las mujeres no llenaban conciertos. Hoy, Aitana o Rosal\u00eda arrasan. \u00bfHemos cambiado nosotras o la industria?<\/b><\/p>\n<p>Esto es fruto del avance de todos. Aitana y Rosal\u00eda son personas con mucho talento, aunque queda mucho camino por recorrer para que se normalice m\u00e1s. Ellas ha seguido una senda que hab\u00edan abierto Mari Trini, Cecilia o Vainica Doble. Pero hay muchas voces femeninas que no se est\u00e1n escuchando.<\/p>\n<p><b>Tras su \u00faltimo disco, \u00abBailar conmigo\u00bb, ha estado de gira por Espa\u00f1a y tambi\u00e9n en Chile, \u00bfqu\u00e9 horizonte espera en 2026?<\/b><\/p>\n<p>Esta gira promete, habr\u00e1 viaje a Latinoam\u00e9rica y tambi\u00e9n a \u00c1frica. El 26 de marzo estar\u00e9 en la sala Galileo, con amigos e ir\u00e9 desvelando m\u00e1s fechas.<\/p>\n<p><img decoding=\"async\" loading=\"lazy\" src=\"https:\/\/www.europesays.com\/es\/wp-content\/uploads\/2025\/12\/cantante-marilia-fiesta-resurreccion-plaza-cibeles_58.jpg\" alt=\"La cantante Marilia en la Fiesta de la Resurrecci\u00f3n en la Plaza de Cibeles. \" width=\"4500\" height=\"3000\"\/><b>La cantante Marilia en la Fiesta de la Resurrecci\u00f3n en la Plaza de Cibeles. <\/b> Jes\u00fas G. FeriaLa Raz\u00f3n<\/p>\n<p><b>Estos d\u00edas, Leiva protagoniza un documental en Movistar Plus+ donde relata los problemas que tiene desde hace a\u00f1os con sus cuerdas vocales. \u00bfQu\u00e9 har\u00eda usted si no pudiera cantar?<\/b><\/p>\n<p>No tengo un plan B , pero ten\u00eda que ser algo creativo. No s\u00e9 que dolencia ser\u00e1 la que tiene Leiva pero s\u00ed que los retos vienen para conocerse a uno mismo, para poner en valor lo que hace y hay una parte muy de luchador, parece todo muy sencillo pero la corriente no siempre va a favor.<\/p>\n<p><b>\u00bfSigue buscando amores donde \u00abbaila un gusano en la tripa\u00bb, como en su c\u00e9lebre tema \u00abLo echamos a suertes\u00bb, o prefiere amores tranquilos?<\/b><\/p>\n<p>Ay, siento que esa emoci\u00f3n se va moviendo de lugar. Con 20 a\u00f1os valoras unas cosas y ahora otras pero esa emoci\u00f3n est\u00e1 m\u00e1s honda y lo aprecias m\u00e1s. Siempre est\u00e1 el gusano en la tripa, en el amor o en los conciertos. Pero lo vivimos de manera m\u00e1s serena. Son canciones bien producidas y grabadas y me alegro que me conozcan por esas historias. Se nos caen los a\u00f1os al cantarlas.<\/p>\n<p><b>H\u00e1blenos de su conexi\u00f3n con Atapuerca\u2026<\/b><\/p>\n<p>Soy una enamorada de Atapuerca. Estuve una \u00e9poca matriculada en Historia y uno de los temas que m\u00e1s me interesaba era la Prehistoria. Por entonces quer\u00eda ir a buscar f\u00f3siles. He hecho muchas visitas, he escuchado mucho al paleont\u00f3logo Juan Luis Arsuaga y me he enamorado de la pasi\u00f3n con la que vive buscar las respuestas, lleno de humildad y curiosidad. Compuse \u00abUna cueva en el invierno\u00bb, se la envi\u00e9 a Juan Luis y este disco se estren\u00f3 en el Museo de la Evoluci\u00f3n de Burgos. En Madrid, lo present\u00e9 en el Museo Nacional de Antropolog\u00eda. Hablar con Arsuaga es una maravilla. De \u00e9l he aprendido que somos m\u00e1s humanos de lo que podemos pensar. Mira, hay un cr\u00e1neo f\u00f3sil al que bautizaron como Miguel\u00f3n, que ten\u00eda una dolencia y sobrevivi\u00f3 porque otros le ayudaron. Significa que existe humanidad desde hace m\u00e1s de lo que pensamos y me emocion\u00f3 descubrirlo.<\/p>\n<p><b>Hablando de emociones, \u00bfqu\u00e9 costumbre navide\u00f1a cumple y de cu\u00e1l reniega?<\/b><\/p>\n<p>Tenemos una tradici\u00f3n alemana, porque mi familia tiene parte alemana y otra portuguesa, y es que el 24 de diciembre viene el \u00e1rbol y los regalos que nos los deja el Ni\u00f1o Jes\u00fas. La que no cumplo es ser materialista, creo que la Navidad es para abrir el coraz\u00f3n, no para comprar.<\/p>\n","protected":false},"excerpt":{"rendered":"Frente a las agridulces rupturas de otros grupos, Marilia (Cuenca, 1974) presume de seguir siendo \u00abla de Ella&hellip;\n","protected":false},"author":2,"featured_media":310997,"comment_status":"","ping_status":"","sticky":false,"template":"","format":"standard","meta":{"footnotes":""},"categories":[174],"tags":[255,146,147,25,24,256,23],"class_list":{"0":"post-310996","1":"post","2":"type-post","3":"status-publish","4":"format-standard","5":"has-post-thumbnail","7":"category-famosos","8":"tag-celebrities","9":"tag-entertainment","10":"tag-entretenimiento","11":"tag-es","12":"tag-espana","13":"tag-famosos","14":"tag-spain"},"share_on_mastodon":{"url":"https:\/\/pubeurope.com\/@es\/115795510505307330","error":""},"_links":{"self":[{"href":"https:\/\/www.europesays.com\/es\/wp-json\/wp\/v2\/posts\/310996","targetHints":{"allow":["GET"]}}],"collection":[{"href":"https:\/\/www.europesays.com\/es\/wp-json\/wp\/v2\/posts"}],"about":[{"href":"https:\/\/www.europesays.com\/es\/wp-json\/wp\/v2\/types\/post"}],"author":[{"embeddable":true,"href":"https:\/\/www.europesays.com\/es\/wp-json\/wp\/v2\/users\/2"}],"replies":[{"embeddable":true,"href":"https:\/\/www.europesays.com\/es\/wp-json\/wp\/v2\/comments?post=310996"}],"version-history":[{"count":0,"href":"https:\/\/www.europesays.com\/es\/wp-json\/wp\/v2\/posts\/310996\/revisions"}],"wp:featuredmedia":[{"embeddable":true,"href":"https:\/\/www.europesays.com\/es\/wp-json\/wp\/v2\/media\/310997"}],"wp:attachment":[{"href":"https:\/\/www.europesays.com\/es\/wp-json\/wp\/v2\/media?parent=310996"}],"wp:term":[{"taxonomy":"category","embeddable":true,"href":"https:\/\/www.europesays.com\/es\/wp-json\/wp\/v2\/categories?post=310996"},{"taxonomy":"post_tag","embeddable":true,"href":"https:\/\/www.europesays.com\/es\/wp-json\/wp\/v2\/tags?post=310996"}],"curies":[{"name":"wp","href":"https:\/\/api.w.org\/{rel}","templated":true}]}}