{"id":311004,"date":"2025-12-28T05:27:13","date_gmt":"2025-12-28T05:27:13","guid":{"rendered":"https:\/\/www.europesays.com\/es\/311004\/"},"modified":"2025-12-28T05:27:13","modified_gmt":"2025-12-28T05:27:13","slug":"sydney-sweeney-la-actriz-a-quien-alaba-trump-las-mujeres-se-enfrentan-a-lo-que-la-sociedad-quiere-que-sean-cine-estrenos-y-criticas","status":"publish","type":"post","link":"https:\/\/www.europesays.com\/es\/311004\/","title":{"rendered":"Sydney Sweeney, la actriz a quien alaba Trump: \u201cLas mujeres se enfrentan a lo que la sociedad quiere que sean\u201d | Cine: estrenos y cr\u00edticas"},"content":{"rendered":"<p class=\"\">Suena a t\u00f3pico, pero es cierto: la actriz estadounidense Sydney Sweeney gana en las distancias cortas. En las medias, las conferencias de prensa en las que est\u00e1 rodeada de periodistas que le preguntan sobre su vida, su carrera, sus entrenamientos, sus elecciones estil\u00edsticas, parece que le cuesta pronunciar m\u00e1s de dos frases seguidas. Como si temiera que alguna de sus palabras se malinterprete, se filtre y se haga viral. De eso sabe un rato. Pero en un brindis o en un selfi, Sweeney, la int\u00e9rprete de Spokane (Washington) de 28 a\u00f1os, r\u00ede, charla y se presta m\u00e1s a la sonrisa.<\/p>\n<p>M\u00e1s informaci\u00f3n<\/p>\n<p class=\"\">En el \u00faltimo lustro, Sweeney se ha convertido en uno de los nombres y rostros m\u00e1s conocidos de la peque\u00f1a y gran pantalla, tambi\u00e9n de las redes. Este verano hizo una campa\u00f1a de pantalones vaqueros que trajo cola: <a href=\"https:\/\/elpais.com\/gente\/2025-07-31\/el-caso-de-sydney-sweeney-o-como-ser-siempre-la-diana-de-las-criticas-ahora-por-un-anuncio-que-tachan-de-apologia-nazi.html\" target=\"_blank\" rel=\"noreferrer nofollow noopener\" title=\"https:\/\/elpais.com\/gente\/2025-07-31\/el-caso-de-sydney-sweeney-o-como-ser-siempre-la-diana-de-las-criticas-ahora-por-un-anuncio-que-tachan-de-apologia-nazi.html\">\u00bfel anuncio dec\u00eda que Sweeney tiene \u201cbuenos jeans\u201d o \u201cbuenos genes\u201d?<\/a> Viralidad, machismo, supremacismo, liberalismo, conservadurismo&#8230; <a href=\"https:\/\/elpais.com\/chile\/2025-08-20\/los-genes-de-sydney-sweeney.html\" target=\"_blank\" rel=\"noreferrer nofollow noopener\" title=\"https:\/\/elpais.com\/chile\/2025-08-20\/los-genes-de-sydney-sweeney.html\">todo entr\u00f3 en esa coctelera<\/a> que puso a Sweeney en el centro de la pol\u00e9mica. Pero ella lleva a\u00f1os en boca de todos tambi\u00e9n por sus papeles y por sus <a href=\"https:\/\/elpais.com\/smoda\/famosos\/2025-08-28\/el-mal-verano-de-sydney-sweeney-su-temporada-mas-controvertida-contada-a-traves-de-sus-looks.html\" target=\"_blank\" rel=\"noreferrer nofollow noopener\" title=\"https:\/\/elpais.com\/smoda\/famosos\/2025-08-28\/el-mal-verano-de-sydney-sweeney-su-temporada-mas-controvertida-contada-a-traves-de-sus-looks.html\">espectaculares apariciones de alfombra roja<\/a>. \u201cSimplemente, me visto con lo que estoy c\u00f3moda y me hace sentir segura\u201d, despacha r\u00e1pidamente, al ser preguntada por c\u00f3mo elige sus looks.<\/p>\n<p class=\"\">Sweeney trata de dejar las controversias al margen y centrarse en su trabajo. Este a\u00f1o ha estrenado las pel\u00edculas Ed\u00e9n (dirigida por Ron Howard y junto a Jude Law y<a href=\"https:\/\/elpais.com\/smoda\/famosos\/2024-01-28\/australia-tambien-se-rinde-a-ana-de-armas-la-actriz-amadrina-la-final-de-su-abierto-de-tenis.html\" target=\"_blank\" rel=\"noreferrer nofollow noopener\" title=\"https:\/\/elpais.com\/smoda\/famosos\/2024-01-28\/australia-tambien-se-rinde-a-ana-de-armas-la-actriz-amadrina-la-final-de-su-abierto-de-tenis.html\"> Ana de Armas<\/a>), Echo Valley (junto a Julianne Moore) y <a href=\"https:\/\/elpais.com\/icon\/2025-11-26\/barata-difamatoria-y-repugnante-los-10-biopics-cinematograficos-que-enfurecieron-a-sus-personajes-reales.html\" target=\"_blank\" rel=\"noreferrer nofollow noopener\" title=\"https:\/\/elpais.com\/icon\/2025-11-26\/barata-difamatoria-y-repugnante-los-10-biopics-cinematograficos-que-enfurecieron-a-sus-personajes-reales.html\">el biopic Christy<\/a>, su proyecto m\u00e1s intenso y cuidado, y por el que charla en esta entrevista, pese a su batacazo en la recaudaci\u00f3n en taquilla y sin estreno previsto en Espa\u00f1a. Adem\u00e1s, el 1 de enero s\u00ed estrena en Espa\u00f1a La asistenta, junto a Amanda Seyfried, thriller de suspense basado en <a href=\"https:\/\/elpais.com\/escaparate\/estilo-de-vida\/2025-07-17\/la-asistenta-libro.html\" target=\"_blank\" rel=\"noreferrer nofollow noopener\" title=\"https:\/\/elpais.com\/escaparate\/estilo-de-vida\/2025-07-17\/la-asistenta-libro.html\">la exitosa novela de Frieda McFradden<\/a>. En primavera volver\u00e1 a meterse en la piel de Cassie para <a href=\"https:\/\/elpais.com\/cultura\/2025-02-14\/euphoria-anuncia-su-esperada-tercera-temporada-con-rosalia-como-una-de-las-protagonistas.html\" target=\"_blank\" rel=\"noreferrer nofollow noopener\" title=\"https:\/\/elpais.com\/cultura\/2025-02-14\/euphoria-anuncia-su-esperada-tercera-temporada-con-rosalia-como-una-de-las-protagonistas.html\">la ansiada tercera temporada de Euphoria<\/a>, la serie que la lanz\u00f3 a la fama y que regresa a HBO con ocho nuevos cap\u00edtulos. <\/p>\n<p class=\"\">Mientras tanto, en apenas unos meses, ha sumado y vuelto a restar 16 kilos a su cuerpo. Y ha regresado al ring, porque ten\u00eda que interpretar a Christy Martin, la boxeadora de 57 a\u00f1os a la que da vida en la pel\u00edcula. \u201cElla es una persona real, as\u00ed que lo m\u00e1s importante era que la historia resultara verdadera y fuera respetuosa. Todo lo que se ve en la pel\u00edcula le ocurri\u00f3 en la vida real a Christy. Ten\u00edamos que pensar bien las cosas y ponerle mucho amor a todo\u201d, reconoce.<\/p>\n<p class=\"\">Construir una historia sobre un personaje real a quien admira le ha servido a Sweeney para intentar sacudirse las pol\u00e9micas que arrastra. Hace unos meses aseguraba en <a href=\"https:\/\/www.vanityfair.com\/hollywood\/story\/sydney-sweeney-2025-hollywood-portfolio-interview\" target=\"_blank\" rel=\"noreferrer nofollow noopener\" title=\"https:\/\/www.vanityfair.com\/hollywood\/story\/sydney-sweeney-2025-hollywood-portfolio-interview\">Vanity Fair<\/a> que le resultaba \u201cdescorazonador ver a mujeres destrozar a otras mujeres m\u00e1s j\u00f3venes\u201d, y aunque en la industria del cine la gente dice que \u201clas mujeres empoderan a otras mujeres\u201d, ella no lo sent\u00eda as\u00ed. \u201cTodo es falso, una fachada para toda la dem\u00e1s mierda que dicen por detr\u00e1s\u201d, afirm\u00f3, en unas declaraciones que levantaron ampollas. En persona, aclara: \u201cLas mujeres se enfrentan a lo que la sociedad quiere que sean\u201d.<\/p>\n<p><img decoding=\"auto\" class=\"_re lazyload a_m-h\" height=\"276\"  width=\"414\"  src=\"https:\/\/www.europesays.com\/es\/wp-content\/uploads\/2025\/12\/MVOEYQAJPFARTECKZBGIWLOCIM.jpg\" loading=\"lazy\"\/>Amanda Seyfried y Sydney Sweeney, en el estreno en Nueva York de &#8216;La asistenta&#8217;.Steve Eichner (Variety v\u00eda Getty Images)<\/p>\n<p class=\"\">La actriz se ha convertido en una especie de referente antiwoke, contra la correcci\u00f3n pol\u00edtica. Hace unos meses sali\u00f3 a la luz que, al parecer, estaba registrada como republicana en Florida; Donald Trump no tard\u00f3 en alabarla. Esto volvi\u00f3 a colocarla en el punto de mira. Tambi\u00e9n su nueva relaci\u00f3n sentimental con Scooter Braun, a quien conoci\u00f3 en la boda de Jeff Bezos en Venecia, <a href=\"https:\/\/elpais.com\/gente\/2025-05-15\/una-auditoria-afirma-que-justin-bieber-le-debe-nueve-millones-de-dolares-a-su-manager-que-ademas-le-presto-24-para-pagar-deudas.html\" target=\"_blank\" rel=\"noreferrer nofollow noopener\" title=\"https:\/\/elpais.com\/gente\/2025-05-15\/una-auditoria-afirma-que-justin-bieber-le-debe-nueve-millones-de-dolares-a-su-manager-que-ademas-le-presto-24-para-pagar-deudas.html\">descubridor (y ahora enfrentado) a Justin Bieber<\/a>, <a href=\"https:\/\/elpais.com\/gente\/2023-08-26\/la-caida-en-desgracia-de-scooter-braun-el-manager-que-hizo-de-taylor-swift-un-ave-fenix-se-queda-sin-artistas.html\" target=\"_blank\" rel=\"noreferrer nofollow noopener\" title=\"https:\/\/elpais.com\/gente\/2023-08-26\/la-caida-en-desgracia-de-scooter-braun-el-manager-que-hizo-de-taylor-swift-un-ave-fenix-se-queda-sin-artistas.html\">exagente de Demi Lovato y Ariana Grande <\/a>y quien se hizo<a href=\"https:\/\/elpais.com\/elpais\/2019\/07\/01\/gente\/1561970888_654434.html\" target=\"_blank\" rel=\"noreferrer nofollow noopener\" title=\"https:\/\/elpais.com\/elpais\/2019\/07\/01\/gente\/1561970888_654434.html\"> hace a\u00f1os con los derechos de los primeros discos de Taylor Swift <\/a>sin que esta tuviera opci\u00f3n a comprarlos y, por tanto, archienemigo de la causa swiftie. La uni\u00f3n Sydney-Scooter ha sido la puntilla para la delicada posici\u00f3n de la actriz en una industria que lleva la correcci\u00f3n pol\u00edtica por bandera.<\/p>\n<p class=\"\">Pero Sweeney sigue a lo suyo. En la charla mezcla su vida personal con la profesional, aunque marcando l\u00edmites. Sweeney creci\u00f3 en el Estado de Washington haciendo kickboxing y grappling, un tipo de lucha de contacto, desde los 12 a\u00f1os y hasta los 19. \u201cFui a torneos, gan\u00e9 campeonatos\u201d, relata. \u201cLa pel\u00edcula me permiti\u00f3 recuperar esa parte de mi infancia. Me sent\u00ed viva, fue fant\u00e1stico\u201d, reconoce. Para prepararse, decidi\u00f3 marcharse a Idaho, donde tiene una casa junto a la de su abuela, y convertir los garajes y cobertizos en gimnasios. \u201cMe levantaba, hac\u00eda una hora de entrenamiento con pesas, com\u00eda mucho, batidos de prote\u00ednas como nadie, y luego sal\u00eda a esquiar con mi t\u00edo. Volv\u00eda y boxeaba durante tres horas con mi entrenador, Max, ve\u00edamos v\u00eddeos de Christy y de combates, pas\u00e1bamos tiempo con mi familia y por la noche hac\u00eda otra hora de entrenamiento\u201d. Sencillo, intenso, sacrificado y efectivo. <\/p>\n<p><img decoding=\"auto\" class=\"_re lazyload a_m-h\" height=\"234\"  width=\"414\"  src=\"https:\/\/www.europesays.com\/es\/wp-content\/uploads\/2025\/12\/YD2PYCW45JBU5DKCBGH5ZJGFTU.webp\" loading=\"lazy\"\/>Sydney Sweeney, en &#8216;Christy&#8217;.<\/p>\n<p class=\"\">\u201cLo mejor de ser actor es que no tienes que hacer lo mismo una, y otra, y otra vez. Puedo enamorarme de distintos g\u00e9neros y personajes y buscar nuevos retos\u201d, afirma. Por eso tambi\u00e9n se mete en la producci\u00f3n o qui\u00e9n sabe si pr\u00f3ximamente en la direcci\u00f3n. \u201cNo creo que puedas crecer o aprender a menos que te retes a ti misma\u201d, explica, sentada en su casa de Hollywood. Su hogar perteneci\u00f3 al director Delmer Daves. \u201cDejaron todas sus cosas, as\u00ed que tengo un mont\u00f3n de fotos firmadas de Clark Gable y Marilyn Monroe, y tengo guiones, y toda la casa est\u00e1 llena hasta los topes de su trabajo. Es muy antigua y bonita, pero los enchufes no funcionan siempre, la electricidad no va y mi internet se cae cada cinco minutos\u201d, se excusa.<\/p>\n<p class=\"\">Adem\u00e1s de Euphoria, para 2026 tiene otros cuatro t\u00edtulos en preparaci\u00f3n; y todas las apuestas se\u00f1alan que estar\u00e1 <a href=\"https:\/\/elpais.com\/gente\/2025-08-05\/el-hype-viste-de-prada-una-pelicula-viral-antes-de-su-estreno-gracias-a-la-nostalgia.html\" target=\"_blank\" rel=\"noreferrer nofollow noopener\" title=\"https:\/\/elpais.com\/gente\/2025-08-05\/el-hype-viste-de-prada-una-pelicula-viral-antes-de-su-estreno-gracias-a-la-nostalgia.html\">en la segunda parte de El diablo viste de Prada<\/a>, y tambi\u00e9n que interpretar\u00e1 a Kim Novak en Scandalous, el debut en la direcci\u00f3n <a href=\"https:\/\/elpais.com\/gente\/2025-02-16\/colman-domingo-el-actor-de-vida-normal-que-se-convirtio-en-extraordinaria-en-la-madurez.html\" target=\"_blank\" rel=\"noreferrer nofollow noopener\" title=\"https:\/\/elpais.com\/gente\/2025-02-16\/colman-domingo-el-actor-de-vida-normal-que-se-convirtio-en-extraordinaria-en-la-madurez.html\">del actor Colman Domingo.<\/a> \u00bfC\u00f3mo mantiene el equilibrio con este intenso ritmo de trabajo? \u201cMe encanta ser actriz, y me doy cuenta de que trabajo mucho mejor bajo presi\u00f3n\u201d, afirma. <\/p>\n<p><img decoding=\"auto\" class=\"_re lazyload a_m-h\" height=\"219\"  width=\"414\"  src=\"https:\/\/www.europesays.com\/es\/wp-content\/uploads\/2025\/12\/IIR6BRVO6NB3TFXGTUDDLBSXYU.webp\" loading=\"lazy\"\/>Amanda Seyfried y Sydney Sweeney, en &#8216;La asistenta&#8217;.<\/p>\n<p class=\"\">Dos veces nominada al Emmy, tanto por Euphoria como por la primera temporada de The White Lotus, no los gan\u00f3, pero al ser preguntada sobre si alguna vez se rinde, afirma categ\u00f3rica: \u201cAqu\u00ed sigo\u201d. \u201cTengo un mont\u00f3n de proyectos que hacer y caminos por recorrer. Quiz\u00e1 me lance a probar cosas nuevas\u201d.<\/p>\n","protected":false},"excerpt":{"rendered":"Suena a t\u00f3pico, pero es cierto: la actriz estadounidense Sydney Sweeney gana en las distancias cortas. En las&hellip;\n","protected":false},"author":2,"featured_media":311005,"comment_status":"","ping_status":"","sticky":false,"template":"","format":"standard","meta":{"footnotes":""},"categories":[91],"tags":[1015,177,13803,209,146,147,25,24,22164,256,753,23,14277],"class_list":{"0":"post-311004","1":"post","2":"type-post","3":"status-publish","4":"format-standard","5":"has-post-thumbnail","7":"category-entretenimiento","8":"tag-actrices","9":"tag-cine","10":"tag-cine-americano","11":"tag-cultura","12":"tag-entertainment","13":"tag-entretenimiento","14":"tag-es","15":"tag-espana","16":"tag-euphoria","17":"tag-famosos","18":"tag-peliculas","19":"tag-spain","20":"tag-sydney-sweeney"},"share_on_mastodon":{"url":"https:\/\/pubeurope.com\/@es\/115795542234263149","error":""},"_links":{"self":[{"href":"https:\/\/www.europesays.com\/es\/wp-json\/wp\/v2\/posts\/311004","targetHints":{"allow":["GET"]}}],"collection":[{"href":"https:\/\/www.europesays.com\/es\/wp-json\/wp\/v2\/posts"}],"about":[{"href":"https:\/\/www.europesays.com\/es\/wp-json\/wp\/v2\/types\/post"}],"author":[{"embeddable":true,"href":"https:\/\/www.europesays.com\/es\/wp-json\/wp\/v2\/users\/2"}],"replies":[{"embeddable":true,"href":"https:\/\/www.europesays.com\/es\/wp-json\/wp\/v2\/comments?post=311004"}],"version-history":[{"count":0,"href":"https:\/\/www.europesays.com\/es\/wp-json\/wp\/v2\/posts\/311004\/revisions"}],"wp:featuredmedia":[{"embeddable":true,"href":"https:\/\/www.europesays.com\/es\/wp-json\/wp\/v2\/media\/311005"}],"wp:attachment":[{"href":"https:\/\/www.europesays.com\/es\/wp-json\/wp\/v2\/media?parent=311004"}],"wp:term":[{"taxonomy":"category","embeddable":true,"href":"https:\/\/www.europesays.com\/es\/wp-json\/wp\/v2\/categories?post=311004"},{"taxonomy":"post_tag","embeddable":true,"href":"https:\/\/www.europesays.com\/es\/wp-json\/wp\/v2\/tags?post=311004"}],"curies":[{"name":"wp","href":"https:\/\/api.w.org\/{rel}","templated":true}]}}