{"id":311008,"date":"2025-12-28T05:29:09","date_gmt":"2025-12-28T05:29:09","guid":{"rendered":"https:\/\/www.europesays.com\/es\/311008\/"},"modified":"2025-12-28T05:29:09","modified_gmt":"2025-12-28T05:29:09","slug":"el-recinto-de-las-tendencias-globales-negocios","status":"publish","type":"post","link":"https:\/\/www.europesays.com\/es\/311008\/","title":{"rendered":"El recinto de las tendencias globales | Negocios"},"content":{"rendered":"<p class=\"\">El \u00e9xito de una econom\u00eda se mide, en gran medida, por su capacidad para concentrar inversi\u00f3n y talento. Hacer que estos dos vectores se unan es m\u00e1s complicado de lo que parece. Se requiere una gran fuerza de convocatoria y un atractivo \u00fanico, algo que caracteriza a Ifema Madrid, que se ha convertido en un actor estructural del ecosistema espa\u00f1ol y que afronta un calendario 2026 lleno de grandes encuentros. <\/p>\n<p class=\"\">La entidad se apoya en <a href=\"https:\/\/cincodias.elpais.com\/extras\/2025-11-08\/ifema-defiende-su-papel-estrategico-en-la-economia-de-madrid.html\" target=\"_self\" rel=\"nofollow noopener\" title=\"https:\/\/cincodias.elpais.com\/extras\/2025-11-08\/ifema-defiende-su-papel-estrategico-en-la-economia-de-madrid.html\">grandes ferias tractoras que concentran volumen de negocio<\/a> y capacidad de arrastre, mientras impulsa nuevos proyectos y refuerza una estrategia sostenida de internacionalizaci\u00f3n. El calendario de 2026 es una declaraci\u00f3n de intenciones que combina grandes formatos consolidados, diversificaci\u00f3n sectorial y expansi\u00f3n exterior, con especial atenci\u00f3n a los \u00e1mbitos que marcar\u00e1n la agenda econ\u00f3mica de la pr\u00f3xima d\u00e9cada. El a\u00f1o arranca en enero con PMG Promogift (del 12 al 14), una cita que act\u00faa como punto de encuentro entre el sector del regalo promocional y la comunicaci\u00f3n corporativa, cada vez m\u00e1s ligada a estrategias de marca y de fidelizaci\u00f3n. El verdadero hito del mes llegar\u00e1 con Fitur (del 21 al 25), uno de los grandes pilares del calendario anual del consorcio y una de las ferias m\u00e1s influyentes del mundo en su sector.<\/p>\n<p class=\"\"><a href=\"https:\/\/www.ifema.es\/fitur\/noticias\/mexico-pais-socio-26#:~:text=Con%20el%20apoyo%20de%20la,de%20enero%20en%20IFEMA%20MADRID.\" target=\"_self\" rel=\"nofollow noopener\" title=\"https:\/\/www.ifema.es\/fitur\/noticias\/mexico-pais-socio-26#:~:text=Con%20el%20apoyo%20de%20la,de%20enero%20en%20IFEMA%20MADRID.\">Fitur \u2014que este a\u00f1o contar\u00e1 con M\u00e9xico como pa\u00eds socio\u2014<\/a> es un espacio donde se cruzan pol\u00edticas p\u00fablicas, inversi\u00f3n privada y planificaci\u00f3n territorial. En un contexto marcado por la presi\u00f3n clim\u00e1tica, la digitalizaci\u00f3n de los servicios y la redefinici\u00f3n de los flujos globales de viajeros, la feria se consolida como el foro id\u00f3neo para anticipar la evoluci\u00f3n de una industria que representa una parte sustancial del PIB y del empleo en Espa\u00f1a. Luego, en febrero, se mantiene la intensidad con el bloque dedicado al consumo y al estilo de vida, con Intergift, Bisutex y Momad (entre el 4 y el 7), lo que convertir\u00e1 a la ciudad en un term\u00f3metro de tendencias en decoraci\u00f3n, joyer\u00eda y moda, sectores especialmente sensibles al pulso del consumo. Pero el eje estrat\u00e9gico del mes es Sicur (del 24 al 27), la feria de organizaci\u00f3n propia m\u00e1s antigua de la instituci\u00f3n, activa desde 1980. Su relevancia ha crecido al mismo ritmo que los desaf\u00edos globales en materia de seguridad. <a href=\"https:\/\/www.ifema.es\/sicur\" target=\"_self\" rel=\"nofollow noopener\" title=\"https:\/\/www.ifema.es\/sicur\">La protecci\u00f3n contra incendios, <\/a>la seguridad laboral, las emergencias y la ciberseguridad posicionan a este evento como una plataforma imprescindible para industrias, administraciones y operadores cr\u00edticos.<\/p>\n<p class=\"\">Marzo despliega uno de los tramos m\u00e1s densos del calendario. ArcoMadrid (del 4 al 8) volver\u00e1 a situar a Madrid en el centro del mercado internacional del arte contempor\u00e1neo, con una capacidad de atracci\u00f3n que trasciende lo cultural para impactar en sectores como el turismo de alto valor, la hosteler\u00eda o la inversi\u00f3n patrimonial. Del 11 al 13, la Semana de la Educaci\u00f3n transforma el recinto en un gran campus profesional con Aula, el Foro de Postgrado y Formaci\u00f3n Continua, Digielearning y Schools Day, lo que refleja la adaptaci\u00f3n del sistema educativo a un mercado laboral en constante transformaci\u00f3n. En paralelo, Expodental, Iberzoo Propet y Expomedes atienden a sectores altamente especializados. MBFWMadrid (del 17 al 21) refuerza las dimensiones creativas e industriales de la moda espa\u00f1ola. La proyecci\u00f3n internacional del mes se materializa con Fruit Attraction S\u00e3o Paulo (del 24 al 26), la tercera edici\u00f3n de una feria que ha logrado replicar con \u00e9xito en Brasil el modelo madrile\u00f1o, consolid\u00e1ndose como una de las principales plataformas hortofrut\u00edcolas de Am\u00e9rica Latina.<\/p>\n<p class=\"\">Abril combina continuidad y expansi\u00f3n. Expo\u00f3ptica+Audio (del 9 al 11) y Antik Almoneda (del 11 al 19) mantienen su p\u00fablico especializado, pero el foco estrat\u00e9gico lo marca Sicon M\u00e9xico (del 14 al 16), nuevo proyecto que celebra su primera edici\u00f3n en Guadalajara (M\u00e9xico) junto a Expo Guadalajara. Este estreno refuerza la apuesta de Ifema Madrid por exportar formatos propios y por posicionarse como socio ferial en mercados emergentes. <a href=\"https:\/\/elpais.com\/economia\/negocios\/2025-12-07\/ifema-madrid-toca-tierra-en-el-extranjero.html\" target=\"_self\" rel=\"nofollow noopener\" title=\"https:\/\/elpais.com\/economia\/negocios\/2025-12-07\/ifema-madrid-toca-tierra-en-el-extranjero.html\">La internacionalizaci\u00f3n cultural contin\u00faa en mayo con ArcoLisboa<\/a> (del 28 al 31), una cita ya consolidada que refuerza el eje ib\u00e9rico del arte contempor\u00e1neo. Junio se perfila como uno de los meses clave del a\u00f1o. Tras el Sal\u00f3n del Veh\u00edculo de Ocasi\u00f3n (del 2 al 7), el n\u00facleo estrat\u00e9gico se concentra del 9 al 11 con Tecma, SRR y el Foro de las Ciudades, centrados en la sostenibilidad urbana, la econom\u00eda circular y la gobernanza local. En ese mismo marco destaca Global Mobility Call, uno de los grandes proyectos estrat\u00e9gicos de Ifema Madrid, concebido como una plataforma internacional para liderar el debate sobre la movilidad sostenible, la electrificaci\u00f3n y la descarbonizaci\u00f3n del transporte. A ello se suma Sociocare, un nuevo proyecto centrado en la econom\u00eda de los cuidados, un \u00e1mbito cada vez m\u00e1s relevante debido al envejecimiento demogr\u00e1fico. El mes se cierra con Motortec Chile (del 18 al 20), la quinta edici\u00f3n de una feria ya consolidada como referencia del sector de la automoci\u00f3n en el Cono Sur.<\/p>\n<p>Actividad exterior<\/p>\n<p class=\"\">La actividad internacional contin\u00faa en agosto con ESS+ powered by Sicur (del 26 al 28), en Bogot\u00e1, donde el consorcio refuerza la exportaci\u00f3n de su experiencia en seguridad junto a Pafyc y Corferias. Septiembre devuelve el protagonismo al recinto madrile\u00f1o con FIAA (del 22 al 24), Madridjoya (del 24 al 27) y Estampa (del 24 al 27), adem\u00e1s de una nueva edici\u00f3n de MBFWMadrid. Octubre est\u00e1 marcado por Fruit Attraction (del 6 al 8), una de las grandes joyas de la corona del calendario. Convertida en una cita imprescindible para la cadena hortofrut\u00edcola global, la feria ha experimentado un crecimiento sostenido que la sit\u00faa como una plataforma clave para la innovaci\u00f3n, el comercio internacional y la seguridad alimentaria. <\/p>\n<p class=\"\">A continuaci\u00f3n, Guext (del 15 al 17) refuerza la apuesta por el sector de servicios y por la hosteler\u00eda. Noviembre cierra el a\u00f1o con una exhibici\u00f3n de m\u00fasculo industrial. Privel (del 4 al 5) abre el mes como nuevo proyecto, seguido por la Semana Internacional de la Construcci\u00f3n (del 10 al 13), un macroevento que agrupa Construtec, Veteco, Smart Doors y Piscimad, y que responde a la demanda de soluciones integrales en un sector en plena transformaci\u00f3n. En paralelo se celebran Simo Educaci\u00f3n y Sal\u00f3n Look, mientras que Feriarte (del 21 al 29) aporta el cierre cultural. El broche final llega con la Semana Internacional de la Electrificaci\u00f3n y Descarbonizaci\u00f3n (del 24 al 26), en la que Genera y Matelec consolidan a Madrid como uno de los grandes foros europeos sobre transici\u00f3n energ\u00e9tica y eficiencia. El calendario de 2026 va m\u00e1s all\u00e1 de la mera ocupaci\u00f3n de metros cuadrados. Se trata de una arquitectura de redes globales que permite a la capital espa\u00f1ola actuar como principal validadora de las innovaciones que dictar\u00e1n el ritmo de los mercados.<\/p>\n","protected":false},"excerpt":{"rendered":"El \u00e9xito de una econom\u00eda se mide, en gran medida, por su capacidad para concentrar inversi\u00f3n y talento.&hellip;\n","protected":false},"author":2,"featured_media":311009,"comment_status":"","ping_status":"","sticky":false,"template":"","format":"standard","meta":{"footnotes":""},"categories":[80],"tags":[2901,229,82,95,94,25,24,241,12184,29742,3100,37694,2733,48075,23],"class_list":{"0":"post-311008","1":"post","2":"type-post","3":"status-publish","4":"format-standard","5":"has-post-thumbnail","7":"category-economia","8":"tag-arco","9":"tag-arte","10":"tag-business","11":"tag-economia","12":"tag-economy","13":"tag-es","14":"tag-espana","15":"tag-exposiciones","16":"tag-ferias-arte","17":"tag-fitur","18":"tag-ifema","19":"tag-movilidad-sostenible","20":"tag-negocios","21":"tag-opticas","22":"tag-spain"},"share_on_mastodon":{"url":"https:\/\/pubeurope.com\/@es\/115795549404307450","error":""},"_links":{"self":[{"href":"https:\/\/www.europesays.com\/es\/wp-json\/wp\/v2\/posts\/311008","targetHints":{"allow":["GET"]}}],"collection":[{"href":"https:\/\/www.europesays.com\/es\/wp-json\/wp\/v2\/posts"}],"about":[{"href":"https:\/\/www.europesays.com\/es\/wp-json\/wp\/v2\/types\/post"}],"author":[{"embeddable":true,"href":"https:\/\/www.europesays.com\/es\/wp-json\/wp\/v2\/users\/2"}],"replies":[{"embeddable":true,"href":"https:\/\/www.europesays.com\/es\/wp-json\/wp\/v2\/comments?post=311008"}],"version-history":[{"count":0,"href":"https:\/\/www.europesays.com\/es\/wp-json\/wp\/v2\/posts\/311008\/revisions"}],"wp:featuredmedia":[{"embeddable":true,"href":"https:\/\/www.europesays.com\/es\/wp-json\/wp\/v2\/media\/311009"}],"wp:attachment":[{"href":"https:\/\/www.europesays.com\/es\/wp-json\/wp\/v2\/media?parent=311008"}],"wp:term":[{"taxonomy":"category","embeddable":true,"href":"https:\/\/www.europesays.com\/es\/wp-json\/wp\/v2\/categories?post=311008"},{"taxonomy":"post_tag","embeddable":true,"href":"https:\/\/www.europesays.com\/es\/wp-json\/wp\/v2\/tags?post=311008"}],"curies":[{"name":"wp","href":"https:\/\/api.w.org\/{rel}","templated":true}]}}