{"id":311018,"date":"2025-12-28T05:41:12","date_gmt":"2025-12-28T05:41:12","guid":{"rendered":"https:\/\/www.europesays.com\/es\/311018\/"},"modified":"2025-12-28T05:41:12","modified_gmt":"2025-12-28T05:41:12","slug":"ano-nuevo-en-el-ramon-sanchez-pizjuan","status":"publish","type":"post","link":"https:\/\/www.europesays.com\/es\/311018\/","title":{"rendered":"A\u00f1o nuevo en el Ram\u00f3n S\u00e1nchez-Pizju\u00e1n"},"content":{"rendered":"<p style=\"\">El <strong>Sevilla FC<\/strong> volver\u00e1 este lunes al trabajo con la mente puesta en el primer partido del a\u00f1o ante el <strong>Levante<\/strong>. Un encuentro que tendr\u00e1 lugar el pr\u00f3ximo 4 de enero en el <strong>S\u00e1nchez-Pizju\u00e1n<\/strong> a partir de las 14.00 horas.  &#8230; Se trata del primero de los tres encuentros que se disputar\u00e1n en el feudo sevillista en este arranque de a\u00f1o nuevo.<\/p>\n<p class=\"voc-p\" style=\"\">Los de <strong>Mat\u00edas Almeyda<\/strong> han ganado este a\u00f1o hasta en seis ocasiones, tres a domicilio y otras tres en casa, una estad\u00edstica m\u00e1s decente a pesar de que no haya sido capaz de encadenar dos victorias consecutivas en ning\u00fan momento. Nervi\u00f3n ha sido hist\u00f3ricamente un talism\u00e1n para el cuadro blanquirrojo, pero esta fama se ha ido difuminando durante estos \u00faltimos a\u00f1os de precario rendimiento. <\/p>\n<p class=\"voc-p\" style=\"\">Es m\u00e1s, en todo el 2025, el Sevilla s\u00f3lo ha ganado en su casa en cuatro ocasiones. Se trata del <strong>peor registro del siglo XXI<\/strong> en clave local y, ahora, en 2026, Mat\u00edas Almeyda tiene como prop\u00f3sito de nuevo a\u00f1o cambiar esa din\u00e1mica. <\/p>\n<p class=\"voc-p\" style=\"\">De hecho, el <strong>conjunto hispalense<\/strong> tiene varias oportunidades para devolver lustre a su parroquia. <strong>Almeyda<\/strong> siempre insiste en la necesidad de darle alegr\u00edas a los suyos y eso pasa, sobre todo, por ofrecerles victorias en casa.<\/p>\n<p>\nEl calendario de enero\n<\/p>\n<p class=\"voc-p\" style=\"\">\u00a0<\/p>\n<p class=\"voc-p\" style=\"\">Una vez se reanude la competici\u00f3n liguera, el <strong>Sevilla FC<\/strong> afrontar\u00e1 dos partidos en casa. El primero de ellos es el<strong> Levante<\/strong>, como se ha mencionado anteriormente. <strong>Luis Castro<\/strong> se estrenar\u00e1 en el banquillo granota con el objetivo de reanimar al actual colista de Primera divisi\u00f3n. Un escenario propicio para que el Sevilla se imponga en casa y siga alej\u00e1ndose de los puestos de descenso. <\/p>\n<p class=\"voc-p\" style=\"\">A la semana siguiente, el S\u00e1nchez-Pizju\u00e1n volver\u00e1 a ser el escenario del <strong>Sevilla &#8211; Celta<\/strong>, partido que dar\u00e1 carpetazo a la primera vuelta. Un partido que evaluar\u00e1 el lugar que le corresponde a los blanquirrojos esta temporada. Los de Gir\u00e1ldez se encuentran actualmente a tres puntos del Sevilla tras un arranque err\u00e1tico de la temporada. No obstante, han ido sumando de tres en las \u00faltimas jornadas y han mejorado su expediente en las \u00faltimas semanas. <\/p>\n<p class=\"voc-p\" style=\"\">Tras estos duelos, el Sevilla visitar\u00e1 al Elche y, seguidamente, recibir\u00e1 al <strong>Athletic Club<\/strong> de nuevo en el <strong>S\u00e1nchez-Pizju\u00e1n<\/strong>. Un partido que podr\u00eda servir para quitarse la espinita de la ida, puesto que el cuadro sevillista cuaj\u00f3 un gran encuentro en San Mam\u00e9s, a pesar de la derrota. <\/p>\n<p class=\"voc-p\" style=\"\">De esta forma, el estadio sevillista podr\u00eda recuperar en parte su fama si el <strong>Sevilla FC<\/strong> tira de oficio y saca el m\u00e1ximo de puntos posibles en este arranque de a\u00f1o. El calendario es propicio y todo apunta a que Almeyda podr\u00e1 contar con el grueso de su vestuario. <\/p>\n","protected":false},"excerpt":{"rendered":"El Sevilla FC volver\u00e1 este lunes al trabajo con la mente puesta en el primer partido del a\u00f1o&hellip;\n","protected":false},"author":2,"featured_media":311019,"comment_status":"","ping_status":"","sticky":false,"template":"","format":"standard","meta":{"footnotes":""},"categories":[268],"tags":[1611,168,25,24,280,282,524,11082,37569,1171,281,23,167],"class_list":{"0":"post-311018","1":"post","2":"type-post","3":"status-publish","4":"format-standard","5":"has-post-thumbnail","7":"category-futbol","8":"tag-ano","9":"tag-deportes","10":"tag-es","11":"tag-espana","12":"tag-football","13":"tag-futbol","14":"tag-nuevo","15":"tag-ramon","16":"tag-sanchezpizjuan","17":"tag-sevilla","18":"tag-soccer","19":"tag-spain","20":"tag-sports"},"share_on_mastodon":{"url":"https:\/\/pubeurope.com\/@es\/115795596706875553","error":""},"_links":{"self":[{"href":"https:\/\/www.europesays.com\/es\/wp-json\/wp\/v2\/posts\/311018","targetHints":{"allow":["GET"]}}],"collection":[{"href":"https:\/\/www.europesays.com\/es\/wp-json\/wp\/v2\/posts"}],"about":[{"href":"https:\/\/www.europesays.com\/es\/wp-json\/wp\/v2\/types\/post"}],"author":[{"embeddable":true,"href":"https:\/\/www.europesays.com\/es\/wp-json\/wp\/v2\/users\/2"}],"replies":[{"embeddable":true,"href":"https:\/\/www.europesays.com\/es\/wp-json\/wp\/v2\/comments?post=311018"}],"version-history":[{"count":0,"href":"https:\/\/www.europesays.com\/es\/wp-json\/wp\/v2\/posts\/311018\/revisions"}],"wp:featuredmedia":[{"embeddable":true,"href":"https:\/\/www.europesays.com\/es\/wp-json\/wp\/v2\/media\/311019"}],"wp:attachment":[{"href":"https:\/\/www.europesays.com\/es\/wp-json\/wp\/v2\/media?parent=311018"}],"wp:term":[{"taxonomy":"category","embeddable":true,"href":"https:\/\/www.europesays.com\/es\/wp-json\/wp\/v2\/categories?post=311018"},{"taxonomy":"post_tag","embeddable":true,"href":"https:\/\/www.europesays.com\/es\/wp-json\/wp\/v2\/tags?post=311018"}],"curies":[{"name":"wp","href":"https:\/\/api.w.org\/{rel}","templated":true}]}}