{"id":311022,"date":"2025-12-28T05:45:25","date_gmt":"2025-12-28T05:45:25","guid":{"rendered":"https:\/\/www.europesays.com\/es\/311022\/"},"modified":"2025-12-28T05:45:25","modified_gmt":"2025-12-28T05:45:25","slug":"rosalia-la-bomba-que-se-guarda-rtve-para-las-campanadas-el-presidente-de-rtve-avisa-de-que-se-guarda-un-as-en-la-manga-el-mundo","status":"publish","type":"post","link":"https:\/\/www.europesays.com\/es\/311022\/","title":{"rendered":"Rosal\u00eda, \u00bfla bomba que se guarda RTVE para las Campanadas? El presidente de RTVE avisa de que se guarda un as en la manga &#8211; El Mundo"},"content":{"rendered":"<ol>\n<li><a href=\"https:\/\/news.google.com\/rss\/articles\/CBMif0FVX3lxTE5xT3NyeUphRzZxaHVQQmJpMzJkbzNZX3JaTW93amlnXzVBSGFKRzBvQ3IxalJnWG5fd1BUQ0VQVThGYmVyVEZva0FidkhpYlIza01fLUVYajNBOG5pNE9XMWlUR05odDUxdEdkZGcxLUhnU0NTZGhNNmFFM25DNG8?oc=5\" target=\"_blank\" rel=\"nofollow noopener\">Rosal\u00eda, \u00bfla bomba que se guarda RTVE para las Campanadas? El presidente de RTVE avisa de que se guarda un as en la manga<\/a>&nbsp;&nbsp;El Mundo<\/li>\n<li><a href=\"https:\/\/news.google.com\/rss\/articles\/CBMilwFBVV95cUxQa2dIbm5kMnpOUmR6b1FNZ1NJbHRTRm5kbUp6MU54bDdsY0xBSE5lUFByczhWWmlzOGkyMWp0Z3dBSFlQUUZKdmxCSnFrVUkwd2hRZTROTE5EM0JyV2ZhUFI2bjZlUll2QVdkMENyaGoxQzBDbklRbkFNODVWNm4tSG9Ua2VfMVc4TmdLN0RienhEeW1tQXdr0gGXAUFVX3lxTFBUUVc2TmdMbjRXRDEyRENJSE8tR0xPdktTcDdKZUFiUTFBQzFQSEVaMVlxbDJra0dmQVl5blBzeVRHeWV6WGlmb2lHWmdXMGZsTnF6dG9ZaFZJTVNlcW4zOC1rZ0dSckVMZHhKUEhlN3BFdk9zc2lHVWtZUEthbE9MeHc5RFVGUkw5Q2lGbWxBODhTd3REclU?oc=5\" target=\"_blank\" rel=\"nofollow noopener\">Rosal\u00eda, \u00bfla gran estrella de las Campanadas de RTVE?<\/a>&nbsp;&nbsp;El Peri\u00f3dico<\/li>\n<li><a href=\"https:\/\/news.google.com\/rss\/articles\/CBMi5gFBVV95cUxPT01VYWdGeEEwcW4wcVVLZlNlR2lLVzB3aU9TMnZWZlI5VUhmU015SEs1dGxZcUI0OXl2Yk5JQkg2Tng4aGtpbnFxcjZlak9xTFptRmNOeVdYb3doTG1ZNktjbDVOUWxxbmhaWTJ4azZTRE16RFMyS2RlX2VxOUw3Q3hxcmIyREZrQnRMMXZROW8zTE5Ka1ZyZVRvdHVLdU1Ram16YnB4T0hhUmdjTVd2cTUyMndXZDgtVXY5cGw2VkFZV3l2ZldXY1ktMDd6eGdYbDVlNXByOEtUUE1RVUVSY0RGZnVMZw?oc=5\" target=\"_blank\" rel=\"nofollow noopener\">RTVE sorprende con una actuaci\u00f3n en lo alto del Pirul\u00ed: Rosario Flores y Antonio Carmona celebrar\u00e1n el 70\u00ba aniversario<\/a>&nbsp;&nbsp;elDiario.es<\/li>\n<li><a href=\"https:\/\/news.google.com\/rss\/articles\/CBMi4AFBVV95cUxOeWROemRnVGFFWThGejVYeFkwSFFDNmVTVVRmNlk0R0ZkUXUzTk9vRjlGd0hZNi04RF9BSFdHY2F5S1NYWEdrbmlyYW9taHBGUDVtTHlieUlQTDZFMk4zN01CRUdGLUtEWjNrRERyX0RiNFV6MEZ0Rk9zZG5MeVpOZW1tTEJ2TF9ERE5ydFdsVHMtbTZzVmdjSmY0TERySWZpdkc0aFVaeEJ1c0l4dTVCcG5ZQTdBdjdnaWFkaTdkb2hCMFNrTS02OWF5cnJGOUdIcV9MdUQ4RjFSUVFhdVF5WtIB4AFBVV95cUxOT29NOFhySTNpektLb2ZRWDZlYjRiODlBQXdLV2NvbEk1SFJCdXRIMEM1cVdlUW9wMTRUc3BJR1dHQXJqV01NdnQ3QmZNVDVDb3ZqaFdGVVFFdTVoV0RuaXdUTEQzUXVGVDdvSzNlY0hhcnBKamlxb3ZuRzRfekw5R3RTMnBJTkRWMkZlMXpzQWdybEdjYTQ3SnUtQTlibTlSOWpvcENpcS1LZElKRm5aYVBaWU9QUlFYOHM3Z1FicEFUWlpERy1WTTB1dmgwamJPandVRGdQTGJtUWVESDduZQ?oc=5\" target=\"_blank\" rel=\"nofollow noopener\">Jos\u00e9 Pablo L\u00f3pez lanza la bomba y anuncia un invitado sorpresa para la Nochevieja en TVE: \u201c\u00bfPensabais que ya estaba todo cerrado?\u201d<\/a>&nbsp;&nbsp;MARCA<\/li>\n<li><a href=\"https:\/\/news.google.com\/rss\/articles\/CBMi-AFBVV95cUxQdWRlU0hZMW9wbjlLOVgzWk90ZFhUVWVJSV9xSW9ZcUJNRXNPclh5VXFfQ1pLYV9HeS14REdsbTBMTk1CZGFmdUZWOVZILUwyT1JXV0JTeFRkSmVIV0tLNGdnWmZ1S2t3VlE5emtTem92ZjZFRGk1NGF5NkFGdjRRdjNLR2xhWDJPdVZSc1BvSEptZS10UUpkTFhvTFA3dUxUZzFFVGk5T1o0TVBybFB0T0lOLTliMU1JU3RXNk5nNFlrUHotTTM5ekdXd0dITkVzVEwtdXpQMW8wb1E5VUJBbEtpekFhbzFzdTg2SFZsWkFrYmZZaGYtU9IBgAJBVV95cUxNSUlBanVLRVlJeDA1Y2d3bGx5b29sUHRXbkJFUU4xYkFFR004aVpmLURTVkZzWUVadUdKUkRjRjZQMXRKVW11aEh3YUhOblB1cEZIMHZpRXBUSGdpSHlOZDBhNkQtSnQ0TTl4LVN1WTZ1RkV4MEc2TkZlV1VvcE1UcW1qV2Z1aFZpc0Jidk1xSnhlRU5BMTVnaV9raWhYMl9yNXA3cGZDb0RqR2FqVFU4dlNmSnJMd0ZYWVNxZlNlRm52TXdKclp3U0pRbFB0a09mQ2k5ZFFLRDR4RFNJTzE1SXVKeEdrMmIzWFZsUzdCd0VkZzVhTG5BeWhPQXBIczdI?oc=5\" target=\"_blank\" rel=\"nofollow noopener\">TVE anuncia la actuaci\u00f3n especial que abrir\u00e1 su Nochevieja desde el Pirul\u00ed y su himno para celebrar el 70<\/a>&nbsp;&nbsp;El Televisero<\/li>\n<\/ol>\n","protected":false},"excerpt":{"rendered":"Rosal\u00eda, \u00bfla bomba que se guarda RTVE para las Campanadas? El presidente de RTVE avisa de que se&hellip;\n","protected":false},"author":2,"featured_media":311023,"comment_status":"","ping_status":"","sticky":false,"template":"","format":"standard","meta":{"footnotes":""},"categories":[171],"tags":[48603,146,147,25,24,5199,4147,518,23,807,214],"class_list":{"0":"post-311022","1":"post","2":"type-post","3":"status-publish","4":"format-standard","5":"has-post-thumbnail","7":"category-tv","8":"tag-campanadas","9":"tag-entertainment","10":"tag-entretenimiento","11":"tag-es","12":"tag-espana","13":"tag-nochevieja","14":"tag-rosalia","15":"tag-rtve","16":"tag-spain","17":"tag-television","18":"tag-tv"},"share_on_mastodon":{"url":"https:\/\/pubeurope.com\/@es\/115795612606854799","error":""},"_links":{"self":[{"href":"https:\/\/www.europesays.com\/es\/wp-json\/wp\/v2\/posts\/311022","targetHints":{"allow":["GET"]}}],"collection":[{"href":"https:\/\/www.europesays.com\/es\/wp-json\/wp\/v2\/posts"}],"about":[{"href":"https:\/\/www.europesays.com\/es\/wp-json\/wp\/v2\/types\/post"}],"author":[{"embeddable":true,"href":"https:\/\/www.europesays.com\/es\/wp-json\/wp\/v2\/users\/2"}],"replies":[{"embeddable":true,"href":"https:\/\/www.europesays.com\/es\/wp-json\/wp\/v2\/comments?post=311022"}],"version-history":[{"count":0,"href":"https:\/\/www.europesays.com\/es\/wp-json\/wp\/v2\/posts\/311022\/revisions"}],"wp:featuredmedia":[{"embeddable":true,"href":"https:\/\/www.europesays.com\/es\/wp-json\/wp\/v2\/media\/311023"}],"wp:attachment":[{"href":"https:\/\/www.europesays.com\/es\/wp-json\/wp\/v2\/media?parent=311022"}],"wp:term":[{"taxonomy":"category","embeddable":true,"href":"https:\/\/www.europesays.com\/es\/wp-json\/wp\/v2\/categories?post=311022"},{"taxonomy":"post_tag","embeddable":true,"href":"https:\/\/www.europesays.com\/es\/wp-json\/wp\/v2\/tags?post=311022"}],"curies":[{"name":"wp","href":"https:\/\/api.w.org\/{rel}","templated":true}]}}