{"id":311026,"date":"2025-12-28T05:47:09","date_gmt":"2025-12-28T05:47:09","guid":{"rendered":"https:\/\/www.europesays.com\/es\/311026\/"},"modified":"2025-12-28T05:47:09","modified_gmt":"2025-12-28T05:47:09","slug":"scarlet-sony-pictures-cancela-su-estreno-en-cines-de-latinoamerica","status":"publish","type":"post","link":"https:\/\/www.europesays.com\/es\/311026\/","title":{"rendered":"\u00abScarlet\u00bb: Sony Pictures cancela su estreno en cines de Latinoam\u00e9rica"},"content":{"rendered":"<p><a href=\"https:\/\/blogger.googleusercontent.com\/img\/b\/R29vZ2xl\/AVvXsEiWv6Dv6RrtXZ0yP78WpGjmd56626Hm2szAyd4G4Zzs-a9JSi9j89ttc4PeHYFWNVZ8649E544lmrXmz_HXpFI6BCSgAAExeZzEFR_n-xA5CyUWqmIgafyU430dBSb2gLhmuA7faqUvpbkxTyQRF2T5fdhEDPBz2wvKgwVr_xMXXMQ-6a185yww04qBwv8V\/s1000\/scarlet.png\" style=\"margin-left: 1em; margin-right: 1em;\" rel=\"nofollow noopener\" target=\"_blank\"><img decoding=\"async\" border=\"0\" data-original-height=\"537\" data-original-width=\"1000\" height=\"369\" loading=\"lazy\" src=\"https:\/\/www.europesays.com\/es\/wp-content\/uploads\/2025\/12\/scarlet.png\" width=\"687\"\/><\/a><br \/>Debido a su recepci\u00f3n mixta y fracaso en la taquilla japonesa, el estreno de la nueva pel\u00edcula del director <b>Mamoru Hosoda<\/b> en salas de cine en Latinoam\u00e9rica fue cancelada silenciosamente de parte de <b>Sony Pictures<\/b>..<\/p>\n<p>Hace unos d\u00edas la pel\u00edcula dej\u00f3 de figurar en la lista de pr\u00f3ximos estrenos, tanto en varias cadenas de cine como en los sitios web de la distribuidora de <b><a href=\"https:\/\/www.sonypictures.com.mx\/\" rel=\"nofollow noopener\" target=\"_blank\">Sony M\u00e9xico<\/a><\/b> o <b><a href=\"https:\/\/www.uip.com.ar\/proximamente\/\" rel=\"nofollow noopener\" target=\"_blank\">UIP Argentina<\/a><\/b>, indicando que la pel\u00edcula, originalmente programada para estrenarse el <b>22 de enero<\/b>,\u00a0<b>no llegar\u00e1 a la pantalla grande.<\/b>\u00a0En Chile, por el momento, fue empujada para estrenarse el <b>12 de marzo<\/b> seg\u00fan <a href=\"https:\/\/www.cinemark.cl\/pelicula?tag=512&amp;corporate_film_id=107357&amp;coming_soon=true&amp;pelicula=scarlet&amp;cine=cinemark_alto_las_condes\" rel=\"nofollow noopener\" target=\"_blank\">Cinemark Chile<\/a>, pero esto podr\u00eda cambiar.<\/p>\n<p>No ayud\u00f3 que, pese a tener el tercer mayor lanzamiento del a\u00f1o para una producci\u00f3n japonesa, la pel\u00edcula debut\u00f3<b> en tercer lugar en la taquilla seg\u00fan informa <a href=\"https:\/\/www.crunchyroll.com\/news\/latest\/2025\/11\/26\/mamoru-hosoda-scarlet-anime-film-number-3-debut-japan-box-office\" rel=\"nofollow noopener\" target=\"_blank\">Crunchyroll<\/a><\/b>, solo report\u00e1ndose n\u00fameros en su primera semana afirmando poco o nulo inter\u00e9s de parte del p\u00fablico del pa\u00eds nip\u00f3n.<\/p>\n<p>Pese a que hizo bastante ruido al incluirse en festivales de cine prestigiosos como los de <b>Venecia<\/b>, <b>Nueva York<\/b> y <b>Toronto<\/b>, la pel\u00edcula reson\u00f3 de forma moderada con la cr\u00edtica, ahora mismo contando con un <b><a href=\"https:\/\/www.rottentomatoes.com\/m\/scarlet_2025\" rel=\"nofollow noopener\" target=\"_blank\">71% de aprobaci\u00f3n<\/a> de los cr\u00edticos en<a href=\"https:\/\/www.rottentomatoes.com\/m\/scarlet_2025\" rel=\"nofollow noopener\" target=\"_blank\"> Rotten Tomatoes<\/a><\/b>. En su pa\u00eds natal fue distinto, ya que cuenta con un <b>2.9 de 5 estrellas<\/b> en el sitio de cine japon\u00e9s<b><a href=\"https:\/\/filmarks.com\/movies\/120337\" rel=\"nofollow noopener\" target=\"_blank\"> Filmarks<\/a><\/b>.<\/p>\n<p>Pese a esto, todav\u00eda se espera que la pel\u00edcula llegue a cines estadounidenses el <b>6 de febrero<\/b> de parte de <b>Sony Pictures Classics<\/b> a pesar de que ya no es vista como una contendiente para la temporada de premios en la categor\u00eda de <b>Mejor pel\u00edcula animada<\/b>. Sony enfocar\u00e1 toda su atenci\u00f3n en su \u00e9xito mundial con <b>Netflix<\/b>, \u00ab<b>Las guerreras K-Pop<\/b>\u00ab.<\/p>\n<p>Estimamos que \u00ab<b>Scarlet<\/b>\u00bb llegar\u00e1 directamente en plataformas digitales y en streaming en Latinoam\u00e9rica durante el<b> 2026<\/b>.<\/p>\n","protected":false},"excerpt":{"rendered":"Debido a su recepci\u00f3n mixta y fracaso en la taquilla japonesa, el estreno de la nueva pel\u00edcula del&hellip;\n","protected":false},"author":2,"featured_media":311027,"comment_status":"","ping_status":"","sticky":false,"template":"","format":"standard","meta":{"footnotes":""},"categories":[169],"tags":[177,146,147,25,24,176,175,23],"class_list":{"0":"post-311026","1":"post","2":"type-post","3":"status-publish","4":"format-standard","5":"has-post-thumbnail","7":"category-cine","8":"tag-cine","9":"tag-entertainment","10":"tag-entretenimiento","11":"tag-es","12":"tag-espana","13":"tag-film","14":"tag-movies","15":"tag-spain"},"share_on_mastodon":{"url":"https:\/\/pubeurope.com\/@es\/115795620309368518","error":""},"_links":{"self":[{"href":"https:\/\/www.europesays.com\/es\/wp-json\/wp\/v2\/posts\/311026","targetHints":{"allow":["GET"]}}],"collection":[{"href":"https:\/\/www.europesays.com\/es\/wp-json\/wp\/v2\/posts"}],"about":[{"href":"https:\/\/www.europesays.com\/es\/wp-json\/wp\/v2\/types\/post"}],"author":[{"embeddable":true,"href":"https:\/\/www.europesays.com\/es\/wp-json\/wp\/v2\/users\/2"}],"replies":[{"embeddable":true,"href":"https:\/\/www.europesays.com\/es\/wp-json\/wp\/v2\/comments?post=311026"}],"version-history":[{"count":0,"href":"https:\/\/www.europesays.com\/es\/wp-json\/wp\/v2\/posts\/311026\/revisions"}],"wp:featuredmedia":[{"embeddable":true,"href":"https:\/\/www.europesays.com\/es\/wp-json\/wp\/v2\/media\/311027"}],"wp:attachment":[{"href":"https:\/\/www.europesays.com\/es\/wp-json\/wp\/v2\/media?parent=311026"}],"wp:term":[{"taxonomy":"category","embeddable":true,"href":"https:\/\/www.europesays.com\/es\/wp-json\/wp\/v2\/categories?post=311026"},{"taxonomy":"post_tag","embeddable":true,"href":"https:\/\/www.europesays.com\/es\/wp-json\/wp\/v2\/tags?post=311026"}],"curies":[{"name":"wp","href":"https:\/\/api.w.org\/{rel}","templated":true}]}}