{"id":311030,"date":"2025-12-28T05:50:46","date_gmt":"2025-12-28T05:50:46","guid":{"rendered":"https:\/\/www.europesays.com\/es\/311030\/"},"modified":"2025-12-28T05:50:46","modified_gmt":"2025-12-28T05:50:46","slug":"natura-centrum-est-meer","status":"publish","type":"post","link":"https:\/\/www.europesays.com\/es\/311030\/","title":{"rendered":"Natura centrum est | Meer"},"content":{"rendered":"<p>Natura centrum est re\u00fane telones y objetos procedentes de acciones, instalaciones y murales<br \/>\ncreados por Marcel\u00b7l\u00ed Ant\u00fanez con la participaci\u00f3n de personas y colectivos diversos y heterog\u00e9neos desde 2014 hasta la actualidad. La escala y la singularidad de las piezas expuestas, concebidas inicialmente para el espacio p\u00fablico o para desfiles de calle, adquieren en la Sala Oval una<br \/>\nnueva lectura.<\/p>\n<p>Los diez m\u00f3dulos y la figura gigante de Vulc\u00e0, creada para la acci\u00f3n Fargabudell (2014), articulan<br \/>\ncentenares de objetos entre los que destacan los telones-p\u00e1rpado y los dibujos monumentales<br \/>\nque, al modo de los libros pop-up, transforman su apariencia cuando se activan.<\/p>\n<p>Las dimensiones excepcionales de esta obra nos permiten mostrarla en toda su magnitud en la<br \/>\nSala Oval del MNAC e invitar al p\u00fablico a una inmersi\u00f3n en el universo del artista.<\/p>\n<p>Otro eje relevante de la exposici\u00f3n es el conjunto de carteles y otros elementos de propaganda<br \/>\ncreados por Ant\u00fanez. Este corpus, integrado por esculturas, esl\u00f3ganes e im\u00e1genes pintadas a<br \/>\nmano, funciona tanto como objeto pl\u00e1stico y como herramienta de movilizaci\u00f3n. Aunque ahora<br \/>\nse presenta en un contexto muse\u00edstico, gracias a las activaciones diarias mantiene la energ\u00eda y la<br \/>\nfuncionalidad para las que fue concebido.<\/p>\n<p>Las piezas creadas para ser portadas por los participantes, que reinterpretan el imaginario folcl\u00f3rico y ritual en clave contempor\u00e1nea, evocan tradiciones populares \u2014como la iconograf\u00eda de<br \/>\nla Semana Santa\u2014 y las transforman en un lenguaje festivo, participativo y reivindicativo.<\/p>\n<p>La combinaci\u00f3n de estos tres \u00e1mbitos \u2014la escala de la obra, los objetos de propaganda y la<br \/>\nrevisi\u00f3n del imaginario folcl\u00f3rico\u2014 aporta a la exposici\u00f3n una personalidad distintiva, c\u00e1lida y<br \/>\ncercana, que invita al p\u00fablico a explorar otras formas de experiencia: algunas piezas se activan<br \/>\ndurante los talleres y desfiles y son vividas por el visitante, mientras que otras pueden contemplarse de manera estrictamente muse\u00edstica.<\/p>\n<p>Esta instalaci\u00f3n ef\u00edmera celebra la naturaleza, la comunidad y el arte como experiencias compartidas y ut\u00f3picas, y brinda la oportunidad de sumergirse en un mundo on\u00edrico del que el p\u00fablico podr\u00e1 formar parte a trav\u00e9s de talleres creativos para toda la familia, concebidos y dinamizados por el propio Ant\u00fanez.<\/p>\n<p>Con Natura centrum est, el MNAC mantiene su apuesta por la experimentaci\u00f3n museogr\u00e1fica, situando al visitante en el centro y generando reflexiones a partir de la experiencia directa<br \/>\ncon la obra de arte. De este modo, el proyecto se inscribe en la l\u00ednea de otras intervenciones<br \/>\nconcebidas especialmente para la Sala Oval, como Trena, de Laia Estruch; From the center, de<br \/>\nEug\u00e8nia Balcells; o Aeronautica (vol) interior, de Francesc Torres, que exploran nuevas formas<br \/>\nde activar las obras y pensar nuestra relaci\u00f3n con el mundo y la naturaleza, y que se dirigen a<br \/>\np\u00fablicos diversos.<\/p>\n","protected":false},"excerpt":{"rendered":"Natura centrum est re\u00fane telones y objetos procedentes de acciones, instalaciones y murales creados por Marcel\u00b7l\u00ed Ant\u00fanez con&hellip;\n","protected":false},"author":2,"featured_media":311031,"comment_status":"","ping_status":"","sticky":false,"template":"","format":"standard","meta":{"footnotes":""},"categories":[91],"tags":[146,147,25,24,23],"class_list":{"0":"post-311030","1":"post","2":"type-post","3":"status-publish","4":"format-standard","5":"has-post-thumbnail","7":"category-entretenimiento","8":"tag-entertainment","9":"tag-entretenimiento","10":"tag-es","11":"tag-espana","12":"tag-spain"},"share_on_mastodon":{"url":"https:\/\/pubeurope.com\/@es\/115795632158724270","error":""},"_links":{"self":[{"href":"https:\/\/www.europesays.com\/es\/wp-json\/wp\/v2\/posts\/311030","targetHints":{"allow":["GET"]}}],"collection":[{"href":"https:\/\/www.europesays.com\/es\/wp-json\/wp\/v2\/posts"}],"about":[{"href":"https:\/\/www.europesays.com\/es\/wp-json\/wp\/v2\/types\/post"}],"author":[{"embeddable":true,"href":"https:\/\/www.europesays.com\/es\/wp-json\/wp\/v2\/users\/2"}],"replies":[{"embeddable":true,"href":"https:\/\/www.europesays.com\/es\/wp-json\/wp\/v2\/comments?post=311030"}],"version-history":[{"count":0,"href":"https:\/\/www.europesays.com\/es\/wp-json\/wp\/v2\/posts\/311030\/revisions"}],"wp:featuredmedia":[{"embeddable":true,"href":"https:\/\/www.europesays.com\/es\/wp-json\/wp\/v2\/media\/311031"}],"wp:attachment":[{"href":"https:\/\/www.europesays.com\/es\/wp-json\/wp\/v2\/media?parent=311030"}],"wp:term":[{"taxonomy":"category","embeddable":true,"href":"https:\/\/www.europesays.com\/es\/wp-json\/wp\/v2\/categories?post=311030"},{"taxonomy":"post_tag","embeddable":true,"href":"https:\/\/www.europesays.com\/es\/wp-json\/wp\/v2\/tags?post=311030"}],"curies":[{"name":"wp","href":"https:\/\/api.w.org\/{rel}","templated":true}]}}