{"id":311034,"date":"2025-12-28T05:52:09","date_gmt":"2025-12-28T05:52:09","guid":{"rendered":"https:\/\/www.europesays.com\/es\/311034\/"},"modified":"2025-12-28T05:52:09","modified_gmt":"2025-12-28T05:52:09","slug":"el-credito-bancario-a-los-sectores-empresariales-negocios","status":"publish","type":"post","link":"https:\/\/www.europesays.com\/es\/311034\/","title":{"rendered":"El cr\u00e9dito bancario a los sectores empresariales | Negocios"},"content":{"rendered":"<p class=\"\">El crecimiento en Espa\u00f1a del <a href=\"https:\/\/cincodias.elpais.com\/extras\/2025-12-19\/credito-mas-eficiente-y-menos-insolvencias-el-valor-estrategico-del-cirbe.html\" target=\"_self\" rel=\"nofollow noopener\" title=\"https:\/\/cincodias.elpais.com\/extras\/2025-12-19\/credito-mas-eficiente-y-menos-insolvencias-el-valor-estrategico-del-cirbe.html\">cr\u00e9dito a actividades econ\u00f3micas<\/a> dej\u00f3 de ser negativo en el tercer trimestre de 2024 (en ese periodo creci\u00f3 un 0,4% en tasa interanual), y esa expansi\u00f3n ya alcanza el 1,6% en el segundo trimestre de este a\u00f1o. Se trata de un ritmo moderado en comparaci\u00f3n con la actividad y la inversi\u00f3n, pero ya claramente en terreno positivo. Detr\u00e1s de esta evoluci\u00f3n en el cr\u00e9dito se sit\u00faan unos tipos de inter\u00e9s que comenzaron a descender tras la correcci\u00f3n de <a href=\"https:\/\/google.com\/search?q=los+excesos+inflacionarios+del+periodo+2022-2023%2C+el+pais&amp;sca_esv=0b6cd31ca70c40ac&amp;rlz=1C1GCEA_enES1108ES1108&amp;sxsrf=AE3TifPqqA-tw7Urv8AWfl6wnNYo8xzG7g%3A1766505125819&amp;ei=pbpKaenjMaTJnsEP9PDGeQ&amp;ved=0ahUKEwipypK0iNSRAxWkpCcCHXS4MQ8Q4dUDCBE&amp;uact=5&amp;oq=los+excesos+inflacionarios+del+periodo+2022-2023%2C+el+pais&amp;gs_lp=Egxnd3Mtd2l6LXNlcnAiOWxvcyBleGNlc29zIGluZmxhY2lvbmFyaW9zIGRlbCBwZXJpb2RvIDIwMjItMjAyMywgZWwgcGFpczIIEAAYgAQYogRI6AJQAFiAAXAAeACQAQCYAWigAaoBqgEDMS4xuAEDyAEA-AEC-AEBmAICoAKyAZgDAJIHAzEuMaAH3QKyBwMxLjG4B7IBwgcFMC4xLjHIBwSACAA&amp;sclient=gws-wiz-serp\" target=\"_self\" rel=\"nofollow noopener\" title=\"https:\/\/google.com\/search?q=los+excesos+inflacionarios+del+periodo+2022-2023%2C+el+pais&amp;sca_esv=0b6cd31ca70c40ac&amp;rlz=1C1GCEA_enES1108ES1108&amp;sxsrf=AE3TifPqqA-tw7Urv8AWfl6wnNYo8xzG7g%3A1766505125819&amp;ei=pbpKaenjMaTJnsEP9PDGeQ&amp;ved=0ahUKEwipypK0iNSRAxWkpCcCHXS4MQ8Q4dUDCBE&amp;uact=5&amp;oq=los+excesos+inflacionarios+del+periodo+2022-2023%2C+el+pais&amp;gs_lp=Egxnd3Mtd2l6LXNlcnAiOWxvcyBleGNlc29zIGluZmxhY2lvbmFyaW9zIGRlbCBwZXJpb2RvIDIwMjItMjAyMywgZWwgcGFpczIIEAAYgAQYogRI6AJQAFiAAXAAeACQAQCYAWigAaoBqgEDMS4xuAEDyAEA-AEC-AEBmAICoAKyAZgDAJIHAzEuMaAH3QKyBwMxLjG4B7IBwgcFMC4xLjHIBwSACAA&amp;sclient=gws-wiz-serp\">los excesos inflacionarios del periodo 2022-2023,<\/a> un ratio de endeudamiento total sobre el PIB inferior a la media de la eurozona (62,5% frente al 69,9%) tras un proceso de intenso desapalancamiento (de m\u00e1s de 50 puntos porcentuales del PIB) en los \u00faltimos 15 a\u00f1os y a la recuperaci\u00f3n de la inversi\u00f3n privada. El \u00fanico sector que a\u00fan muestra tasas negativas es el primario (el \u00faltimo dato muestra una ca\u00edda interanual del 2,3%), si bien persisten subsectores con descensos. A continuaci\u00f3n, se detalla su evoluci\u00f3n.<\/p>\n<p class=\"\">El cr\u00e9dito al sector servicios, que concentra el 73% del cr\u00e9dito a empresas, muestra crecimiento positivo desde el segundo trimestre de 2024 (0,7%) y ha alcanzado el 2% un a\u00f1o despu\u00e9s. Este avance se apoya en la actividad de hosteler\u00eda (3,3% interanual), en la promoci\u00f3n inmobiliaria (5,0%), y en otros servicios, que, aunque se desaceleran, mantienen un crecimiento robusto del 6,1%. Entre los subsectores que todav\u00eda muestran ca\u00edda destacan: comercio y reparaciones, transporte y almacenamiento, y servicios de intermediaci\u00f3n financiera.<\/p>\n<p class=\"\">El cr\u00e9dito a la industria, que representa el 19% del cr\u00e9dito a empresas, abandon\u00f3 las tasas negativas a comienzos de 2025 y alcanz\u00f3 el 1,5% en el segundo trimestre de este a\u00f1o. Este crecimiento se sustenta en la industria qu\u00edmica (13,7%), la metalurgia y maquinaria (0,6%), la de material de transporte (14,7%), y la de producci\u00f3n y distribuci\u00f3n de energ\u00eda (5,6%). En lado negativo, las industrias extractivas, la de bebidas, alimentos y tabaco, la de refinamiento de petr\u00f3leo, la de vidrio, cer\u00e1mica y materiales de construcci\u00f3n, y la de otras manufacturas. <\/p>\n<p class=\"\"><a href=\"https:\/\/elpais.com\/economia\/2025-02-27\/europa-lanza-una-reforma-para-facilitar-el-credito-a-promotores-inmobiliarios-y-constructores.html\" target=\"_self\" rel=\"nofollow noopener\" title=\"https:\/\/elpais.com\/economia\/2025-02-27\/europa-lanza-una-reforma-para-facilitar-el-credito-a-promotores-inmobiliarios-y-constructores.html\">El cr\u00e9dito a las actividades relacionadas con el sector de la construcci\u00f3n<\/a>, que representan el 4,5% del total a empresas, registra un t\u00edmido crecimiento del 0,3% en tasa interanual en entre abril y junio de este a\u00f1o, aportado por los subsectores de edificios y obras singulares (1,5%), y de instalaci\u00f3n y acabado de edificios y obras (5,8%). En sentido contrario, muestran ca\u00eddas las obras p\u00fablicas, y la preparaci\u00f3n de obras. <\/p>\n<p class=\"\">Para el pr\u00f3ximo ejercicio, el cr\u00e9dito a empresas se espera que muestre un crecimiento en l\u00ednea con la actividad econ\u00f3mica nominal de Espa\u00f1a a pesar de la desaceleraci\u00f3n prevista, y todo depender\u00e1 de la evoluci\u00f3n de la inversi\u00f3n que necesita de menor incertidumbre, mano de obra especializada, y tambi\u00e9n de una regulaci\u00f3n m\u00e1s flexible. <\/p>\n<p>Jos\u00e9 F\u00e9lix Izquierdo, BBVA Research.<\/p>\n","protected":false},"excerpt":{"rendered":"El crecimiento en Espa\u00f1a del cr\u00e9dito a actividades econ\u00f3micas dej\u00f3 de ser negativo en el tercer trimestre de&hellip;\n","protected":false},"author":2,"featured_media":311035,"comment_status":"","ping_status":"","sticky":false,"template":"","format":"standard","meta":{"footnotes":""},"categories":[80],"tags":[82,5297,8039,95,94,73177,25,24,2893,2733,8064,73178,23,1846],"class_list":{"0":"post-311034","1":"post","2":"type-post","3":"status-publish","4":"format-standard","5":"has-post-thumbnail","7":"category-economia","8":"tag-business","9":"tag-construccion","10":"tag-creditos","11":"tag-economia","12":"tag-economy","13":"tag-endeudamiento-empresarial","14":"tag-es","15":"tag-espana","16":"tag-industria","17":"tag-negocios","18":"tag-pib","19":"tag-servicios-bancarios","20":"tag-spain","21":"tag-tipos-interes"},"share_on_mastodon":{"url":"https:\/\/pubeurope.com\/@es\/115795640196398873","error":""},"_links":{"self":[{"href":"https:\/\/www.europesays.com\/es\/wp-json\/wp\/v2\/posts\/311034","targetHints":{"allow":["GET"]}}],"collection":[{"href":"https:\/\/www.europesays.com\/es\/wp-json\/wp\/v2\/posts"}],"about":[{"href":"https:\/\/www.europesays.com\/es\/wp-json\/wp\/v2\/types\/post"}],"author":[{"embeddable":true,"href":"https:\/\/www.europesays.com\/es\/wp-json\/wp\/v2\/users\/2"}],"replies":[{"embeddable":true,"href":"https:\/\/www.europesays.com\/es\/wp-json\/wp\/v2\/comments?post=311034"}],"version-history":[{"count":0,"href":"https:\/\/www.europesays.com\/es\/wp-json\/wp\/v2\/posts\/311034\/revisions"}],"wp:featuredmedia":[{"embeddable":true,"href":"https:\/\/www.europesays.com\/es\/wp-json\/wp\/v2\/media\/311035"}],"wp:attachment":[{"href":"https:\/\/www.europesays.com\/es\/wp-json\/wp\/v2\/media?parent=311034"}],"wp:term":[{"taxonomy":"category","embeddable":true,"href":"https:\/\/www.europesays.com\/es\/wp-json\/wp\/v2\/categories?post=311034"},{"taxonomy":"post_tag","embeddable":true,"href":"https:\/\/www.europesays.com\/es\/wp-json\/wp\/v2\/tags?post=311034"}],"curies":[{"name":"wp","href":"https:\/\/api.w.org\/{rel}","templated":true}]}}