{"id":311038,"date":"2025-12-28T05:54:21","date_gmt":"2025-12-28T05:54:21","guid":{"rendered":"https:\/\/www.europesays.com\/es\/311038\/"},"modified":"2025-12-28T05:54:21","modified_gmt":"2025-12-28T05:54:21","slug":"exito-del-estreno-de-duendadas-en-galdar","status":"publish","type":"post","link":"https:\/\/www.europesays.com\/es\/311038\/","title":{"rendered":"\u00c9xito del estreno de \u201cDuendadas\u201d en G\u00e1ldar"},"content":{"rendered":"<p>Las aventuras de los simp\u00e1ticos duendes navide\u00f1os de la Casa de Navidad han vuelto a inundar de magia y risas el escenario del Centro Cultural Guaires<\/p>\n<p>El Ministerio de Asuntos M\u00e1gicos se ha propuesto implantar una serie de cambios en el M\u00e1gico Mundo de la Navidad. Nuevos tiempos, nuevos progresos. Pero los divertidos duendes de la Casa de Navidad de G\u00e1ldar no est\u00e1n muy seguros de estar preparados para afrontar la innovaci\u00f3n\u2026<\/p>\n<p>As\u00ed daba comienzo \u201cDuendadas XII- \u00a1IA ES NAVIDAD!\u201d, la \u00faltima propuesta esc\u00e9nica de \u201cLa Casa de Navidad\u201d que cada a\u00f1o llega al escenario del Centro Cultural Guaires para sorprender y divertir en G\u00e1ldar al p\u00fablico de todas las edades.<\/p>\n<p>Este viernes ha tenido lugar el estreno de este espect\u00e1culo que cumple ya doce ediciones con las aventuras de Shelly, Carbo, Gafus, Gizmo, Mam\u00e1 Klaus y el Rey Elros que, una vez m\u00e1s, tendr\u00e1n que capear alg\u00fan que otro temporal. Sea como fuere, la m\u00fasica, el color y la diversi\u00f3n han vuelto a estar presentes durante esta primera funci\u00f3n que ha inundado de risas las butacas del Guaires.<\/p>\n<p>Cathy Pulido, Gustavo Mendoza, Jorge Llamas, Ra\u00fal Pe\u00f1a, Fabiola Acosta y Antonio D\u00edaz volv\u00edan a ponerse en la piel de los personajes m\u00e1s entra\u00f1ables de G\u00e1ldar, Ciudad de Navidad, en esta ocasi\u00f3n con di\u00e1logos y texto de Jennifer Rodr\u00edguez y bajo la batuta de Gustavo Mendoza.<\/p>\n<p>Pero a\u00fan hay posibilidad de seguir disfrutando de ellos, \u201cDuendadas XII- \u00a1IA ES NAVIDAD!\u201d se exhibe este s\u00e1bado 27 a las 18.00 y a las 20:00 horas y por \u00faltima vez el domingo 28 a las 19:00h. Todas las funciones en el Centro Cultural Guaires y con entradas disponibles en entradas.galdar.es.<\/p>\n<p>\u201cDuendadas\u201d naci\u00f3 en enero del a\u00f1o 2014 a modo de una \u201cCasa de la Navidad\u201d y desde entonces ha ido creciendo hasta convertirse en el musical navide\u00f1o por excelencia de las fiestas de G\u00e1ldar, Ciudad Navidad.<\/p>\n<p>\u201cDuendadas XII- \u00a1IA ES NAVIDAD!\u201d forma parte del programa de Navidad organizado por la Concejal\u00eda de Cultura y Fiestas del Ayuntamiento de G\u00e1ldar que dirige Julio Mateo Castillo. El programa completo con horarios y fecha de todos los actos de G\u00e1ldar Ciudad Navidad ya est\u00e1 disponible en galdar.es\/navidad y en el perfil de Instagram @culturagaldar.<\/p>\n","protected":false},"excerpt":{"rendered":"Las aventuras de los simp\u00e1ticos duendes navide\u00f1os de la Casa de Navidad han vuelto a inundar de magia&hellip;\n","protected":false},"author":2,"featured_media":311039,"comment_status":"","ping_status":"","sticky":false,"template":"","format":"standard","meta":{"footnotes":""},"categories":[8],"tags":[17,18,25,24,13,14,11,19,20,9,10,15,16,23,12,21,22],"class_list":{"0":"post-311038","1":"post","2":"type-post","3":"status-publish","4":"format-standard","5":"has-post-thumbnail","7":"category-espana","8":"tag-breaking-news","9":"tag-breakingnews","10":"tag-es","11":"tag-espana","12":"tag-featured-news","13":"tag-featurednews","14":"tag-headlines","15":"tag-latest-news","16":"tag-latestnews","17":"tag-news","18":"tag-noticias","19":"tag-noticias-destacadas","20":"tag-noticiasdestacadas","21":"tag-spain","22":"tag-titulares","23":"tag-ultimas-noticias","24":"tag-ultimasnoticias"},"share_on_mastodon":{"url":"https:\/\/pubeurope.com\/@es\/115795647953443026","error":""},"_links":{"self":[{"href":"https:\/\/www.europesays.com\/es\/wp-json\/wp\/v2\/posts\/311038","targetHints":{"allow":["GET"]}}],"collection":[{"href":"https:\/\/www.europesays.com\/es\/wp-json\/wp\/v2\/posts"}],"about":[{"href":"https:\/\/www.europesays.com\/es\/wp-json\/wp\/v2\/types\/post"}],"author":[{"embeddable":true,"href":"https:\/\/www.europesays.com\/es\/wp-json\/wp\/v2\/users\/2"}],"replies":[{"embeddable":true,"href":"https:\/\/www.europesays.com\/es\/wp-json\/wp\/v2\/comments?post=311038"}],"version-history":[{"count":0,"href":"https:\/\/www.europesays.com\/es\/wp-json\/wp\/v2\/posts\/311038\/revisions"}],"wp:featuredmedia":[{"embeddable":true,"href":"https:\/\/www.europesays.com\/es\/wp-json\/wp\/v2\/media\/311039"}],"wp:attachment":[{"href":"https:\/\/www.europesays.com\/es\/wp-json\/wp\/v2\/media?parent=311038"}],"wp:term":[{"taxonomy":"category","embeddable":true,"href":"https:\/\/www.europesays.com\/es\/wp-json\/wp\/v2\/categories?post=311038"},{"taxonomy":"post_tag","embeddable":true,"href":"https:\/\/www.europesays.com\/es\/wp-json\/wp\/v2\/tags?post=311038"}],"curies":[{"name":"wp","href":"https:\/\/api.w.org\/{rel}","templated":true}]}}