{"id":311054,"date":"2025-12-28T06:10:09","date_gmt":"2025-12-28T06:10:09","guid":{"rendered":"https:\/\/www.europesays.com\/es\/311054\/"},"modified":"2025-12-28T06:10:09","modified_gmt":"2025-12-28T06:10:09","slug":"montxo-armendariz-elige-las-mejores-peliculas-del-siglo-xxi","status":"publish","type":"post","link":"https:\/\/www.europesays.com\/es\/311054\/","title":{"rendered":"Montxo Armend\u00e1riz elige las mejores pel\u00edculas del siglo XXI"},"content":{"rendered":"<p class=\"article-text\">\n        El cine espa\u00f1ol ha elegido las mejores pel\u00edculas del siglo XXI. En una votaci\u00f3n organizada por elDiario.es, 56 cineastas han escogido a\u00a0Mulholland Drive, de<a href=\"https:\/\/www.eldiario.es\/cultura\/cine\/muere-director-cine-david-lynch-autor-obras-maestras-terciopelo-azul-twin-peaks-78-anos_1_11970727.html\" target=\"_blank\" data-mrf-recirculation=\"links-noticia\" class=\"link\" rel=\"nofollow noopener\">\u00a0David Lynch<\/a>, como la mejor obra de estos \u00faltimos 25 a\u00f1os. Un podio que cierran\u00a0In the mood for love, de Wong Kar-Wai y\u00a0La ci\u00e9naga, de\u00a0<a href=\"https:\/\/www.eldiario.es\/cultura\/libros\/lucrecia-martel-cineasta-gente-abraza-verdades-eternas-facil-enganar_1_12797717.html\" target=\"_blank\" data-mrf-recirculation=\"links-noticia\" class=\"link\" rel=\"nofollow noopener\">Lucrecia Martel<\/a>. Esta es la lista de las mejores pel\u00edculas de\u00a0Montxo Armend\u00e1riz.\n    <\/p>\n<p class=\"article-text\">\n        El caballo de Tur\u00edn (B\u00e9la Tarr, 2011)\n    <\/p>\n<p class=\"article-text\">\n        No Other Land (Yubal Abraham, Basel Adra, Hamdan Ballat y Rachel Szor, 2024)\n    <\/p>\n<p class=\"article-text\">\n        Mulholland Drive (David Lynch, 2001)\n    <\/p>\n<p class=\"article-text\">\n        Un hombre sin pasado (Aki Kaurism\u00e4ki, 2002)\n    <\/p>\n<p class=\"article-text\">\n        Leviat\u00e1n (Andrey Zvyagintsev, 2014)\n    <\/p>\n<p class=\"article-text\">\n        In the Mood for Love (Wong Kar-wai, 2000)\n    <\/p>\n<p class=\"article-text\">\n        La imagen perdida (Rithy Panh, 2013)\n    <\/p>\n<p class=\"article-text\">\n        Un asunto de familia (Hirokazu Kore-eda, 2018)\n    <\/p>\n<p class=\"article-text\">\n        Ida (Pawe\u0142 Pawlikowski, 2013)\n    <\/p>\n<p class=\"article-text\">\n        La ci\u00e9naga (Lucrecia Martel, 2001)\n    <\/p>\n","protected":false},"excerpt":{"rendered":"El cine espa\u00f1ol ha elegido las mejores pel\u00edculas del siglo XXI. En una votaci\u00f3n organizada por elDiario.es, 56&hellip;\n","protected":false},"author":2,"featured_media":311055,"comment_status":"","ping_status":"","sticky":false,"template":"","format":"standard","meta":{"footnotes":""},"categories":[169],"tags":[46348,177,8194,146,147,25,24,176,804,73184,175,753,9218,23,23098],"class_list":{"0":"post-311054","1":"post","2":"type-post","3":"status-publish","4":"format-standard","5":"has-post-thumbnail","7":"category-cine","8":"tag-armendariz","9":"tag-cine","10":"tag-elige","11":"tag-entertainment","12":"tag-entretenimiento","13":"tag-es","14":"tag-espana","15":"tag-film","16":"tag-mejores","17":"tag-montxo","18":"tag-movies","19":"tag-peliculas","20":"tag-siglo","21":"tag-spain","22":"tag-xxi"},"share_on_mastodon":{"url":"https:\/\/pubeurope.com\/@es\/115795711101385135","error":""},"_links":{"self":[{"href":"https:\/\/www.europesays.com\/es\/wp-json\/wp\/v2\/posts\/311054","targetHints":{"allow":["GET"]}}],"collection":[{"href":"https:\/\/www.europesays.com\/es\/wp-json\/wp\/v2\/posts"}],"about":[{"href":"https:\/\/www.europesays.com\/es\/wp-json\/wp\/v2\/types\/post"}],"author":[{"embeddable":true,"href":"https:\/\/www.europesays.com\/es\/wp-json\/wp\/v2\/users\/2"}],"replies":[{"embeddable":true,"href":"https:\/\/www.europesays.com\/es\/wp-json\/wp\/v2\/comments?post=311054"}],"version-history":[{"count":0,"href":"https:\/\/www.europesays.com\/es\/wp-json\/wp\/v2\/posts\/311054\/revisions"}],"wp:featuredmedia":[{"embeddable":true,"href":"https:\/\/www.europesays.com\/es\/wp-json\/wp\/v2\/media\/311055"}],"wp:attachment":[{"href":"https:\/\/www.europesays.com\/es\/wp-json\/wp\/v2\/media?parent=311054"}],"wp:term":[{"taxonomy":"category","embeddable":true,"href":"https:\/\/www.europesays.com\/es\/wp-json\/wp\/v2\/categories?post=311054"},{"taxonomy":"post_tag","embeddable":true,"href":"https:\/\/www.europesays.com\/es\/wp-json\/wp\/v2\/tags?post=311054"}],"curies":[{"name":"wp","href":"https:\/\/api.w.org\/{rel}","templated":true}]}}