{"id":311058,"date":"2025-12-28T06:12:11","date_gmt":"2025-12-28T06:12:11","guid":{"rendered":"https:\/\/www.europesays.com\/es\/311058\/"},"modified":"2025-12-28T06:12:11","modified_gmt":"2025-12-28T06:12:11","slug":"el-problema-de-tomar-antibioticos-sin-consejo-medico","status":"publish","type":"post","link":"https:\/\/www.europesays.com\/es\/311058\/","title":{"rendered":"El problema de tomar antibi\u00f3ticos sin consejo m\u00e9dico"},"content":{"rendered":"<p>\n        La <a href=\"https:\/\/seorl.net\/\" title=\"Sociedad Espa\u00f1ola de Otorrinolaringolog\u00eda y Cirug\u00eda de Cabeza y Cuello\" rel=\"nofollow noopener\" target=\"_blank\" class=\"link copy\">Sociedad Espa\u00f1ola de Otorrinolaringolog\u00eda y Cirug\u00eda de Cabeza y Cuello<\/a> (SEORL-CCC), al igual que otras en otras especialidades m\u00e9dicas, ha advertido sobre el<strong> impacto creciente de la automedicaci\u00f3n en <\/strong><a href=\"https:\/\/www.deia.eus\/tags\/infecciones\/\" title=\"infecciones\" target=\"_blank\" class=\"link copy\" rel=\"nofollow noopener\"><strong>infecciones <\/strong><\/a><strong>de o\u00eddo, nariz y garganta<\/strong>. Cada vez son<strong> m\u00e1s las personas que recurren a antibi\u00f3ticos por iniciativa propia<\/strong> ante s\u00edntomas comunes \u2013como dolor de garganta, congesti\u00f3n nasal u otalgia\u2013 <strong>aun cuando la mayor\u00eda de estos cuadros tienen origen viral <\/strong>y se resuelven sin necesidad de tratamiento antimicrobiano.\n<\/p>\n<p class=\"article-body__text \">\n        Las<strong> infecciones leves de v\u00edas respiratorias altas <\/strong>explican una proporci\u00f3n elevada de los casos en los qu<strong>e los pacientes deciden tomar antibi\u00f3ticos sin indicaci\u00f3n m\u00e9dica<\/strong>. Un estudio en poblaci\u00f3n espa\u00f1ola identific\u00f3 que<strong> el 35,1 % de las solicitudes de antibi\u00f3ticos sin receta correspond\u00eda a este tipo de procesos<\/strong>. Estas situaciones son especialmente problem\u00e1ticas porque no solo no aportan beneficio terap\u00e9utico, sino que favorecen la perpetuaci\u00f3n de conductas de automedicaci\u00f3n.\n<\/p>\n<p>  Automedicaci\u00f3n<\/p>\n<p class=\"article-body__text \">\n        La evidencia muestra que esta pr\u00e1ctica est\u00e1 muy extendida. Diferentes investigaciones determinan que <strong>alrededor del 20 % de quienes consumen antibi\u00f3ticos lo hacen sin haber recibido una prescripci\u00f3n m\u00e9dica<\/strong>, bas\u00e1ndose en su propia experiencia previa o en recomendaciones informales, y <strong>recurriendo a envases guardados en el hogar<\/strong>, sobrantes de tratamientos previos\u2026 La tendencia <strong>afecta especialmente a s\u00edntomas comunes de garganta, congesti\u00f3n nasal y dolor de o\u00eddo<\/strong>, que suelen ser virales y autolimitados.\n<\/p>\n<p class=\"article-body__text \">\n        Este fen\u00f3meno se produce en un contexto en el que el Estado espa\u00f1ol presenta un consumo comunitario de antibi\u00f3ticos. <strong>Un estudio reciente estim\u00f3 que el 23,3% de la poblaci\u00f3n tom\u00f3 al menos un tratamiento antibi\u00f3tico en un a\u00f1o, con una media de 1,8 tratamientos por persona<\/strong>. En poblaci\u00f3n pedi\u00e1trica, otra investigaci\u00f3n situ\u00f3 a Espa\u00f1a como el cuarto pa\u00eds europeo con mayor consumo de antibi\u00f3ticos a nivel comunitario, lo que refuerza la necesidad de promover mensajes de uso adecuado.\n<\/p>\n<p class=\"article-body__text \">\n        El impacto en salud p\u00fablica es notable. Las estimaciones m\u00e1s recientes calculan que, solo <strong>en 2021, Espa\u00f1a registr\u00f3 alrededor de 6.350 muertes atribuibles a infecciones bacterianas resistentes y hasta 27.800 muertes asociadas a la resistencia antimicrobiana<\/strong>. Un an\u00e1lisis econ\u00f3mico europeo confirma adem\u00e1s que el Estado espa\u00f1ol muestra uno de los consumos de antibi\u00f3ticos m\u00e1s altos del continente y tasas elevadas de infecciones resistentes por cada 100.000 habitantes.\n<\/p>\n<p>  Uso correcto de los medicamentos<\/p>\n<p class=\"article-body__text \">\n        La SEORL-CCC subraya que la automedicaci\u00f3n antibi\u00f3tica no es un gesto inocuo.<strong> Iniciar un antibi\u00f3tico sin valoraci\u00f3n profesional, reutilizar restos de tratamientos anteriores o tomarlo por si acaso incrementa la presi\u00f3n selectiva sobre las bacterias<\/strong> y compromete la eficacia de los f\u00e1rmacos para el futuro. En el \u00e1mbito ORL, esta situaci\u00f3n tiene repercusiones directas en cuadros que<strong> s\u00ed requieren antibi\u00f3tico adecuado \u2013como otitis complicadas, sinusitis bacterianas graves o infecciones profundas de cuello<\/strong>\u2013 y en los que la resistencia limita las opciones terap\u00e9uticas.\n<\/p>\n<p class=\"article-body__text \">\n        Por ello, la SEORL-CCC recuerda que el primer paso <strong>para proteger la eficacia de los antibi\u00f3ticos es evitar cualquier forma de automedicaci\u00f3n.<\/strong> Ante s\u00edntomas de o\u00eddo, nariz o garganta, la recomendaci\u00f3n es<strong> siempre consultar con un profesional sanitario<\/strong>, que ser\u00e1 quien determine <strong>si existe una infecci\u00f3n bacteriana real y si el uso de un antibi\u00f3tico est\u00e1 justificado<\/strong>. \u201cUsar bien los antibi\u00f3ticos es vital\u201d, como enfatiza la campa\u00f1a del Ministerio de Sanidad y la AEMPS, un mensaje que los otorrinolaring\u00f3logos hacen suyo para reforzar el compromiso colectivo frente a la resistencia antimicrobiana.<\/p>\n","protected":false},"excerpt":{"rendered":"La Sociedad Espa\u00f1ola de Otorrinolaringolog\u00eda y Cirug\u00eda de Cabeza y Cuello (SEORL-CCC), al igual que otras en otras&hellip;\n","protected":false},"author":2,"featured_media":311059,"comment_status":"","ping_status":"","sticky":false,"template":"","format":"standard","meta":{"footnotes":""},"categories":[92],"tags":[73185,2215,25,24,165,2602,166,23],"class_list":{"0":"post-311058","1":"post","2":"type-post","3":"status-publish","4":"format-standard","5":"has-post-thumbnail","7":"category-salud","8":"tag-acaso","9":"tag-antibioticos","10":"tag-es","11":"tag-espana","12":"tag-health","13":"tag-peligro","14":"tag-salud","15":"tag-spain"},"share_on_mastodon":{"url":"https:\/\/pubeurope.com\/@es\/115795718639914613","error":""},"_links":{"self":[{"href":"https:\/\/www.europesays.com\/es\/wp-json\/wp\/v2\/posts\/311058","targetHints":{"allow":["GET"]}}],"collection":[{"href":"https:\/\/www.europesays.com\/es\/wp-json\/wp\/v2\/posts"}],"about":[{"href":"https:\/\/www.europesays.com\/es\/wp-json\/wp\/v2\/types\/post"}],"author":[{"embeddable":true,"href":"https:\/\/www.europesays.com\/es\/wp-json\/wp\/v2\/users\/2"}],"replies":[{"embeddable":true,"href":"https:\/\/www.europesays.com\/es\/wp-json\/wp\/v2\/comments?post=311058"}],"version-history":[{"count":0,"href":"https:\/\/www.europesays.com\/es\/wp-json\/wp\/v2\/posts\/311058\/revisions"}],"wp:featuredmedia":[{"embeddable":true,"href":"https:\/\/www.europesays.com\/es\/wp-json\/wp\/v2\/media\/311059"}],"wp:attachment":[{"href":"https:\/\/www.europesays.com\/es\/wp-json\/wp\/v2\/media?parent=311058"}],"wp:term":[{"taxonomy":"category","embeddable":true,"href":"https:\/\/www.europesays.com\/es\/wp-json\/wp\/v2\/categories?post=311058"},{"taxonomy":"post_tag","embeddable":true,"href":"https:\/\/www.europesays.com\/es\/wp-json\/wp\/v2\/tags?post=311058"}],"curies":[{"name":"wp","href":"https:\/\/api.w.org\/{rel}","templated":true}]}}