{"id":31106,"date":"2025-08-07T07:58:11","date_gmt":"2025-08-07T07:58:11","guid":{"rendered":"https:\/\/www.europesays.com\/es\/31106\/"},"modified":"2025-08-07T07:58:11","modified_gmt":"2025-08-07T07:58:11","slug":"el-mallorquin-baba-miller-deslumbra-con-espana-b","status":"publish","type":"post","link":"https:\/\/www.europesays.com\/es\/31106\/","title":{"rendered":"El mallorqu\u00edn Baba Miller deslumbra con Espa\u00f1a B"},"content":{"rendered":"<p class=\"ft-text ft-helper-closenews\">La <a class=\"ft-link ft-link--decoration\" href=\"https:\/\/www.diariodemallorca.es\/tags\/feb\/\" rel=\"nofollow noopener\" target=\"_blank\">Federaci\u00f3n Espa\u00f1ola de Baloncesto (FEB)<\/a> ha puesto en marcha el proyecto de <strong>una \u2018selecci\u00f3n B\u2019 que permita acelerar el proceso de adaptaci\u00f3n de las j\u00f3venes promesas<\/strong> al combinado absoluto. El estreno de este equipo fue <strong>ante la absoluta de Chequia, con una victoria por 80-75<\/strong> en la que hubo protagonismo mallorqu\u00edn.<\/p>\n<p class=\"ft-text\">El ala-p\u00edvot <a class=\"ft-link ft-link--decoration\" href=\"https:\/\/www.diariodemallorca.es\/tags\/baba-miller\/\" rel=\"nofollow noopener\" target=\"_blank\">Baba Miller<\/a> <strong>deslumbr\u00f3 con 17 puntos (7\/11 en el tiro) y 9 rebotes<\/strong>, n\u00fameros a los que acompa\u00f1\u00f3 con algunas acciones espectaculares, para cerrar el partido con <strong>22 de valoraci\u00f3n y mostrarse como el mejor y m\u00e1s resolutivo<\/strong> de los jugadores que pisaron el parqu\u00e9 del Mart\u00edn Carpena de M\u00e1laga. Tambi\u00e9n destac\u00f3 el inquer <a class=\"ft-link ft-link--decoration\" href=\"https:\/\/www.diariodemallorca.es\/tags\/caicedo\/\" rel=\"nofollow noopener\" target=\"_blank\">Michael Caicedo<\/a>, con siete puntos y muy buenos minutos frente a los checos.<\/p>\n<p class=\"ft-text\">Pese a formar parte de este combinado B que dirige Diego Ocampo, <strong>Baba Miller ha sido uno de los jugadores que se ha entrenado desde el primer d\u00eda de la preparaci\u00f3n para el Eurobasket a las \u00f3rdenes de Sergio Scariolo<\/strong>. Todo un s\u00edntoma de las expectativas que hay generadas en torno al <a href=\"https:\/\/www.diariodemallorca.es\/deportes\/2025\/05\/16\/nueva-aventura-baba-miller-tercera-117467014.html\" class=\"ft-link ft-link--decoration\" rel=\"nofollow noopener\" target=\"_blank\">ala-p\u00edvot, de 21 a\u00f1os y 2\u201911 de altura, que este a\u00f1o cumplir\u00e1 su cuarto a\u00f1o en la NCAA<\/a>. <strong>Formado en la cantera del Bah\u00eda San Agust\u00edn<\/strong>, jug\u00f3 desde los 12 hasta los 18 a\u00f1os en el Real Madrid \u2013con el que lleg\u00f3 a debutar en la Euroliga\u2013, cuando se traslad\u00f3 a Estados Unidos para jugar en la Universidad de Florida State. <a href=\"https:\/\/www.diariodemallorca.es\/deportes\/2024\/06\/04\/baba-miller-retira-draft-2024-103345139.html\" class=\"ft-link ft-link--decoration\" rel=\"nofollow noopener\" target=\"_blank\">En 2024 se apunt\u00f3 al draft de la NBA, pero renunci\u00f3 y se cambi\u00f3 a Florida Atlantic<\/a>. <strong>Este verano ha cambiado otra vez y jugar\u00e1 en la Universidad de Cincinnati<\/strong>.<\/p>\n<p>La lesi\u00f3n de Ndiaye<\/p>\n<p class=\"ft-text\">\u00abEs un gran honor que Sergio cuente conmigo,<strong> estoy intentando aprender y dar el m\u00e1ximo<\/strong>. Ojal\u00e1 poder estar aqu\u00ed alg\u00fan d\u00eda fijo\u00bb, explic\u00f3 Baba Miller en Radio Marca. \u00abLo que m\u00e1s me pide Scariolo es <strong>que use mis habilidades y presencia f\u00edsica en la defensa y que ayude<\/strong>\u00bb, agreg\u00f3 el mallorqu\u00edn, al que se le abre una posibilidad, aunque m\u00ednima, de estar en el Eurobasket ante la baja por lesi\u00f3n de Eli Ndiaye.<\/p>\n<p class=\"ft-text\">Su agenda, por el momento, la marca Espa\u00f1a B, que <strong>este jueves se enfrentar\u00e1 a la absoluta de Portugal<\/strong> (<a href=\"https:\/\/www.diariodemallorca.es\/deportes\/2025\/08\/05\/espana-portugal-amistoso-eurobasket-baloncesto-120385127.html\" class=\"ft-link ft-link--decoration\" rel=\"nofollow noopener\" target=\"_blank\">que este martes venci\u00f3 a Espa\u00f1a A<\/a>). Ser\u00e1 una nueva oportunidad para que <strong>Baba Miller, habitual en las selecciones inferiores<\/strong>, vuelva a mostrar el potencial que se le presume a un candidato a estar en el Draft de la NBA en 2026.<\/p>\n<p data-close=\"closedContent\" class=\"subscribeHideForDisplay\">Suscr\u00edbete para seguir leyendo<\/p>\n","protected":false},"excerpt":{"rendered":"La Federaci\u00f3n Espa\u00f1ola de Baloncesto (FEB) ha puesto en marcha el proyecto de una \u2018selecci\u00f3n B\u2019 que permita&hellip;\n","protected":false},"author":2,"featured_media":31107,"comment_status":"","ping_status":"","sticky":false,"template":"","format":"standard","meta":{"footnotes":""},"categories":[269],"tags":[15598,16381,299,298,168,10252,25,24,11562,15599,3049,23,167],"class_list":{"0":"post-31106","1":"post","2":"type-post","3":"status-publish","4":"format-standard","5":"has-post-thumbnail","7":"category-baloncesto","8":"tag-baba","9":"tag-baba-miller","10":"tag-baloncesto","11":"tag-basketball","12":"tag-deportes","13":"tag-deslumbra","14":"tag-es","15":"tag-espana","16":"tag-mallorquin","17":"tag-miller","18":"tag-sergio-scariolo","19":"tag-spain","20":"tag-sports"},"share_on_mastodon":{"url":"","error":""},"_links":{"self":[{"href":"https:\/\/www.europesays.com\/es\/wp-json\/wp\/v2\/posts\/31106","targetHints":{"allow":["GET"]}}],"collection":[{"href":"https:\/\/www.europesays.com\/es\/wp-json\/wp\/v2\/posts"}],"about":[{"href":"https:\/\/www.europesays.com\/es\/wp-json\/wp\/v2\/types\/post"}],"author":[{"embeddable":true,"href":"https:\/\/www.europesays.com\/es\/wp-json\/wp\/v2\/users\/2"}],"replies":[{"embeddable":true,"href":"https:\/\/www.europesays.com\/es\/wp-json\/wp\/v2\/comments?post=31106"}],"version-history":[{"count":0,"href":"https:\/\/www.europesays.com\/es\/wp-json\/wp\/v2\/posts\/31106\/revisions"}],"wp:featuredmedia":[{"embeddable":true,"href":"https:\/\/www.europesays.com\/es\/wp-json\/wp\/v2\/media\/31107"}],"wp:attachment":[{"href":"https:\/\/www.europesays.com\/es\/wp-json\/wp\/v2\/media?parent=31106"}],"wp:term":[{"taxonomy":"category","embeddable":true,"href":"https:\/\/www.europesays.com\/es\/wp-json\/wp\/v2\/categories?post=31106"},{"taxonomy":"post_tag","embeddable":true,"href":"https:\/\/www.europesays.com\/es\/wp-json\/wp\/v2\/tags?post=31106"}],"curies":[{"name":"wp","href":"https:\/\/api.w.org\/{rel}","templated":true}]}}