{"id":311086,"date":"2025-12-28T06:36:10","date_gmt":"2025-12-28T06:36:10","guid":{"rendered":"https:\/\/www.europesays.com\/es\/311086\/"},"modified":"2025-12-28T06:36:10","modified_gmt":"2025-12-28T06:36:10","slug":"volveremos-a-ver-a-the-rolling-stones-en-directo-el-pais-expres","status":"publish","type":"post","link":"https:\/\/www.europesays.com\/es\/311086\/","title":{"rendered":"\u00bfVolveremos a ver a The Rolling Stones en directo? | El PA\u00cdS Expr\u00e9s"},"content":{"rendered":"<p><img fetchpriority=\"high\" decoding=\"auto\" class=\"_re  a_m-h\" height=\"414\"  width=\"414\"  src=\"https:\/\/www.europesays.com\/es\/wp-content\/uploads\/2025\/12\/G3T4IPMP7RG7BMW6BBHWT7YE3M.jpg\" loading=\"eager\"\/>Ronnie Wood, Mick Jagger, Steve Jordan and Keith Richards of The Rolling Stones perform onstage at The Rolling Stones \u00abHackney Diamonds Tour\u00bb held at SoFi Stadium on July 10, 2024 in Los Angeles, California. (Photo by Gilbert Flores\/Variety via Getty Images)foto: gilbert flores (Getty Images)<\/p>\n<p class=\"\">The Rolling Stones cancelaron la semana pasada su gira por Europa, prevista para 2026. Oficialmente no ha trascendido el motivo, aunque algunos medios apuntaron a la artritis que sufre el guitarrista Keith Richards.<\/p>\n<ul>\n<li>Su estado de salud no es alarmante, pero sus \u00faltimas interpretaciones han sido breves, lejos de los cuatro meses de tour que pretend\u00eda realizar la banda.<\/li>\n<\/ul>\n<p class=\"\"><b>\u00bfSe han acabado The Rolling en directo?<\/b> Esa es la gran pregunta, aunque quienes los conocen de cerca creen que s\u00ed. <\/p>\n<ul>\n<li>En Espa\u00f1a han actuado 23 veces desde su primer concierto en Barcelona en 1976.<\/li>\n<li>El \u00faltimo fue en el Estadio Metropolitano el 1 de junio de 2022.<\/li>\n<\/ul>\n<p class=\"\"><b>Pero hay alternativas&#8230; <\/b><\/p>\n<ul>\n<li>Una de ellas es unos Stones sin Keith Richards, aunque no parece una posibilidad real que Mick Jagger saliera a la carretera sin su eterno colega. <\/li>\n<li>Jagger podr\u00eda tambi\u00e9n actuar en solitario, sin la marca Rolling Stones, como hizo en los ochenta, pero entonces ten\u00eda discos en solitario que presentar en concierto, y esta vez no es as\u00ed.<\/li>\n<li>La especialista Andy Greene apunta a la posibilidad de ver al grupo en una residencia en Las Vegas, para evitar los viajes (aunque el precio podr\u00eda ser estelar).<\/li>\n<li>Y Javier Cosme apuesta por unos Stones vivos en otro sentido: \u201cMe parece mucho m\u00e1s interesante que publiquen discos con material nuevo a verlos en directo tocar canciones antiguas\u201d.<\/li>\n<\/ul>\n<p class=\"\">\u00a9Foto: Gilbert Flores (Getty Images)<\/p>\n<p class=\"\"><a href=\"https:\/\/elpais.com\/cultura\/2025-12-28\/el-barco-pirata-de-los-rolling-stones-encalla-probablemente-no-los-veremos-mas-en-directo.html\" target=\"_self\" rel=\"nofollow noopener\" title=\"https:\/\/elpais.com\/cultura\/2025-12-28\/el-barco-pirata-de-los-rolling-stones-encalla-probablemente-no-los-veremos-mas-en-directo.html\">Si quieres saber m\u00e1s, puedes leer aqu\u00ed<\/a>.<\/p>\n","protected":false},"excerpt":{"rendered":"Ronnie Wood, Mick Jagger, Steve Jordan and Keith Richards of The Rolling Stones perform onstage at The Rolling&hellip;\n","protected":false},"author":2,"featured_media":311087,"comment_status":"","ping_status":"","sticky":false,"template":"","format":"standard","meta":{"footnotes":""},"categories":[91],"tags":[208,146,147,25,24,11475,1273,23,6962],"class_list":{"0":"post-311086","1":"post","2":"type-post","3":"status-publish","4":"format-standard","5":"has-post-thumbnail","7":"category-entretenimiento","8":"tag-conciertos","9":"tag-entertainment","10":"tag-entretenimiento","11":"tag-es","12":"tag-espana","13":"tag-giras-musicales","14":"tag-rock","15":"tag-spain","16":"tag-the-rolling-stones"},"share_on_mastodon":{"url":"https:\/\/pubeurope.com\/@es\/115795813362094227","error":""},"_links":{"self":[{"href":"https:\/\/www.europesays.com\/es\/wp-json\/wp\/v2\/posts\/311086","targetHints":{"allow":["GET"]}}],"collection":[{"href":"https:\/\/www.europesays.com\/es\/wp-json\/wp\/v2\/posts"}],"about":[{"href":"https:\/\/www.europesays.com\/es\/wp-json\/wp\/v2\/types\/post"}],"author":[{"embeddable":true,"href":"https:\/\/www.europesays.com\/es\/wp-json\/wp\/v2\/users\/2"}],"replies":[{"embeddable":true,"href":"https:\/\/www.europesays.com\/es\/wp-json\/wp\/v2\/comments?post=311086"}],"version-history":[{"count":0,"href":"https:\/\/www.europesays.com\/es\/wp-json\/wp\/v2\/posts\/311086\/revisions"}],"wp:featuredmedia":[{"embeddable":true,"href":"https:\/\/www.europesays.com\/es\/wp-json\/wp\/v2\/media\/311087"}],"wp:attachment":[{"href":"https:\/\/www.europesays.com\/es\/wp-json\/wp\/v2\/media?parent=311086"}],"wp:term":[{"taxonomy":"category","embeddable":true,"href":"https:\/\/www.europesays.com\/es\/wp-json\/wp\/v2\/categories?post=311086"},{"taxonomy":"post_tag","embeddable":true,"href":"https:\/\/www.europesays.com\/es\/wp-json\/wp\/v2\/tags?post=311086"}],"curies":[{"name":"wp","href":"https:\/\/api.w.org\/{rel}","templated":true}]}}