{"id":311092,"date":"2025-12-28T06:39:08","date_gmt":"2025-12-28T06:39:08","guid":{"rendered":"https:\/\/www.europesays.com\/es\/311092\/"},"modified":"2025-12-28T06:39:08","modified_gmt":"2025-12-28T06:39:08","slug":"zelenski-viaja-a-canada-antes-de-reunirse-con-trump-dw-27-12-2025","status":"publish","type":"post","link":"https:\/\/www.europesays.com\/es\/311092\/","title":{"rendered":"Zelenski viaja a Canad\u00e1 antes de reunirse con Trump \u2013 DW \u2013 27\/12\/2025"},"content":{"rendered":"<p><a class=\"internal-link\" href=\"https:\/\/www.dw.com\/es\/volod\u00edmir-zelenski\/t-47318346\" rel=\"nofollow noopener\" target=\"_blank\">Volodimir Zelenski<\/a> lleg\u00f3 este s\u00e1bado (27.12.2025) a Canad\u00e1 para un encuentro con el primer ministro antes de una reuni\u00f3n crucial con <a class=\"internal-link\" href=\"https:\/\/www.dw.com\/es\/lo-que-hay-que-saber-del-encuentro-entre-trump-y-zelenski\/a-75313802\" rel=\"nofollow noopener\" target=\"_blank\">Donald Trump<\/a>, horas despu\u00e9s\u00a0de que <a class=\"internal-link\" href=\"https:\/\/www.dw.com\/es\/zelenski-rusia-sigue-atacando-a-ucrania-y-no-quiere-poner-fin-a-la-guerra\/a-75314009\" rel=\"nofollow noopener\" target=\"_blank\">Rusia<\/a> atacara la capital ucraniana, <a class=\"internal-link\" href=\"https:\/\/www.dw.com\/es\/ucrania\/t-36925922\" rel=\"nofollow noopener\" target=\"_blank\">Kiev<\/a>, y dejase a m\u00e1s de un mill\u00f3n de hogares sin electricidad.<\/p>\n<p>Kiev fue blanco de 519 drones y 40 misiles, de los que 474 y 29, respectivamente, fueron abatidos, seg\u00fan la aviaci\u00f3n ucraniana. Uno de los proyectiles incendi\u00f3 un edificio de viviendas, causando un muerto y 28 heridos, de acuerdo con el alcalde, Vitali Klitschko. Otra persona perdi\u00f3 la vida en una zona perif\u00e9rica de la capital.<\/p>\n<p>\u00abEl primer ataque dej\u00f3 sin electricidad a m\u00e1s de 700.000 clientes el s\u00e1bado por la ma\u00f1ana, y otros 400.000 quedaron desconectados en la regi\u00f3n que rodea la capital\u00bb, declar\u00f3 en Telegram el operador privado DTEK.<\/p>\n<p>El ataque se produjo la v\u00edspera de la reuni\u00f3n prevista en Florida entre el presidente Donald Trump y Zelenski, en la que hablar\u00e1n del plan promovido por Estados Unidos para poner fin al conflicto, que comenz\u00f3 hace casi cuatro a\u00f1os.<\/p>\n<p>Antes de ese encuentro, Zelenski viaj\u00f3 a Halifax para reunirse con el primer ministro canadiense, Mark Carney, quien conden\u00f3 la \u00abbarbarie\u00bb de los nuevos ataques en Kiev al recibir al mandatario ucraniano.<\/p>\n<p>\u00abTenemos las condiciones (&#8230;) para una paz justa y duradera, pero eso requiere una Rusia dispuesta, y la barbarie que vimos anoche (&#8230;) demuestra lo importante que es que nos mantengamos al lado de Ucrania\u00bb, dijo Carney.<\/p>\n<p>Zelenski dijo este s\u00e1bado antes de partir para la cita que el \u00faltimo ataque ruso sobre Kiev demuestra que Mosc\u00fa \u00abno quiere poner fin a la guerra\u00bb.<\/p>\n<p>ct (afp, efe)<\/p>\n","protected":false},"excerpt":{"rendered":"Volodimir Zelenski lleg\u00f3 este s\u00e1bado (27.12.2025) a Canad\u00e1 para un encuentro con el primer ministro antes de una&hellip;\n","protected":false},"author":2,"featured_media":311093,"comment_status":"","ping_status":"","sticky":false,"template":"","format":"standard","meta":{"footnotes":""},"categories":[42],"tags":[17,18,13,14,11,61,62,63,64,19,20,9,10,15,16,12,21,22,65,66,67],"class_list":{"0":"post-311092","1":"post","2":"type-post","3":"status-publish","4":"format-standard","5":"has-post-thumbnail","7":"category-internacional","8":"tag-breaking-news","9":"tag-breakingnews","10":"tag-featured-news","11":"tag-featurednews","12":"tag-headlines","13":"tag-internacional","14":"tag-international","15":"tag-international-news","16":"tag-internationalnews","17":"tag-latest-news","18":"tag-latestnews","19":"tag-news","20":"tag-noticias","21":"tag-noticias-destacadas","22":"tag-noticiasdestacadas","23":"tag-titulares","24":"tag-ultimas-noticias","25":"tag-ultimasnoticias","26":"tag-world","27":"tag-world-news","28":"tag-worldnews"},"share_on_mastodon":{"url":"https:\/\/pubeurope.com\/@es\/115795824729577869","error":""},"_links":{"self":[{"href":"https:\/\/www.europesays.com\/es\/wp-json\/wp\/v2\/posts\/311092","targetHints":{"allow":["GET"]}}],"collection":[{"href":"https:\/\/www.europesays.com\/es\/wp-json\/wp\/v2\/posts"}],"about":[{"href":"https:\/\/www.europesays.com\/es\/wp-json\/wp\/v2\/types\/post"}],"author":[{"embeddable":true,"href":"https:\/\/www.europesays.com\/es\/wp-json\/wp\/v2\/users\/2"}],"replies":[{"embeddable":true,"href":"https:\/\/www.europesays.com\/es\/wp-json\/wp\/v2\/comments?post=311092"}],"version-history":[{"count":0,"href":"https:\/\/www.europesays.com\/es\/wp-json\/wp\/v2\/posts\/311092\/revisions"}],"wp:featuredmedia":[{"embeddable":true,"href":"https:\/\/www.europesays.com\/es\/wp-json\/wp\/v2\/media\/311093"}],"wp:attachment":[{"href":"https:\/\/www.europesays.com\/es\/wp-json\/wp\/v2\/media?parent=311092"}],"wp:term":[{"taxonomy":"category","embeddable":true,"href":"https:\/\/www.europesays.com\/es\/wp-json\/wp\/v2\/categories?post=311092"},{"taxonomy":"post_tag","embeddable":true,"href":"https:\/\/www.europesays.com\/es\/wp-json\/wp\/v2\/tags?post=311092"}],"curies":[{"name":"wp","href":"https:\/\/api.w.org\/{rel}","templated":true}]}}