{"id":311094,"date":"2025-12-28T06:40:55","date_gmt":"2025-12-28T06:40:55","guid":{"rendered":"https:\/\/www.europesays.com\/es\/311094\/"},"modified":"2025-12-28T06:40:55","modified_gmt":"2025-12-28T06:40:55","slug":"el-voto-en-el-extranjero-no-mueve-ningun-diputado-en-extremadura-y-deja-al-pp-con-29-escanos-elecciones-extremadura-21-d","status":"publish","type":"post","link":"https:\/\/www.europesays.com\/es\/311094\/","title":{"rendered":"El voto en el extranjero no mueve ning\u00fan diputado en Extremadura y deja al PP con 29 esca\u00f1os | Elecciones Extremadura 21-D"},"content":{"rendered":"<p class=\"\">Todo sigue igual. El tablero pol\u00edtico de Extremadura se mantiene como el pasado domingo: 29 diputados para el PP (uno m\u00e1s que en 2023 y a cuatro de la mayor\u00eda absoluta); 18 esca\u00f1os para los socialistas (diez menos); Vox, con 11 (seis m\u00e1s); y Podemos, siete, <a href=\"https:\/\/elpais.com\/espana\/elecciones\/autonomicas\/10\/\" target=\"_self\" rel=\"nofollow noopener\" title=\"https:\/\/elpais.com\/espana\/elecciones\/autonomicas\/10\/\">tres m\u00e1s que en los anteriores comicios<\/a>. Los sobres y las papeletas del extranjero no han cambiado ni un esca\u00f1o en la Asamblea regional de M\u00e9rida.<\/p>\n<p class=\"\">El voto en el exterior\u2212que forma parte de aquellos extreme\u00f1os que residen de forma permanente fuera de Espa\u00f1a y debe su nombre a que est\u00e1n inscritos en el Censo Electoral de Residentes Ausentes (CERA)\u2212 se ha contabilizado <a href=\"https:\/\/elpais.com\/espana\/elecciones\/autonomicas\/10\/\" target=\"_self\" rel=\"nofollow noopener\" title=\"https:\/\/elpais.com\/espana\/elecciones\/autonomicas\/10\/\">este viernes en C\u00e1ceres y Badajoz<\/a>. De los 860.375 extreme\u00f1os que ten\u00edan derecho a voto el pasado 21 de diciembre, 30.610 resid\u00edan en el extranjero, 1.800 m\u00e1s que en las anteriores elecciones. <\/p>\n<p class=\"\">Sin embargo, la participaci\u00f3n ha sido escasa, como en los \u00faltimos a\u00f1os. En Badajoz se han contado 913 votos de los 12.769 electores residentes en el extranjero. 312 han sido para el PSOE, 203 para el PP, 176 a Vox, y 157 a Unidas por Extremadura. <\/p>\n<p class=\"\">En el caso de C\u00e1ceres, donde la diferencia era de 244 votos entre PSOE y PP y podr\u00eda hacer caer del lado de los populares el diputado 30 y restar uno a los socialistas (de ocho a siete) para dejar un resultado de 17 esca\u00f1os, tampoco ha cambiado. Todo sigue igual. De hecho, los socialistas han sido la fuerza m\u00e1s votada con 317 votos; seguida del PP, con 279; Vox, con 170, y Unidas por Extremadura, con 143. <\/p>\n<p class=\"\">\u201cEl voto en el extranjero no suele variar mucho\u201d, cuentan fuentes del PP, que descartaban cualquier movimiento en el tablero, pese a la rumorolog\u00eda de los \u00faltimos d\u00edas. \u201cNunca es nuestro\u201d, a\u00f1aden. <\/p>\n<p class=\"\">La derecha ha arrollado en Extremadura con m\u00e1s de un 60% de los votos el pasado 21 de diciembre, en una tierra hist\u00f3ricamente era de izquierdas y que ya no lo es. Los socialistas se han quedado m\u00e1s lejos del PP (a 11) de lo que Vox se queda de ellos (a 7). <\/p>\n<p class=\"\">Y el PSOE, <a href=\"https:\/\/elpais.com\/espana\/elecciones-extremadura\/2025-12-21\/la-derecha-arrolla-en-extremadura-gana-guardiola-sin-mayoria-absoluta-se-dispara-vox-y-se-hunde-el-psoe.html\" target=\"_self\" rel=\"nofollow noopener\" title=\"https:\/\/elpais.com\/espana\/elecciones-extremadura\/2025-12-21\/la-derecha-arrolla-en-extremadura-gana-guardiola-sin-mayoria-absoluta-se-dispara-vox-y-se-hunde-el-psoe.html\">que ha gobernado aqu\u00ed 36 de los \u00faltimos 42 a\u00f1os<\/a>, no solo ha perdido su condici\u00f3n de fuerza m\u00e1s votada, que mantuvo por poco en 2023 con Guillermo Fern\u00e1ndez Vara \u2015cuando ya hab\u00eda cosechado su peor resultado hasta entonces\u2015, sino que ha sufrido un dram\u00e1tico derrumbamiento, con m\u00e1s de 14 puntos perdidos. Y ha supuesto la dimisi\u00f3n de su candidato, Miguel \u00c1ngel Gallardo, el pasado lunes. <\/p>\n<p class=\"\"><a href=\"https:\/\/elpais.com\/espana\/elecciones\/autonomicas\/10\/\" target=\"_self\" rel=\"nofollow noopener\" title=\"https:\/\/elpais.com\/espana\/elecciones\/autonomicas\/10\/\"><b>Todos los resultados de las Elecciones en Extremadura<\/b><\/a><\/p>\n","protected":false},"excerpt":{"rendered":"Todo sigue igual. El tablero pol\u00edtico de Extremadura se mantiene como el pasado domingo: 29 diputados para el&hellip;\n","protected":false},"author":2,"featured_media":311095,"comment_status":"","ping_status":"","sticky":false,"template":"","format":"standard","meta":{"footnotes":""},"categories":[8],"tags":[17,18,4246,62996,4374,54253,63513,25,24,7234,13,14,1468,11,12265,19,20,9,10,15,16,957,68981,23,12,21,22],"class_list":{"0":"post-311094","1":"post","2":"type-post","3":"status-publish","4":"format-standard","5":"has-post-thumbnail","7":"category-espana","8":"tag-breaking-news","9":"tag-breakingnews","10":"tag-campanas-electorales","11":"tag-coaliciones-electorales","12":"tag-elecciones","13":"tag-elecciones-autonomicas","14":"tag-elecciones-extremenas","15":"tag-es","16":"tag-espana","17":"tag-extremadura","18":"tag-featured-news","19":"tag-featurednews","20":"tag-gobierno-autonomico","21":"tag-headlines","22":"tag-junta-extremadura","23":"tag-latest-news","24":"tag-latestnews","25":"tag-news","26":"tag-noticias","27":"tag-noticias-destacadas","28":"tag-noticiasdestacadas","29":"tag-partidos-politicos","30":"tag-programas-electorales","31":"tag-spain","32":"tag-titulares","33":"tag-ultimas-noticias","34":"tag-ultimasnoticias"},"share_on_mastodon":{"url":"","error":"Validation failed: Text character limit of 500 exceeded"},"_links":{"self":[{"href":"https:\/\/www.europesays.com\/es\/wp-json\/wp\/v2\/posts\/311094","targetHints":{"allow":["GET"]}}],"collection":[{"href":"https:\/\/www.europesays.com\/es\/wp-json\/wp\/v2\/posts"}],"about":[{"href":"https:\/\/www.europesays.com\/es\/wp-json\/wp\/v2\/types\/post"}],"author":[{"embeddable":true,"href":"https:\/\/www.europesays.com\/es\/wp-json\/wp\/v2\/users\/2"}],"replies":[{"embeddable":true,"href":"https:\/\/www.europesays.com\/es\/wp-json\/wp\/v2\/comments?post=311094"}],"version-history":[{"count":0,"href":"https:\/\/www.europesays.com\/es\/wp-json\/wp\/v2\/posts\/311094\/revisions"}],"wp:featuredmedia":[{"embeddable":true,"href":"https:\/\/www.europesays.com\/es\/wp-json\/wp\/v2\/media\/311095"}],"wp:attachment":[{"href":"https:\/\/www.europesays.com\/es\/wp-json\/wp\/v2\/media?parent=311094"}],"wp:term":[{"taxonomy":"category","embeddable":true,"href":"https:\/\/www.europesays.com\/es\/wp-json\/wp\/v2\/categories?post=311094"},{"taxonomy":"post_tag","embeddable":true,"href":"https:\/\/www.europesays.com\/es\/wp-json\/wp\/v2\/tags?post=311094"}],"curies":[{"name":"wp","href":"https:\/\/api.w.org\/{rel}","templated":true}]}}