{"id":311096,"date":"2025-12-28T06:42:25","date_gmt":"2025-12-28T06:42:25","guid":{"rendered":"https:\/\/www.europesays.com\/es\/311096\/"},"modified":"2025-12-28T06:42:25","modified_gmt":"2025-12-28T06:42:25","slug":"el-gobierno-regional-y-asiccaza-desarrollan-en-las-pedroneras-y-pedro-munoz-un-proyecto-piloto-para-el-control-de-la-sobrepoblacion-de-conejo-y-la-comercializacion-de-su-carne-gobierno-de-castilla-l","status":"publish","type":"post","link":"https:\/\/www.europesays.com\/es\/311096\/","title":{"rendered":"El Gobierno regional y ASICCAZA desarrollan en Las Pedro\u00f1eras y Pedro Mu\u00f1oz un proyecto piloto para el control de la sobrepoblaci\u00f3n de conejo y la comercializaci\u00f3n de su carne &#8211; Gobierno de Castilla-La Mancha"},"content":{"rendered":"<ol>\n<li><a href=\"https:\/\/news.google.com\/rss\/articles\/CBMi-gFBVV95cUxOSnJRb3RnUnVMNWJhRnYtajV4Zy03MHZqbHdRQzZZSS16WE1WNTlLbzVjTS1OT1hiVkZIWnI4S2VhdnZ1Nnd4aGFSalVKZWNBdy03SVF6Zk5tYnFyZ2hrT3EwR3lra2w4bkVXeVh6VkVYRHJMRVVhMzRpYVQxekNyV2MwR245MGxnbjNMbDI2cUhRTDFtVFBESzVmZ2pFZ280M1lUQU80enhOUGx0alhmNEhmYmJmT28tYkdBRjNvbzB6V0VGemJuT0xBd2F0OFRfa3BpLWEwVmFqeTNFUzBWM1dZU1VWTXZBaWZjeEE0YjBROXdFdmR2cEJB?oc=5\" target=\"_blank\" rel=\"nofollow noopener\">El Gobierno regional y ASICCAZA desarrollan en Las Pedro\u00f1eras y Pedro Mu\u00f1oz un proyecto piloto para el control de la sobrepoblaci\u00f3n de conejo y la comercializaci\u00f3n de su carne<\/a>&nbsp;&nbsp;Gobierno de Castilla-La Mancha<\/li>\n<li><a href=\"https:\/\/news.google.com\/rss\/articles\/CBMiiwJBVV95cUxQUG1CcWIyN0gxeWhiaTdJSUhrVTYtZmY4ZzJYWVVEc05HczM3eWotMUxURFdEeUVPNTFhdTlwenotbkM2RlF5dk9CMHFkcEpmSkFKUUtiQVRndTlmNjlJbVVjSVJIWVkwbDVpeFpmV0VoUkdaQXIwSTlNck1RM1BjTEw0UmtRaWtjdURrSGt0Ri04c3hhbTZDMHdMc1Y3UURFYzhaSklEZ0tvXzZHd1lnN3Y1ZUVJeDRlSS1nak5xZGFNcmlScGFXM0lmVGhMM1Z2a1NCWE5EWWoybW1NN2RwUVRXVzN6WmI1RmFYT3pKVWI5c3hOSWI0VUxFUW5jQ3U0LXQydjhYTkV5dWPSAZACQVVfeXFMUHVlaXphU0U4emxmUE9iNDRORE9Va08xd2ViNUFkb1dmZ09rTWFxLW1CNVpELVkzcHZGLU5YQUlDaTJnazA5a0F4RXpMeUFESDdoT0xGbFVIX1dTby1oVWFEUlpWZTl4OWliTEFqbGIzQmVwN1JOMXVJaVJDczVJejRKSkEwNklyTS1uMlZVWHN5T3NYVlRKNU1aU3l4cDVmc1oxQ1lfX1lOdU0xZE5QRVVZaThLTkpvclBIM1BsajdBbjc4c0J4VUdSWnBVWFY4VTI0LUdrTkR0UV9zWks1MF9yMFBPMjVhLVB2SFdMREZGVnN0elYxZElrUW0yQVJIMm1qbmVDbnpkZkQ3WEZHVnU?oc=5\" target=\"_blank\" rel=\"nofollow noopener\">Castilla-La Mancha promueve la comercializaci\u00f3n de un millar de conejos silvestres cazados desde noviembre<\/a>&nbsp;&nbsp;El Espa\u00f1ol<\/li>\n<li><a href=\"https:\/\/news.google.com\/rss\/articles\/CBMi2gFBVV95cUxPUTJXb3lCd1JoN2lJSnVWUndTbUMzeVVRRmN0cmZobjV6MzRGQk9NVHBqdFhYVWpmYkxkZHFuakpLTktCVXNTckZmakdOM1MzcnlIbXhxRUtuNXhBc3EtdnNPQmtwcTU0VGVxaXR4RWVlSHhSaTNWbmpsWE5QdDd2eElPLWVIZzZMWExXQjZ1VE5QaDNYeXhPU3IwWTlIMVlqQ3JFSXdrT3UxbTFyYk5OSnZidzVZbXlMZ0ZVZnUxdS1EOEh3X2tuMTRlUFJZLUxsWGpidzNaREhsdw?oc=5\" target=\"_blank\" rel=\"nofollow noopener\">C-LM y Asiccaza desarrollan un proyecto para controlar la sobrepoblaci\u00f3n de conejo y comercializar su carne<\/a>&nbsp;&nbsp;Forbes Espa\u00f1a<\/li>\n<li><a href=\"https:\/\/news.google.com\/rss\/articles\/CBMikAJBVV95cUxQOWl5RDdVWnAwV0RzZFFvMkN0dFAweUVFbHZsaVpqWTlsNjB0TmhHQnI2WldlYjZPS2NnczdaSU14WmNsUkpuZ0QzYVRPYlpJS0V3c0xROVlmbXlFZWlIWWg0YzVVN0Fud0VDTlpRU0FwOTRWSkRkN3NrLTRYeWVxektFVVllbVRfNFJRaU40RUNTY2JvZVFKZ2tsQi1aMUs3SnppanVRel94aDk2bGd6U1RkcU82Qld4ZnlZS3RkalZ2ZXV3cGZLZU5YdmpJTW1zZm9veFFNbnVBWWEtVjVHbElHcVZlYnlrVG15STljSnFySWVLTnl0Z1J3V1liRkU1Y1dfMW9TbUZ3RDNTQTFTYdIBjgJBVV95cUxNRXZpVEZOWFMwdTN4ZlA1cWtkaVdiZjZZZFl0VC1JbUl4MkVUZ04zMXJjakZDWUNRdWlvN1VTYzF6UkR4YVFkaTM1N2tDYlUybENVT3pvenZVTGs3UnNUM0QwWFNPSmJDLVpEMXV3NE1FNzA0aFZzbHlfZHNRV0VrdEVIREVzMzgtSTJsU0FQMzJyeENPNWFiSUY5NDQ4SmlkWmtHUGlhYkdjbGNHX1BSd2ozaGRldkhrS1prVGoxMkRBT1NrQ2J0ZnIySG1Ja09GRFBZYXhsd2w4X19VSi1MM3ZuRnBlMHdmYmRhM1o1STdSZXVUa1RHMzBKaUk0M2M5ckQ5dlh3WUZrbzdHZkE?oc=5\" target=\"_blank\" rel=\"nofollow noopener\">Econom\u00eda.- C-LM y Asiccaza desarrollan un proyecto para controlar la sobrepoblaci\u00f3n de conejo y comercializar su carne<\/a>&nbsp;&nbsp;Bolsamania<\/li>\n<li><a href=\"https:\/\/news.google.com\/rss\/articles\/CBMi4wFBVV95cUxNZDc5WmFOcjh5MHVFbFFwbXNVZnU2MU45TGNHUWRleWoyNGJIZW15VVFXT2g3ZmxqV0xoaWsxZnNqVzBRNkdMNUdWS2wwQ1lkTF9UTEQwLW1GNW95dU96aEtPZVFnV0xrcmtsaHhIRldqSnRlb21ka0xaOGwxTHNJMEhzaWF0UDkzSzl2WkxFLThBWkVtMHI1RlJpeU9OOXdrcl9SMjM1TUxxNXk2OElCcmd0LU10TEF5RFA1V2U0UHY5dmRyeElWQlV5VWVIQmpkZ0MxNi1jZnpCZ0dyOFlKS2xXZw?oc=5\" target=\"_blank\" rel=\"nofollow noopener\">La Junta plantea cazar m\u00e1s conejos con hurones y destinarlos a la industria c\u00e1rnica<\/a>&nbsp;&nbsp;La Tribuna de Ciudad Real<\/li>\n<\/ol>\n","protected":false},"excerpt":{"rendered":"El Gobierno regional y ASICCAZA desarrollan en Las Pedro\u00f1eras y Pedro Mu\u00f1oz un proyecto piloto para el control&hellip;\n","protected":false},"author":2,"featured_media":297172,"comment_status":"","ping_status":"","sticky":false,"template":"","format":"standard","meta":{"footnotes":""},"categories":[5],"tags":[17,18,25,24,13,14,11,19,20,9,10,15,16,23,12,21,22],"class_list":{"0":"post-311096","1":"post","2":"type-post","3":"status-publish","4":"format-standard","5":"has-post-thumbnail","7":"category-titulares","8":"tag-breaking-news","9":"tag-breakingnews","10":"tag-es","11":"tag-espana","12":"tag-featured-news","13":"tag-featurednews","14":"tag-headlines","15":"tag-latest-news","16":"tag-latestnews","17":"tag-news","18":"tag-noticias","19":"tag-noticias-destacadas","20":"tag-noticiasdestacadas","21":"tag-spain","22":"tag-titulares","23":"tag-ultimas-noticias","24":"tag-ultimasnoticias"},"share_on_mastodon":{"url":"https:\/\/pubeurope.com\/@es\/115795836507513081","error":""},"_links":{"self":[{"href":"https:\/\/www.europesays.com\/es\/wp-json\/wp\/v2\/posts\/311096","targetHints":{"allow":["GET"]}}],"collection":[{"href":"https:\/\/www.europesays.com\/es\/wp-json\/wp\/v2\/posts"}],"about":[{"href":"https:\/\/www.europesays.com\/es\/wp-json\/wp\/v2\/types\/post"}],"author":[{"embeddable":true,"href":"https:\/\/www.europesays.com\/es\/wp-json\/wp\/v2\/users\/2"}],"replies":[{"embeddable":true,"href":"https:\/\/www.europesays.com\/es\/wp-json\/wp\/v2\/comments?post=311096"}],"version-history":[{"count":0,"href":"https:\/\/www.europesays.com\/es\/wp-json\/wp\/v2\/posts\/311096\/revisions"}],"wp:featuredmedia":[{"embeddable":true,"href":"https:\/\/www.europesays.com\/es\/wp-json\/wp\/v2\/media\/297172"}],"wp:attachment":[{"href":"https:\/\/www.europesays.com\/es\/wp-json\/wp\/v2\/media?parent=311096"}],"wp:term":[{"taxonomy":"category","embeddable":true,"href":"https:\/\/www.europesays.com\/es\/wp-json\/wp\/v2\/categories?post=311096"},{"taxonomy":"post_tag","embeddable":true,"href":"https:\/\/www.europesays.com\/es\/wp-json\/wp\/v2\/tags?post=311096"}],"curies":[{"name":"wp","href":"https:\/\/api.w.org\/{rel}","templated":true}]}}