{"id":311117,"date":"2025-12-28T07:03:12","date_gmt":"2025-12-28T07:03:12","guid":{"rendered":"https:\/\/www.europesays.com\/es\/311117\/"},"modified":"2025-12-28T07:03:12","modified_gmt":"2025-12-28T07:03:12","slug":"zelenski-espera-cerrar-un-acuerdo-de-paz-para-ucrania-en-su-reunion-con-trump","status":"publish","type":"post","link":"https:\/\/www.europesays.com\/es\/311117\/","title":{"rendered":"Zelenski espera cerrar un acuerdo de paz para Ucrania en su reuni\u00f3n con Trump"},"content":{"rendered":"<p>    <img src=\"https:\/\/www.europesays.com\/es\/wp-content\/uploads\/2025\/12\/2025-12-28T043A493A53Z-90696711.jpg\" width=\"1024\" height=\"614\" alt=\"\" loading=\"eager\" decoding=\"sync\" fetchpriority=\"high\"\/><\/p>\n<p>            afp_tickers        <\/p>\n<p>        Este contenido fue publicado en    <\/p>\n<p>        28 diciembre 2025 &#8211; 06:03\n<\/p>\n<p>El presidente de Ucrania, Volodimir Zelenski, se reunir\u00e1 este domingo en Florida con su hom\u00f3logo estadounidense, Donald Trump, en busca de su aprobaci\u00f3n para una nueva propuesta destinada a poner fin al conflicto con Rusia, que se prolonga por casi cuatro a\u00f1os.\u00a0<\/p>\n<p>El plan de 20 puntos, fruto de semanas de intensas negociaciones entre Estados Unidos y Ucrania, carece del visto bueno de Mosc\u00fa, y el encuentro cara a cara en Florida se producir\u00e1 tras un masivo ataque ruso con misiles y drones contra Kiev.\u00a0<\/p>\n<p>La reuni\u00f3n, organizada por Trump en su opulenta residencia de Mar-a-Lago, ser\u00e1 el primer encuentro en persona entre ambos l\u00edderes desde octubre, cuando el presidente estadounidense se neg\u00f3 a conceder la petici\u00f3n de Zelenski de misiles Tomahawk de largo alcance. Trump recibir\u00e1 Zelenski a las 13H00 locales (18:00 GMT).<\/p>\n<p>Durante una escala en la ciudad canadiense de Halifax el s\u00e1bado, Zelenski dijo esperar que las conversaciones sean \u00abmuy constructivas\u00bb y afirm\u00f3 que el presidente ruso, Vladimir Putin, hab\u00eda mostrado sus cartas con el \u00faltimo ataque contra la capital ucraniana.\u00a0<\/p>\n<p>\u00abEste ataque es, otra vez, la respuesta de Rusia a nuestros esfuerzos de paz. Y esto realmente demostr\u00f3 que Putin no quiere la paz, y nosotros s\u00ed queremos la paz\u00bb, se\u00f1al\u00f3.<\/p>\n<p>Desde que Putin orden\u00f3 la invasi\u00f3n a Ucrania en febrero de 2022, gran parte del este y el sur del pa\u00eds qued\u00f3 devastada por los combates y decenas de miles de personas han muerto.<\/p>\n<p>\u2013 \u00abPleno apoyo\u00bb \u2013<\/p>\n<p>En Halifax, Zelenski mantuvo una teleconferencia con l\u00edderes europeos que, seg\u00fan el canciller alem\u00e1n Friedrich Merz, confirmaron su \u00abpleno apoyo\u00bb a los esfuerzos de paz.\u00a0<\/p>\n<p>Los dirigentes de la UE Ursula von der Leyen y Antonio Costa, que participaron en la teleconferencia, aseguraron que el respaldo de la Uni\u00f3n Europea a Ucrania no flaquear\u00e1 nunca y prometieron mantener la presi\u00f3n sobre el Kremlin para que acepte un acuerdo.<\/p>\n<p>Rusia ha acusado a Ucrania y a sus aliados europeos de intentar \u00abtorpedear\u00bb un plan previo, mediado por Estados Unidos, para detener los combates.\u00a0<\/p>\n<p>Por su parte, el ministro de Relaciones Exteriores ruso, Sergu\u00e9i Lavrov, afirm\u00f3 en una entrevista con la agencia Tass la madrugada del domingo que \u00abla Uni\u00f3n Europea se ha convertido en el principal obst\u00e1culo para la paz\u00bb.<\/p>\n<p>Hasta ahora, Trump no se ha comprometido con la nueva propuesta de paz.<\/p>\n<p>\u00abZelenski no tiene nada hasta que yo lo apruebe\u00bb, advirti\u00f3 el presidente en una entrevista con el medio Politico el viernes. \u00abAs\u00ed que veremos qu\u00e9 trae\u00bb.<\/p>\n<p>Las conversaciones abordar\u00e1n un plan que detendr\u00eda la guerra a lo largo de las l\u00edneas del frente actuales y podr\u00eda exigir que Ucrania retire tropas del este, permitiendo la creaci\u00f3n de zonas desmilitarizadas de amortiguamiento.\u00a0<\/p>\n<p>El texto contiene el reconocimiento m\u00e1s expl\u00edcito hasta ahora por parte de Kiev de posibles concesiones territoriales. Pero no contempla que Ucrania se retire del 20% de la regi\u00f3n oriental de Donetsk que a\u00fan controla, que es la principal exigencia territorial de Rusia.<\/p>\n<p>Trump ha convertido el fin de las guerras en Ucrania y Gaza en el eje de su segundo mandato, en el que se autoproclama \u00abpresidente de la paz\u00bb.\u00a0<\/p>\n<p>Pero la guerra de Ucrania, seg\u00fan \u00e9l mismo ha admitido, ha resultado mucho m\u00e1s dif\u00edcil de lo que esperaba, y el presidente ha expresado repetidamente su frustraci\u00f3n con ambas partes por no lograr una tregua.<\/p>\n<p>\u2013 Garant\u00edas de seguridad \u2013<\/p>\n<p>En Canad\u00e1, Zelenski declar\u00f3 a periodistas que las garant\u00edas de seguridad ser\u00edan un aspecto clave de las conversaciones en Florida.\u00a0<\/p>\n<p>\u00abLas garant\u00edas de seguridad deben ser simult\u00e1neas con el fin de la guerra, porque debemos tener la confianza de que Rusia no volver\u00e1 a iniciar la agresi\u00f3n\u00bb, subray\u00f3.\u00a0<\/p>\n<p>\u00abNecesitamos garant\u00edas de seguridad s\u00f3lidas. Debatiremos esto y debatiremos las condiciones\u00bb, se\u00f1al\u00f3.\u00a0<\/p>\n<p>Ucrania insiste en que necesita m\u00e1s apoyo europeo y estadounidense en t\u00e9rminos de financiaci\u00f3n y armamento, especialmente drones.\u00a0<\/p>\n<p>El primer ministro canadiense, Mark Carney, que se reuni\u00f3 con Zelenski durante su escala el s\u00e1bado, anunci\u00f3 2.500 millones de d\u00f3lares canadienses (1.820 millones de d\u00f3lares estadounidenses) en nueva ayuda econ\u00f3mica para colaborar en la reconstrucci\u00f3n de Ucrania cuando termine la guerra.\u00a0<\/p>\n<p>El \u00faltimo ataque ruso la noche del viernes, en el que 500 drones y 40 misiles golpearon la capital ucraniana y su infraestructura, dej\u00f3 dos muertos y decenas de heridos, y cort\u00f3 la electricidad y la calefacci\u00f3n a cientos de miles de residentes de la regi\u00f3n de Kiev en plena ola de fr\u00edo.<\/p>\n<p>aue\/jgc\/gh\/dw\/ad\/cr\/mas<\/p>\n","protected":false},"excerpt":{"rendered":"afp_tickers Este contenido fue publicado en 28 diciembre 2025 &#8211; 06:03 El presidente de Ucrania, Volodimir Zelenski, se&hellip;\n","protected":false},"author":2,"featured_media":311118,"comment_status":"","ping_status":"","sticky":false,"template":"","format":"standard","meta":{"footnotes":""},"categories":[42],"tags":[635,17,18,636,83,13,14,11,61,62,63,86,64,19,20,9,10,15,16,88,90,12,21,22,65,66,67],"class_list":{"0":"post-311117","1":"post","2":"type-post","3":"status-publish","4":"format-standard","5":"has-post-thumbnail","7":"category-internacional","8":"tag-armed-conflict","9":"tag-breaking-news","10":"tag-breakingnews","11":"tag-conflict","12":"tag-diplomacy","13":"tag-featured-news","14":"tag-featurednews","15":"tag-headlines","16":"tag-internacional","17":"tag-international","18":"tag-international-news","19":"tag-international-relations","20":"tag-internationalnews","21":"tag-latest-news","22":"tag-latestnews","23":"tag-news","24":"tag-noticias","25":"tag-noticias-destacadas","26":"tag-noticiasdestacadas","27":"tag-politics","28":"tag-ticker","29":"tag-titulares","30":"tag-ultimas-noticias","31":"tag-ultimasnoticias","32":"tag-world","33":"tag-world-news","34":"tag-worldnews"},"share_on_mastodon":{"url":"https:\/\/pubeurope.com\/@es\/115795919349505586","error":""},"_links":{"self":[{"href":"https:\/\/www.europesays.com\/es\/wp-json\/wp\/v2\/posts\/311117","targetHints":{"allow":["GET"]}}],"collection":[{"href":"https:\/\/www.europesays.com\/es\/wp-json\/wp\/v2\/posts"}],"about":[{"href":"https:\/\/www.europesays.com\/es\/wp-json\/wp\/v2\/types\/post"}],"author":[{"embeddable":true,"href":"https:\/\/www.europesays.com\/es\/wp-json\/wp\/v2\/users\/2"}],"replies":[{"embeddable":true,"href":"https:\/\/www.europesays.com\/es\/wp-json\/wp\/v2\/comments?post=311117"}],"version-history":[{"count":0,"href":"https:\/\/www.europesays.com\/es\/wp-json\/wp\/v2\/posts\/311117\/revisions"}],"wp:featuredmedia":[{"embeddable":true,"href":"https:\/\/www.europesays.com\/es\/wp-json\/wp\/v2\/media\/311118"}],"wp:attachment":[{"href":"https:\/\/www.europesays.com\/es\/wp-json\/wp\/v2\/media?parent=311117"}],"wp:term":[{"taxonomy":"category","embeddable":true,"href":"https:\/\/www.europesays.com\/es\/wp-json\/wp\/v2\/categories?post=311117"},{"taxonomy":"post_tag","embeddable":true,"href":"https:\/\/www.europesays.com\/es\/wp-json\/wp\/v2\/tags?post=311117"}],"curies":[{"name":"wp","href":"https:\/\/api.w.org\/{rel}","templated":true}]}}