{"id":311119,"date":"2025-12-28T07:04:50","date_gmt":"2025-12-28T07:04:50","guid":{"rendered":"https:\/\/www.europesays.com\/es\/311119\/"},"modified":"2025-12-28T07:04:50","modified_gmt":"2025-12-28T07:04:50","slug":"los-villancicos-del-centro-de-mayores-margarita-salas-y-del-colegio-maria-inmaculada-llenan-de-navidad-el-mercado-municipal","status":"publish","type":"post","link":"https:\/\/www.europesays.com\/es\/311119\/","title":{"rendered":"Los villancicos del Centro de Mayores \u00abMargarita Salas\u00bb y del colegio Mar\u00eda Inmaculada llenan de Navidad el Mercado Municipal"},"content":{"rendered":"<p>La asociaci\u00f3n cultural del Centro de Mayores \u201cMargaritas Salas\u201d ataviados de pastores han llevado el esp\u00edritu navide\u00f1o al interior del Mercado Municipal, en donde han coincidido con alumnos de infantil del colegio Mar\u00eda Inmaculada, con los que han compartido villancicos populares.<\/p>\n<p>La clientela que ultima sus compras navide\u00f1as en este espacio comercial disfrut\u00f3 de las canciones que interpretaron esta asociaci\u00f3n tan imprescindible en cada uno de los eventos m\u00e1s significativos de la ciudad. La concejala de mercado y comercio, Inmaculada Amaro, acompa\u00f1\u00f3 e invit\u00f3 a los escolares y a los pastores a visitar el bel\u00e9n que con tanto cari\u00f1o ha preparado la familia Garc\u00eda de las Bayonas.<\/p>\n<p><img fetchpriority=\"high\" decoding=\"async\" width=\"1200\" height=\"800\" src=\"https:\/\/www.europesays.com\/es\/wp-content\/uploads\/2025\/12\/mercadovilla-1ac_01.jpg\" alt=\"\" class=\"wp-image-146734\"  \/><br \/>\n<img loading=\"lazy\" decoding=\"async\" width=\"1200\" height=\"800\" src=\"https:\/\/www.europesays.com\/es\/wp-content\/uploads\/2025\/12\/mercadovilla.7_01.jpg\" alt=\"\" class=\"wp-image-146735\"  \/><br \/>\n<img loading=\"lazy\" decoding=\"async\" width=\"1200\" height=\"800\" src=\"https:\/\/www.europesays.com\/es\/wp-content\/uploads\/2025\/12\/mercadovillan-4_01.jpg\" alt=\"\" class=\"wp-image-146736\"  \/><br \/>\n<img loading=\"lazy\" decoding=\"async\" width=\"1200\" height=\"800\" src=\"https:\/\/www.europesays.com\/es\/wp-content\/uploads\/2025\/12\/mercadovilla-1ab_01.jpg\" alt=\"\" class=\"wp-image-146737\"  \/><br \/>\n<img loading=\"lazy\" decoding=\"async\" width=\"1200\" height=\"800\" src=\"https:\/\/www.europesays.com\/es\/wp-content\/uploads\/2025\/12\/mercadovillan-8_01.jpg\" alt=\"\" class=\"wp-image-146738\"  \/><\/p>\n","protected":false},"excerpt":{"rendered":"La asociaci\u00f3n cultural del Centro de Mayores \u201cMargaritas Salas\u201d ataviados de pastores han llevado el esp\u00edritu navide\u00f1o al&hellip;\n","protected":false},"author":2,"featured_media":311120,"comment_status":"","ping_status":"","sticky":false,"template":"","format":"standard","meta":{"footnotes":""},"categories":[8],"tags":[17,18,25,24,13,14,11,19,20,9,10,15,16,23,12,21,22],"class_list":{"0":"post-311119","1":"post","2":"type-post","3":"status-publish","4":"format-standard","5":"has-post-thumbnail","7":"category-espana","8":"tag-breaking-news","9":"tag-breakingnews","10":"tag-es","11":"tag-espana","12":"tag-featured-news","13":"tag-featurednews","14":"tag-headlines","15":"tag-latest-news","16":"tag-latestnews","17":"tag-news","18":"tag-noticias","19":"tag-noticias-destacadas","20":"tag-noticiasdestacadas","21":"tag-spain","22":"tag-titulares","23":"tag-ultimas-noticias","24":"tag-ultimasnoticias"},"share_on_mastodon":{"url":"https:\/\/pubeurope.com\/@es\/115795927687156578","error":""},"_links":{"self":[{"href":"https:\/\/www.europesays.com\/es\/wp-json\/wp\/v2\/posts\/311119","targetHints":{"allow":["GET"]}}],"collection":[{"href":"https:\/\/www.europesays.com\/es\/wp-json\/wp\/v2\/posts"}],"about":[{"href":"https:\/\/www.europesays.com\/es\/wp-json\/wp\/v2\/types\/post"}],"author":[{"embeddable":true,"href":"https:\/\/www.europesays.com\/es\/wp-json\/wp\/v2\/users\/2"}],"replies":[{"embeddable":true,"href":"https:\/\/www.europesays.com\/es\/wp-json\/wp\/v2\/comments?post=311119"}],"version-history":[{"count":0,"href":"https:\/\/www.europesays.com\/es\/wp-json\/wp\/v2\/posts\/311119\/revisions"}],"wp:featuredmedia":[{"embeddable":true,"href":"https:\/\/www.europesays.com\/es\/wp-json\/wp\/v2\/media\/311120"}],"wp:attachment":[{"href":"https:\/\/www.europesays.com\/es\/wp-json\/wp\/v2\/media?parent=311119"}],"wp:term":[{"taxonomy":"category","embeddable":true,"href":"https:\/\/www.europesays.com\/es\/wp-json\/wp\/v2\/categories?post=311119"},{"taxonomy":"post_tag","embeddable":true,"href":"https:\/\/www.europesays.com\/es\/wp-json\/wp\/v2\/tags?post=311119"}],"curies":[{"name":"wp","href":"https:\/\/api.w.org\/{rel}","templated":true}]}}