{"id":311121,"date":"2025-12-28T07:05:18","date_gmt":"2025-12-28T07:05:18","guid":{"rendered":"https:\/\/www.europesays.com\/es\/311121\/"},"modified":"2025-12-28T07:05:18","modified_gmt":"2025-12-28T07:05:18","slug":"asi-es-la-zona-del-naufragio-en-indonesia-donde-han-desaparecido-cuatro-espanoles","status":"publish","type":"post","link":"https:\/\/www.europesays.com\/es\/311121\/","title":{"rendered":"as\u00ed es la zona del naufragio en Indonesia donde han desaparecido cuatro espa\u00f1oles"},"content":{"rendered":"<p style=\"\"><strong\/>En <strong>Indonesia<\/strong>, la belleza del paisaje convive con un <strong>entorno tan imprevisible como fascinante<\/strong>. Sus miles de islas, famosas por playas paradis\u00edacas y biodiversidad \u00fanica, esconden tambi\u00e9n riesgos asociados al clima, la navegaci\u00f3n y la fuerza de una naturaleza que puede resultar muy  &#8230; peligrosa.<\/p>\n<p class=\"voc-p\" style=\"\">Reflejo de esto es el naufragio de una embarcaci\u00f3n tur\u00edstica ocurrido el viernes que ha provocado la <strong>desaparici\u00f3n de cuatro miembros de una familia espa\u00f1ola<\/strong>. El accidente tuvo lugar en el estrecho de la <strong>isla de Padar<\/strong>, cerca de <strong>Labuan Bajo<\/strong>, uno de los principales accesos al Parque Nacional de Komodo, han comunicado las autoridades indonesias a Espa\u00f1a.<\/p>\n<p class=\"voc-p\" style=\"\"><a href=\"https:\/\/jatim.antaranews.com\/berita\/1017445\/tim-sar-cari-empat-warga-spanyol-tenggelam-di-labuan-bajo\" title=\"jatim.antaranews.com\" data-voc-vtm-id=\"in-text-traffic\" data-mrf-link=\"jatim.antaranews.com\" rel=\"nofollow noopener\" target=\"_blank\">Medios locales<\/a> afirman que el accidente se produjo poco despu\u00e9s de que el <strong>barco tur\u00edstico KM Putri Sakinah<\/strong> zarpra de la isla de Komodo rumbo a la isla de Padar. Transportaba a <strong>once personas cuando se hundi\u00f3<\/strong> en torno a las 21:00 hora local (15:00 hora peninsular espa\u00f1ola) del viernes 26 de diciembre. <\/p>\n<p class=\"voc-p\" style=\"\">Siete de los afectados, entre los que se encuentran dos turistas espa\u00f1oles, cuatro tripulantes y un gu\u00eda tur\u00edstico, fueron rescatadas con vida. <strong>Los desaparecidos son el padre y sus tres hijos<\/strong>, mientras que la mujer y otro hijo s\u00ed pudieron ser evacuados.<\/p>\n<p class=\"voc-p\" style=\"\">Las autoridades indonesias han atribuido el accidente a un <strong>repunte s\u00fabito del mal tiempo<\/strong>. Olas de hasta tres metros golpearon la embarcaci\u00f3n, complicando incluso las primeras horas de b\u00fasqueda. <strong>\u00abEsto nos dificult\u00f3 llevar a cabo la b\u00fasqueda inicial\u00bb<\/strong>, ha reconocido <strong>Stephanus Risdiyanto<\/strong>, jefe de la autoridad portuaria de Labuan Bajo.<\/p>\n<p class=\"voc-p\" style=\"\">Como consecuencia del accidente, la Oficina de Capitan\u00eda del Puerto y Autoridad Portuaria de Labuan Bajo (KSOP) <strong>cerr\u00f3 la navegaci\u00f3n en aguas de la isla de Padar y la isla de Komodo para el 27 de diciembre<\/strong>.<\/p>\n<p>\nParque Nacional de Komodo e isla Padar: una belleza salvaje convertida en un icono mundial\n<\/p>\n<p class=\"voc-p\" style=\"\">Al noroeste de la isla indonesia de Flores se extiende el<strong> Parque Nacional de Komodo<\/strong>, un enclave singular donde habita el c\u00e9lebre <strong>drag\u00f3n de Komodo<\/strong>, una especie \u00fanica en el mundo. <\/p>\n<p class=\"voc-p\" style=\"\">Este espacio protegido, <strong>reconocido por la UNESCO como Patrimonio de la Humanidad en 1991<\/strong> y considerado una de las Siete Nuevas Maravillas de la Naturaleza, es tambi\u00e9n un para\u00edso para los amantes del buceo, que encuentran aqu\u00ed mantas raya, tortugas y una biodiversidad marina excepcional.<\/p>\n<p class=\"voc-p\" style=\"\">Adem\u00e1s de su fauna, el archipi\u00e9lago presume de <strong>playas de arena rosada y rutas de senderismo<\/strong> que culminan en miradores capaces de dejar sin aliento a cualquier viajero. Para quienes planean recorrer Indonesia m\u00e1s all\u00e1 de la popular Bali, este parque nacional se ha convertido en una parada imprescindible.<\/p>\n<p class=\"voc-p\" style=\"\">El acceso a Komodo se realiza casi siempre desde Labuan Bajo, un peque\u00f1o puerto pesquero que funciona como puerta de entrada a las excursiones, traves\u00edas en barco y cruceros que recorren las distintas islas del parque. Cada una de ellas ofrece una combinaci\u00f3n distinta de <strong>naturaleza salvaje y actividades al aire libre<\/strong>.<\/p>\n<p class=\"voc-p\" style=\"\">Entre las visitas imprescindibles del parque destaca tambi\u00e9n la zona del accidente: la <strong>isla de Padar<\/strong>, c\u00e9lebre por su ascenso hasta un <strong>mirador que ofrece una de las panor\u00e1micas m\u00e1s ic\u00f3nicas de Indonesia<\/strong>. Sus <strong>colinas afiladas<\/strong>, que se elevan sobre <strong>tres bah\u00edas en forma de medialuna<\/strong>, han convertido a esta isla en una postal recurrente del Parque Nacional de Komodo. <\/p>\n<p class=\"voc-p\" style=\"\"><strong>El paisaje var\u00eda notablemente seg\u00fan la \u00e9poca del a\u00f1o<\/strong>: de diciembre a marzo, las lluvias ti\u00f1en de verde intenso las colinas; entre abril y junio, la vegetaci\u00f3n alcanza su punto m\u00e1s exuberante; y de julio a noviembre, la isla adopta un aspecto \u00e1rido y dorado que recuerda a una sabana.<\/p>\n<p class=\"voc-p\" style=\"\">Durante d\u00e9cadas una <strong>isla secundaria dentro del archipi\u00e9lago indonesio<\/strong>. Actualmente, se ha consolidado como una alternativa para los viajeros que huyen de la masificaci\u00f3n: \u00abEs una zona tur\u00edstica, pero que normalmente utilizan <strong>turistas que quieren conocer algo menos tur\u00edstico<\/strong>, como puede ser la isla de Bali, que es la m\u00e1s visitada\u00bb, ha explicado a RTVE Lola Gil Orozco, gerente de Indira Viajes Online.<\/p>\n<p>\nTurismo, clima y seguridad en Indonesia\n<\/p>\n<p class=\"voc-p\" style=\"\"><strong>Indonesia es un archipi\u00e9lago de unas 17.000 islas<\/strong>, donde los accidentes mar\u00edtimos no son inusuales debido a que las condiciones meteorol\u00f3gicas pueden cambiar en cuesti\u00f3n de minutos.<\/p>\n<p class=\"voc-p\" style=\"\">Por ello, Gil Orozco insiste en la importancia de la prevenci\u00f3n: \u00abLo que es muy importante a la hora de viajar a cualquier pa\u00eds, y en Indonesia m\u00e1s, es <strong>trabajar con operadores legales que tienen todas sus infraestructuras en orden<\/strong>, que tienen un<strong> seguro de responsabilidad civil<\/strong>\u00bb.<\/p>\n<p class=\"voc-p\" style=\"\">No obstante, la experta subraya que <strong>diciembre<\/strong> suele considerarse <strong>\u00abla mejor \u00e9poca\u00bb para viajar a la regi\u00f3n<\/strong>. \u00abQue t\u00fa puedas tener un d\u00eda puntual de mal tiempo, nos pasa incluso en Europa. No desaconsejar\u00eda a un cliente viajar a Indonesia en esta \u00e9poca del a\u00f1o porque pueda tener tormentas impresionantes en el mar\u00bb, argumenta. <\/p>\n","protected":false},"excerpt":{"rendered":"En Indonesia, la belleza del paisaje convive con un entorno tan imprevisible como fascinante. Sus miles de islas,&hellip;\n","protected":false},"author":2,"featured_media":311122,"comment_status":"","ping_status":"","sticky":false,"template":"","format":"standard","meta":{"footnotes":""},"categories":[5],"tags":[17,18,954,14089,25,24,11907,13,14,11,12606,3643,4020,73200,19,20,813,20886,9,10,15,16,73199,5993,10527,23,12,21,22,6420],"class_list":{"0":"post-311121","1":"post","2":"type-post","3":"status-publish","4":"format-standard","5":"has-post-thumbnail","7":"category-titulares","8":"tag-breaking-news","9":"tag-breakingnews","10":"tag-cuatro","11":"tag-desaparecido","12":"tag-es","13":"tag-espana","14":"tag-espanoles","15":"tag-featured-news","16":"tag-featurednews","17":"tag-headlines","18":"tag-indonesia","19":"tag-isla","20":"tag-joya","21":"tag-komodo","22":"tag-latest-news","23":"tag-latestnews","24":"tag-nacional","25":"tag-naufragio","26":"tag-news","27":"tag-noticias","28":"tag-noticias-destacadas","29":"tag-noticiasdestacadas","30":"tag-padar","31":"tag-parque","32":"tag-salvaje","33":"tag-spain","34":"tag-titulares","35":"tag-ultimas-noticias","36":"tag-ultimasnoticias","37":"tag-zona"},"share_on_mastodon":{"url":"https:\/\/pubeurope.com\/@es\/115795927758389084","error":""},"_links":{"self":[{"href":"https:\/\/www.europesays.com\/es\/wp-json\/wp\/v2\/posts\/311121","targetHints":{"allow":["GET"]}}],"collection":[{"href":"https:\/\/www.europesays.com\/es\/wp-json\/wp\/v2\/posts"}],"about":[{"href":"https:\/\/www.europesays.com\/es\/wp-json\/wp\/v2\/types\/post"}],"author":[{"embeddable":true,"href":"https:\/\/www.europesays.com\/es\/wp-json\/wp\/v2\/users\/2"}],"replies":[{"embeddable":true,"href":"https:\/\/www.europesays.com\/es\/wp-json\/wp\/v2\/comments?post=311121"}],"version-history":[{"count":0,"href":"https:\/\/www.europesays.com\/es\/wp-json\/wp\/v2\/posts\/311121\/revisions"}],"wp:featuredmedia":[{"embeddable":true,"href":"https:\/\/www.europesays.com\/es\/wp-json\/wp\/v2\/media\/311122"}],"wp:attachment":[{"href":"https:\/\/www.europesays.com\/es\/wp-json\/wp\/v2\/media?parent=311121"}],"wp:term":[{"taxonomy":"category","embeddable":true,"href":"https:\/\/www.europesays.com\/es\/wp-json\/wp\/v2\/categories?post=311121"},{"taxonomy":"post_tag","embeddable":true,"href":"https:\/\/www.europesays.com\/es\/wp-json\/wp\/v2\/tags?post=311121"}],"curies":[{"name":"wp","href":"https:\/\/api.w.org\/{rel}","templated":true}]}}