{"id":311129,"date":"2025-12-28T07:15:11","date_gmt":"2025-12-28T07:15:11","guid":{"rendered":"https:\/\/www.europesays.com\/es\/311129\/"},"modified":"2025-12-28T07:15:11","modified_gmt":"2025-12-28T07:15:11","slug":"sanchez-revela-sus-canciones-favoritas-de-2025-con-temas-de-rosalia-rusowsky-o-extremoduro","status":"publish","type":"post","link":"https:\/\/www.europesays.com\/es\/311129\/","title":{"rendered":"S\u00e1nchez revela sus canciones favoritas de 2025 con temas de Rosal\u00eda, Rusowsky o Extremoduro"},"content":{"rendered":"<p style=\"\">El presidente del Gobierno, <a href=\"https:\/\/www.abc.es\/noticias\/pedro-sanchez\/\" data-voc-vtm-id=\"in-text-traffic\" title=\"Pedro S\u00e1nchez\" data-mrf-link=\"www.abc.es\" rel=\"nofollow noopener\" target=\"_blank\">Pedro S\u00e1nchez<\/a>, ha compartido <strong>una lista de sus canciones favoritas de este a\u00f1o 2025<\/strong>. Eso mismo hizo la semana pasada el que fuera presidente de EE.UU. <a href=\"https:\/\/www.abc.es\/noticias\/barack-obama\/\" data-voc-vtm-id=\"in-text-traffic\" title=\"Barack Obama\" data-mrf-link=\"www.abc.es\" rel=\"nofollow noopener\" target=\"_blank\">Barack Obama<\/a>. <\/p>\n<p style=\"\">\u00ab2025 ha sido un gran a\u00f1o, tambi\u00e9n en  &#8230; la m\u00fasica\u00bb, ha compartido el jefe del Ejecutivo <strong>a trav\u00e9s de un mensaje en sus redes sociales<\/strong>. \u00abEsta es mi playlist de estos doce meses donde se cuelan canciones que siempre me acompa\u00f1an\u00bb, ha a\u00f1adido.<\/p>\n<blockquote class=\"twitter-tweet\">\n<p lang=\"es\" dir=\"ltr\">2025 ha sido un gran a\u00f1o, tambi\u00e9n en la m\u00fasica.<\/p>\n<p>Esta es mi playlist de estos doce meses donde se cuelan canciones que siempre me acompa\u00f1an.<a href=\"https:\/\/t.co\/6MdcALV18a\" rel=\"nofollow\">https:\/\/t.co\/6MdcALV18a<\/a><\/p>\n<p>\u2014 Pedro S\u00e1nchez (@sanchezcastejon) <a href=\"https:\/\/twitter.com\/sanchezcastejon\/status\/2004847294903103900?ref_src=twsrc%5Etfw\" rel=\"nofollow noopener\" target=\"_blank\">December 27, 2025<\/a><\/p><\/blockquote>\n<p class=\"voc-p\" style=\"\">Bajo el t\u00edtulo de <strong>&#8216;Monstruo 2025&#8217;,<\/strong> S\u00e1nchez ha incluido<strong> 18 canciones, 10 de las cuales son de artistas espa\u00f1oles<\/strong>.<\/p>\n<p class=\"voc-p\" style=\"\">La mayor\u00eda de las canciones seleccionadas por el presidente del Gobierno <strong>son de 2025, como la que encabeza la lista<\/strong>, &#8216;One of the Greats&#8217;, la banda brit\u00e1nica indie Florence and The Machine. Sin embargo, tambi\u00e9n <strong>hay de a\u00f1os anteriores<\/strong>, como la que pone el broche &#8216;StandBy&#8217;, de Extremoduro, lanzada a principios de los 2000.<\/p>\n<p class=\"voc-p\" style=\"\">En &#8216;Monstruo 2025&#8217; tambi\u00e9n <strong>destacan otros temas como el popular &#8216;Berghain&#8217; de Rosal\u00eda<\/strong>, que ha visto la luz hace unas semanas dentro de su disco &#8216;Lux&#8217;; &#8216;Altagama&#8217; de Rusowsky, que ha consolidado su carrera este a\u00f1o tras lanzar su \u00e1lbum &#8216;Daisy&#8217;; o &#8216;Seein&#8217; Stars&#8217; de la banda estadounidense Turnstile.<\/p>\n<p class=\"voc-p\" style=\"\">S\u00e1nchez ha a\u00f1adido en su lista el tema &#8216;Babieca!&#8217; de Guitarricadelafuente; la reedici\u00f3n en 2025 de Iv\u00e1n Ferreiro de su canci\u00f3n &#8216;Turnedo&#8217;; dos canciones de la banda gallega &#8216;Tri\u00e1ngulo de Amor Bizarro &#8216;Fukushima&#8217; y &#8216;Seguidores&#8217;; o &#8216;Todas las cosas buenas&#8217; de los madrile\u00f1os Rufus T. Firefly.<\/p>\n<p class=\"voc-p\" style=\"\">&#8216;Crispy skin&#8217;, de Squid; &#8216;Trouble&#8217;, de Sharon Van Etten; &#8216;The dream&#8217;, de Joan As Police Woman; &#8216;Bonnet of pins&#8217;, de Matt Berninger; &#8216;Dan&#8217;s boogie&#8217;, de Destroyer; &#8216;Strange overtones&#8217; de David Byrne; &#8216;Columnas&#8217;, de Repion y &#8216;Hunch of the century&#8217;, de Maika Makovski, <strong>son el resto de canciones a\u00f1adidas<\/strong>.<\/p>\n<p><script async src=\"https:\/\/platform.twitter.com\/widgets.js\" charset=\"utf-8\"><\/script><\/p>\n","protected":false},"excerpt":{"rendered":"El presidente del Gobierno, Pedro S\u00e1nchez, ha compartido una lista de sus canciones favoritas de este a\u00f1o 2025.&hellip;\n","protected":false},"author":2,"featured_media":311130,"comment_status":"","ping_status":"","sticky":false,"template":"","format":"standard","meta":{"footnotes":""},"categories":[174],"tags":[45,218,255,146,147,25,24,21388,256,11481,1822,1789,4147,60887,199,23,25972],"class_list":{"0":"post-311129","1":"post","2":"type-post","3":"status-publish","4":"format-standard","5":"has-post-thumbnail","7":"category-famosos","8":"tag-45","9":"tag-canciones","10":"tag-celebrities","11":"tag-entertainment","12":"tag-entretenimiento","13":"tag-es","14":"tag-espana","15":"tag-extremoduro","16":"tag-famosos","17":"tag-favoritas","18":"tag-pedro","19":"tag-revela","20":"tag-rosalia","21":"tag-rusowsky","22":"tag-sanchez","23":"tag-spain","24":"tag-temas"},"share_on_mastodon":{"url":"https:\/\/pubeurope.com\/@es\/115795966180229338","error":""},"_links":{"self":[{"href":"https:\/\/www.europesays.com\/es\/wp-json\/wp\/v2\/posts\/311129","targetHints":{"allow":["GET"]}}],"collection":[{"href":"https:\/\/www.europesays.com\/es\/wp-json\/wp\/v2\/posts"}],"about":[{"href":"https:\/\/www.europesays.com\/es\/wp-json\/wp\/v2\/types\/post"}],"author":[{"embeddable":true,"href":"https:\/\/www.europesays.com\/es\/wp-json\/wp\/v2\/users\/2"}],"replies":[{"embeddable":true,"href":"https:\/\/www.europesays.com\/es\/wp-json\/wp\/v2\/comments?post=311129"}],"version-history":[{"count":0,"href":"https:\/\/www.europesays.com\/es\/wp-json\/wp\/v2\/posts\/311129\/revisions"}],"wp:featuredmedia":[{"embeddable":true,"href":"https:\/\/www.europesays.com\/es\/wp-json\/wp\/v2\/media\/311130"}],"wp:attachment":[{"href":"https:\/\/www.europesays.com\/es\/wp-json\/wp\/v2\/media?parent=311129"}],"wp:term":[{"taxonomy":"category","embeddable":true,"href":"https:\/\/www.europesays.com\/es\/wp-json\/wp\/v2\/categories?post=311129"},{"taxonomy":"post_tag","embeddable":true,"href":"https:\/\/www.europesays.com\/es\/wp-json\/wp\/v2\/tags?post=311129"}],"curies":[{"name":"wp","href":"https:\/\/api.w.org\/{rel}","templated":true}]}}