{"id":311158,"date":"2025-12-28T07:47:34","date_gmt":"2025-12-28T07:47:34","guid":{"rendered":"https:\/\/www.europesays.com\/es\/311158\/"},"modified":"2025-12-28T07:47:34","modified_gmt":"2025-12-28T07:47:34","slug":"y-florian-wirtz-dijo-basta","status":"publish","type":"post","link":"https:\/\/www.europesays.com\/es\/311158\/","title":{"rendered":"Y Florian Wirtz dijo basta"},"content":{"rendered":"<p class=\"ft-text\"><a class=\"ft-link ft-link--decoration\" href=\"https:\/\/www.sport.es\/es\/noticias\/premier-league\/premier-league-directo-hoy-partidos-125177557\" rel=\"nofollow noopener\" target=\"_blank\">Anfield vivi\u00f3 una tarde de emociones fuertes<\/a>. Los proleg\u00f3menos del Liverpool-Wolverhampton estuvieron marcados por el homenaje a los hijos de Diogo Jota, fallecido el pasado verano en accidente de circulaci\u00f3n junto a su hermano Andr\u00e9 Silva.<strong> La afici\u00f3n &#8216;red&#8217; y la desplazada desde las West Midlands rindieron un sentido tributo al delantero luso, que visti\u00f3 ambas camisetas en su trayectoria en Inglaterra<\/strong>. C\u00e1lido recuerdo a una figura que dej\u00f3 huella y se march\u00f3 antes de tiempo.<\/p>\n<p><img decoding=\"async\" src=\"https:\/\/www.europesays.com\/es\/wp-content\/uploads\/2025\/12\/625f224f-8af8-4cd8-aa18-16386bbfb5b1_alta-libre-aspect-ratio_default_0.jpg\" width=\"1200\" height=\"894\" alt=\"Los hijos de Diogo Jota fueron los protagonistas del Liverpool-Wolverhampton\" class=\"ft-helper-img-rd\" loading=\"lazy\"\/><\/p>\n<p class=\"ft-helper-fontColor-quaternary ft-helper-fontSize-body-S ft-helper-spacer-t-xxs\">Los hijos de Diogo Jota fueron los protagonistas del Liverpool-Wolverhampton  \/ EFE<\/p>\n<p>Al fin, Wirtz<\/p>\n<p class=\"ft-text\"><strong>Liverpool y Wolverhampton se secaron las l\u00e1grimas y brindaron un partido cargado de coraz\u00f3n, con diferentes objetivos pero con las urgencias a flor de pie<\/strong>l. Los &#8216;wolves&#8217;, el peor colista de las cinco grandes ligas, sali\u00f3 respond\u00f3n al c\u00e9sped, pero <strong>pronto el conjunto de Arne Slot tom\u00f3 las riendas y embotell\u00f3 a los del &#8216;Black Country&#8217; en su parcela<\/strong>.<\/p>\n<p class=\"ft-text\">Sin embargo,<strong> como viene siendo habitual esta temporada, el vigente campe\u00f3n de la Premier adoleci\u00f3 de falta de punter\u00eda<\/strong>. El tiempo de acoso y derribo de J\u00fcrgen Klopp ha derivado en un f\u00fatbol m\u00e1s conservador y de toque, a imagen y semejanza de la escuela neerlandesa. <strong>El gol es la asignatura pendiente de los &#8216;scousers&#8217; y durante cuarenta minutos no le hicieron cosquillas al portugu\u00e9s Jos\u00e9 S\u00e1<\/strong>.<\/p>\n<p><img decoding=\"async\" src=\"https:\/\/www.europesays.com\/es\/wp-content\/uploads\/2025\/12\/10c48a05-9279-468e-bb29-b91a8da38090_alta-libre-aspect-ratio_default_0.jpg\" width=\"1200\" height=\"800\" alt=\"Wirtz, agasajado por sus compa\u00f1eros del Liverpool\" class=\"ft-helper-img-rd\" loading=\"lazy\"\/><\/p>\n<p class=\"ft-helper-fontColor-quaternary ft-helper-fontSize-body-S ft-helper-spacer-t-xxs\">Wirtz, agasajado por sus compa\u00f1eros del Liverpool  \/ AP<\/p>\n<p class=\"ft-text\">Eso s\u00ed, <strong>cuando cay\u00f3 el primero de Gravenberch se destap\u00f3 el tarro<\/strong>. El internacional con la &#8216;Oranje&#8217; puso el 1-0 y, acto seguido, Anfield se desga\u00f1it\u00f3 para cantar un tanto esperad\u00edsimo. <strong>150 millones y veintid\u00f3s partidos despu\u00e9s, Florian Wirtz recibi\u00f3 un pase de Ekitik\u00e9, se qued\u00f3 solo ante S\u00e1 y defini\u00f3 con un toque sutil con la diestra<\/strong>. La celebraci\u00f3n, cargada de rabia, fue una catarsis para el alem\u00e1n.<\/p>\n<p>Sufriendo hasta el final<\/p>\n<p class=\"ft-text\">Pero no hay partido tranquilo en Anfield, al menos esta temporada. <strong>En lo que se intu\u00eda como una segunda parte pl\u00e1cida, Santi Bueno se encarg\u00f3 de meter miedo a la grada local recortando distancias nada m\u00e1s salir de vestuarios<\/strong>. El 2-1 fue un fantasma que pulul\u00f3 por la grada, <strong>con casi 62.000 almas conteniendo la respiraci\u00f3n hasta que Hooper, colegiado de la contienda, acab\u00f3 con el sufrimiento<\/strong>.<\/p>\n","protected":false},"excerpt":{"rendered":"Anfield vivi\u00f3 una tarde de emociones fuertes. Los proleg\u00f3menos del Liverpool-Wolverhampton estuvieron marcados por el homenaje a los&hellip;\n","protected":false},"author":2,"featured_media":311159,"comment_status":"","ping_status":"","sticky":false,"template":"","format":"standard","meta":{"footnotes":""},"categories":[93],"tags":[168,14600,25,24,1211,1238,17656,23,167,58637,11616],"class_list":{"0":"post-311158","1":"post","2":"type-post","3":"status-publish","4":"format-standard","5":"has-post-thumbnail","7":"category-deportes","8":"tag-deportes","9":"tag-diogo-jota","10":"tag-es","11":"tag-espana","12":"tag-league","13":"tag-liverpool","14":"tag-premier","15":"tag-spain","16":"tag-sports","17":"tag-wirtz","18":"tag-wolverhampton"},"share_on_mastodon":{"url":"https:\/\/pubeurope.com\/@es\/115796092585368654","error":""},"_links":{"self":[{"href":"https:\/\/www.europesays.com\/es\/wp-json\/wp\/v2\/posts\/311158","targetHints":{"allow":["GET"]}}],"collection":[{"href":"https:\/\/www.europesays.com\/es\/wp-json\/wp\/v2\/posts"}],"about":[{"href":"https:\/\/www.europesays.com\/es\/wp-json\/wp\/v2\/types\/post"}],"author":[{"embeddable":true,"href":"https:\/\/www.europesays.com\/es\/wp-json\/wp\/v2\/users\/2"}],"replies":[{"embeddable":true,"href":"https:\/\/www.europesays.com\/es\/wp-json\/wp\/v2\/comments?post=311158"}],"version-history":[{"count":0,"href":"https:\/\/www.europesays.com\/es\/wp-json\/wp\/v2\/posts\/311158\/revisions"}],"wp:featuredmedia":[{"embeddable":true,"href":"https:\/\/www.europesays.com\/es\/wp-json\/wp\/v2\/media\/311159"}],"wp:attachment":[{"href":"https:\/\/www.europesays.com\/es\/wp-json\/wp\/v2\/media?parent=311158"}],"wp:term":[{"taxonomy":"category","embeddable":true,"href":"https:\/\/www.europesays.com\/es\/wp-json\/wp\/v2\/categories?post=311158"},{"taxonomy":"post_tag","embeddable":true,"href":"https:\/\/www.europesays.com\/es\/wp-json\/wp\/v2\/tags?post=311158"}],"curies":[{"name":"wp","href":"https:\/\/api.w.org\/{rel}","templated":true}]}}