{"id":311164,"date":"2025-12-28T07:51:24","date_gmt":"2025-12-28T07:51:24","guid":{"rendered":"https:\/\/www.europesays.com\/es\/311164\/"},"modified":"2025-12-28T07:51:24","modified_gmt":"2025-12-28T07:51:24","slug":"agrosevilla-reconocida-como-referente-nacional-en-transparencia-y-etica-empresarial-en-los-premios-buen-gobierno-corporativo-2025","status":"publish","type":"post","link":"https:\/\/www.europesays.com\/es\/311164\/","title":{"rendered":"Agrosevilla, reconocida como referente nacional en transparencia y \u00e9tica empresarial en los Premios Buen Gobierno Corporativo 2025"},"content":{"rendered":"<p><img loading=\"lazy\" decoding=\"async\" class=\"alignnone size-medium wp-image-106440 lazyload\" alt=\"\" width=\"300\" height=\"200\" src=\"https:\/\/www.europesays.com\/es\/wp-content\/uploads\/2025\/12\/Agrosevilla-Premios-Buen-Gobierno-Corporativo-2025-300x200.jpg\"  data- data-eio-rwidth=\"300\" data-eio-rheight=\"200\"\/><\/p>\n<p>Agrosevilla ha sido distinguida en los Premios Buen Gobierno Corporativo 2025, otorgados en el marco del II Congreso de Buen Gobierno Corporativo, organizado por el Instituto de Gobernanza Empresarial. La compa\u00f1\u00eda ha recibido el galard\u00f3n a la Mejor Entidad Impulsora del Buen Gobierno (ex aequo), reconocimiento que pone de manifiesto su compromiso con la transparencia, la \u00e9tica empresarial y la calidad de sus pr\u00e1cticas de gobernanza.<\/p>\n<p>El premio ha sido recogido por Julio Roda, director general de Agrosevilla: \u201cEste reconocimiento es un reflejo del trabajo que realizamos para consolidar un modelo de gobernanza responsable, transparente y orientado al largo plazo. Seguiremos impulsando pr\u00e1cticas que fortalezcan la confianza de nuestros agricultores, empleados, clientes y socios en todo el mundo\u201d.<\/p>\n<p><strong>Galardonados en esta edici\u00f3n<\/strong><br \/>\u2022 Mejor Consejo Asesor (ex aequo): Antolin, galard\u00f3n recogido por Emma Antolin, vicepresidenta de Antolin, y Delaviuda, recogido por su presidente, Manuel L\u00f3pez Donaire.<\/p>\n<p>\u2022 Mejor Entidad Impulsora del Buen Gobierno (ex aequo): Aenor, recogiendo el galard\u00f3n su CEO, Rafael Garc\u00eda Meiro, y Agrosevilla, cuyo galard\u00f3n fue recibido por Julio Roda, su director general.<\/p>\n<p>\u2022 Mejor Informe Gobierno Corporativo: Ges Seguros. Recogieron galard\u00f3n Jos\u00e9 Mar\u00eda Sunyer (presidente) y Juan Antonio Montoya (secretario).<\/p>\n<p>\u2022 Mejor Secretar\u00eda Consejo Administraci\u00f3n: Pablo Garc\u00eda Monta\u00f1\u00e9s, secretario general Grupo Andbank.<\/p>\n<p>\u2022 Mejor Secretar\u00eda Consejo Empresa Familiar: Pedro Regojo Balboa, secretario general en Corporaci\u00f3n Hijos de Rivera S.L.<\/p>\n<p>\u2022 Mejor Secretar\u00eda Consejo Tercer Sector: Coloma Armero Montes, secretaria del Consejo Nacional de la Asociaci\u00f3n Espa\u00f1ola contra el C\u00e1ncer (AECC).<\/p>\n<p><strong>II Congreso de Buen Gobierno Corporativo<\/strong><br \/>El II Congreso de Buen Gobierno Corporativo organizado por el Instituto de Gobernanza Empresarial ha congregado a cerca de 300 empresarios\/as, miembros de Consejos y Alta Direcci\u00f3n, debatiendo los principales retos en materia de gobernanza de las empresas espa\u00f1olas. Con un enfoque eminentemente pr\u00e1ctico, expertos en la materia y consejeros y consejeras de distintas organizaciones, han abordado temas de alto impacto estrat\u00e9gico en la gobernanza empresarial actual, con diferentes paneles dedicados a los retos de las empresas familiares, a las nuevas tendencias globales en gobierno corporativo, el impacto de la inteligencia artificial y la ciberseguridad en la gobernanza; el valor estrat\u00e9gico de los consejos asesores, los retos funcionales de la CNR o las claves en las alianzas entre los roles de la presidencia y el CEO en el consejo.<\/p>\n<p>El congreso ha tenido lugar en la sede del Colegio de Ingenieros de Caminos, Canales y Puertos de Madrid, siendo inaugurado por Enrique Serra, consejero delegado de CBNK Banco; Eva Turanzo, CEO del Instituto de Gobernanza Empresarial; y Paloma Mar\u00edn, vicepresidenta de la CNMV.<\/p>\n<p>Ha contado adem\u00e1s con la intervenci\u00f3n de personalidades tan destacadas como Antonio Catal\u00e1n, Presidente de AC Hotels by Marriot; Bel\u00e9n Romana, Consejera en Inditex, Banco Santander, Werfen, SIX, BME; Jos\u00e9 Miguel Andr\u00e9s Torrecillas, Vicepresidente del Consejo BBVA y Consejero Independiente en OHLA; Rita Est\u00e9vez, Consejera en L\u00ednea Directa, Morabanc y Vodafone Espa\u00f1a\/Zegona; Alberto Granados, Presidente For\u00e9tica y del Consejo Empresarial Espa\u00f1ol Desarrollo Sostenible; Ram\u00f3n Adell, Catedr\u00e1tico en Econom\u00eda y Consejero en Naturgy, BBVA Allianz y Rostower SOCIMI; o \u00c1ngeles Santamar\u00eda, Consejera en Mapfre SA y FCC SMA y ex-CEO de Iberdrola Espa\u00f1a.<\/p>\n<p>En palabras de Eva Turanzo, directora general de IGE | Instituto de Gobernanza Empresarial: \u00abEste Congreso ha demostrado que la gobernanza se construye paso a paso y caso a caso. Gracias a la extraordinaria calidad de ponentes y asistentes, hemos convertido el debate en acciones concretas para nuestras empresas. Mi enhorabuena a los premiados por ser el faro que gu\u00eda esta transformaci\u00f3n necesaria\u00bb.<\/p>\n<p>El Jurado de los Premios ha estado compuesto por: Ignacio Osborne, consejero y expresidente de Grupo Osborne; Carmen Fern\u00e1ndez Rozado, consejera de ACS; N\u00faria Vilanova, fundadora y presidenta de Atrevia; Ana Ses\u00e9, presidenta Fundaci\u00f3n Ses\u00e9; Javier Zapata, secretario general de Emisores Espa\u00f1oles; Alfonso Jim\u00e9nez, socio en Exec Avenue; Eva Turanzo, CEO del Instituto de Gobernanza Empresarial; y Jos\u00e9 Mar\u00eda Palomares, vicepresidente del Foro IA.<\/p>\n<p>En este evento, organizado desde \u00c1gora IGE | Consejos Administraci\u00f3n del Instituto de Gobernanza Empresarial, han colaborado adem\u00e1s CBNK, Dilitrust, Mutualidad y Aenor.<\/p>\n<p><strong>Agrosevilla<\/strong><br \/>Fundada en 1977, Agrosevilla es una de las principales empresas productoras, envasadoras y exportadoras de aceitunas de mesa del mundo, as\u00ed como una compa\u00f1\u00eda l\u00edder dentro del tejido empresarial andaluz y del sector agroalimentario en Espa\u00f1a. Agrosevilla est\u00e1 conformada por 13 sociedades cooperativas, que representan a m\u00e1s de 4.500 agricultores socios y dispone de tres f\u00e1bricas: la empresa matriz en La Roda de Andaluc\u00eda, una f\u00e1brica de aceitunas en Estepa y la planta de aceites en La Puebla de Cazalla (Sevilla). Las oficinas centrales para la gesti\u00f3n corporativa y comercial est\u00e1n en Sevilla capital, sumando m\u00e1s de 450 trabajadores\/as entre los 4 centros de trabajo en Espa\u00f1a y de EE.UU. (donde se ubican una filial comercial y de distribuci\u00f3n). Con una capacidad de producci\u00f3n anual de m\u00e1s de 80.000 toneladas de aceitunas, exporta sus productos a m\u00e1s de 7o pa\u00edses alrededor del mundo.<\/p>\n<p>En 2024, Agrosevilla ha sido reconocida con el prestigioso premio \u2018Alimentos de Espa\u00f1a\u2019 en la categor\u00eda de Industria Alimentaria, otorgado por el Ministerio de Agricultura, Pesca y Alimentaci\u00f3n de Espa\u00f1a. Este galard\u00f3n resalta la excelencia, innovaci\u00f3n y sostenibilidad en la producci\u00f3n de aceituna de mesa, y subraya el firme compromiso de la compa\u00f1\u00eda con pr\u00e1cticas sostenibles en los \u00e1mbitos econ\u00f3mico, social y ambiental.<\/p>\n","protected":false},"excerpt":{"rendered":"Agrosevilla ha sido distinguida en los Premios Buen Gobierno Corporativo 2025, otorgados en el marco del II Congreso&hellip;\n","protected":false},"author":2,"featured_media":311165,"comment_status":"","ping_status":"","sticky":false,"template":"","format":"standard","meta":{"footnotes":""},"categories":[80],"tags":[73203,82,95,94,73204,25,24,73205,1171,23],"class_list":{"0":"post-311164","1":"post","2":"type-post","3":"status-publish","4":"format-standard","5":"has-post-thumbnail","7":"category-economia","8":"tag-agrosevilla","9":"tag-business","10":"tag-economia","11":"tag-economy","12":"tag-emios-buen-gobierno-corporativo","13":"tag-es","14":"tag-espana","15":"tag-la-roda-de-andalucia","16":"tag-sevilla","17":"tag-spain"},"share_on_mastodon":{"url":"https:\/\/pubeurope.com\/@es\/115796107927605171","error":""},"_links":{"self":[{"href":"https:\/\/www.europesays.com\/es\/wp-json\/wp\/v2\/posts\/311164","targetHints":{"allow":["GET"]}}],"collection":[{"href":"https:\/\/www.europesays.com\/es\/wp-json\/wp\/v2\/posts"}],"about":[{"href":"https:\/\/www.europesays.com\/es\/wp-json\/wp\/v2\/types\/post"}],"author":[{"embeddable":true,"href":"https:\/\/www.europesays.com\/es\/wp-json\/wp\/v2\/users\/2"}],"replies":[{"embeddable":true,"href":"https:\/\/www.europesays.com\/es\/wp-json\/wp\/v2\/comments?post=311164"}],"version-history":[{"count":0,"href":"https:\/\/www.europesays.com\/es\/wp-json\/wp\/v2\/posts\/311164\/revisions"}],"wp:featuredmedia":[{"embeddable":true,"href":"https:\/\/www.europesays.com\/es\/wp-json\/wp\/v2\/media\/311165"}],"wp:attachment":[{"href":"https:\/\/www.europesays.com\/es\/wp-json\/wp\/v2\/media?parent=311164"}],"wp:term":[{"taxonomy":"category","embeddable":true,"href":"https:\/\/www.europesays.com\/es\/wp-json\/wp\/v2\/categories?post=311164"},{"taxonomy":"post_tag","embeddable":true,"href":"https:\/\/www.europesays.com\/es\/wp-json\/wp\/v2\/tags?post=311164"}],"curies":[{"name":"wp","href":"https:\/\/api.w.org\/{rel}","templated":true}]}}