{"id":311176,"date":"2025-12-28T08:07:24","date_gmt":"2025-12-28T08:07:24","guid":{"rendered":"https:\/\/www.europesays.com\/es\/311176\/"},"modified":"2025-12-28T08:07:24","modified_gmt":"2025-12-28T08:07:24","slug":"el-presidente-fernando-clavijo-tendra-una-mala-noche-este-domingo-en-tvc","status":"publish","type":"post","link":"https:\/\/www.europesays.com\/es\/311176\/","title":{"rendered":"El presidente Fernando Clavijo tendr\u00e1 \u00abUna mala noche\u00bb este domingo en TVC"},"content":{"rendered":"<p><a class=\"v-mdl-ath__fig-a\" href=\"https:\/\/www.canarias7.es\/autor\/canarias7-6545.html\" title=\"CANARIAS7\" rel=\"nofollow noopener\" target=\"_blank\"><br \/>\n<img decoding=\"async\" class=\"v-mdl-ath__img\" src=\"https:\/\/www.europesays.com\/es\/wp-content\/uploads\/2025\/08\/1754689268_701_autor-6545-foto-1.png\" alt=\"CANARIAS7\"\/><br \/>\n<\/a><\/p>\n<p class=\"v-mdl-ath__p v-mdl-ath__p--6\">\nS\u00e1bado, 27 de diciembre 2025, 13:17<\/p>\n<p class=\"v-p\">El D\u00eda de los Santos Inocentes se celebra este a\u00f1o en &#8216;Una mala noche (la tiene cualquiera)&#8217; por todo lo alto. El irreverente late night de Televisi\u00f3n Canaria, presentado por Aar\u00f3n G\u00f3mez, despide 2025 con un programa especial dedicado a \u00abLas travesuras\u00bb, donde las bromas, el humor juguet\u00f3n y las sorpresas marcan el ritmo de la noche.<\/p>\n<p class=\"v-p\">EL presidente del Gobierno de Canarias se sienta en el sof\u00e1 del programa como protagonista de la cita semanal con una entrevista poco convencional. Junto a Aar\u00f3n G\u00f3mez, Fernando Clavijo se sale del guion habitual en una charla din\u00e1mica y cercana en la que habla de su trayectoria pol\u00edtica, la actualidad del Archipi\u00e9lago y algunos de los momentos m\u00e1s comentados de su carrera, siempre con un tono relajado y sentido del humor. En el \u00faltimo programa de la temporada 2025, Clavijo responde sin filtros y demuestra que su gran \u00absuperpoder\u00bb es llegar a acuerdos\u2026 incluso cuando el tiempo corre en su contra.<\/p>\n<p class=\"v-p\">Por si fuera poco, el programa contar\u00e1 tambi\u00e9n con la participaci\u00f3n especial de Carlos Baute, que aportar\u00e1 el punto musical y la complicidad con el p\u00fablico en una noche pensada para cerrar el a\u00f1o entre risas, an\u00e9cdotas y buen rollo.<\/p>\n<p class=\"v-p\">El equipo de colaboradores habituales, V\u00edctor Hubara, Carmen Cabeza, Carlos Pedr\u00f3s, Jorge Galv\u00e1n, Guacimara Gil y Sarah L\u00f3more, desplegar\u00e1 su ingenio en una bater\u00eda de sketches, juegos y reflexiones en clave de comedia que giran en torno al arte de gastar bromas, con ese humor canario fresco, directo y sin filtros que define al programa.<\/p>\n<p class=\"v-p\">La noche se completa con el ya imprescindible Talent Chou, conducido por Ninfa, que en esta ocasi\u00f3n propone un duelo musical para elevar a\u00fan m\u00e1s el tono festivo del \u00faltimo &#8216;Una mala noche&#8217; de 2025<\/p>\n<p>Reporta un error<\/p>\n","protected":false},"excerpt":{"rendered":"S\u00e1bado, 27 de diciembre 2025, 13:17 El D\u00eda de los Santos Inocentes se celebra este a\u00f1o en &#8216;Una&hellip;\n","protected":false},"author":2,"featured_media":311177,"comment_status":"","ping_status":"","sticky":false,"template":"","format":"standard","meta":{"footnotes":""},"categories":[171],"tags":[4014,1053,146,147,25,24,2421,4879,193,1461,23,214,27782],"class_list":{"0":"post-311176","1":"post","2":"type-post","3":"status-publish","4":"format-standard","5":"has-post-thumbnail","7":"category-tv","8":"tag-clavijo","9":"tag-domingo","10":"tag-entertainment","11":"tag-entretenimiento","12":"tag-es","13":"tag-espana","14":"tag-fernando","15":"tag-mala","16":"tag-noche","17":"tag-presidente","18":"tag-spain","19":"tag-tv","20":"tag-tvc"},"share_on_mastodon":{"url":"https:\/\/pubeurope.com\/@es\/115796171198126381","error":""},"_links":{"self":[{"href":"https:\/\/www.europesays.com\/es\/wp-json\/wp\/v2\/posts\/311176","targetHints":{"allow":["GET"]}}],"collection":[{"href":"https:\/\/www.europesays.com\/es\/wp-json\/wp\/v2\/posts"}],"about":[{"href":"https:\/\/www.europesays.com\/es\/wp-json\/wp\/v2\/types\/post"}],"author":[{"embeddable":true,"href":"https:\/\/www.europesays.com\/es\/wp-json\/wp\/v2\/users\/2"}],"replies":[{"embeddable":true,"href":"https:\/\/www.europesays.com\/es\/wp-json\/wp\/v2\/comments?post=311176"}],"version-history":[{"count":0,"href":"https:\/\/www.europesays.com\/es\/wp-json\/wp\/v2\/posts\/311176\/revisions"}],"wp:featuredmedia":[{"embeddable":true,"href":"https:\/\/www.europesays.com\/es\/wp-json\/wp\/v2\/media\/311177"}],"wp:attachment":[{"href":"https:\/\/www.europesays.com\/es\/wp-json\/wp\/v2\/media?parent=311176"}],"wp:term":[{"taxonomy":"category","embeddable":true,"href":"https:\/\/www.europesays.com\/es\/wp-json\/wp\/v2\/categories?post=311176"},{"taxonomy":"post_tag","embeddable":true,"href":"https:\/\/www.europesays.com\/es\/wp-json\/wp\/v2\/tags?post=311176"}],"curies":[{"name":"wp","href":"https:\/\/api.w.org\/{rel}","templated":true}]}}