{"id":311182,"date":"2025-12-28T08:11:10","date_gmt":"2025-12-28T08:11:10","guid":{"rendered":"https:\/\/www.europesays.com\/es\/311182\/"},"modified":"2025-12-28T08:11:10","modified_gmt":"2025-12-28T08:11:10","slug":"como-una-dieta-rica-en-fibra-ayuda-a-fortalecer-la-memoria-y-proteger-el-cerebro-segun-expertos","status":"publish","type":"post","link":"https:\/\/www.europesays.com\/es\/311182\/","title":{"rendered":"C\u00f3mo una dieta rica en fibra ayuda a fortalecer la memoria y proteger el cerebro, seg\u00fan expertos"},"content":{"rendered":"<p><img alt=\"Estudios recientes confirman que la\" class=\"global-image\" decoding=\"async\" fetchpriority=\"high\" height=\"2286\" loading=\"eager\" src=\"https:\/\/www.europesays.com\/es\/wp-content\/uploads\/2025\/12\/MS4OT7RZZFFZPBROBIRWUBN3ZY.jpg\" width=\"4000\"\/>Estudios recientes confirman que la fibra alimentaria mejora la funci\u00f3n cognitiva y la memoria en adultos, seg\u00fan Nature Communications<\/p>\n<p class=\"paragraph\">La <b>fibra alimentaria suele asociarse con una buena digesti\u00f3n, pero sus beneficios van mucho m\u00e1s all\u00e1 del intestino<\/b>. Recientes avances cient\u00edficos revelan que este componente esencial de la dieta tiene un<b> impacto directo sobre la<\/b> <a href=\"https:\/\/www.infobae.com\/salud\/2025\/07\/22\/las-9-recomendaciones-de-la-neurociencia-para-cuidar-la-salud-cerebral-a-lo-largo-de-la-vida\/\" target=\"_blank\" rel=\"noreferrer nofollow noopener\" title=\"https:\/\/www.infobae.com\/salud\/2025\/07\/22\/las-9-recomendaciones-de-la-neurociencia-para-cuidar-la-salud-cerebral-a-lo-largo-de-la-vida\/\"><b>salud cerebral<\/b><\/a>. <\/p>\n<p class=\"paragraph\">Los hallazgos m\u00e1s recientes muestran que incorporar suficiente fibra puede mejorar la<b> memoria, acelerar la velocidad mental y proteger el cerebro frente a enfermedades neurol\u00f3gicas.<\/b> As\u00ed, un simple cambio en la alimentaci\u00f3n cotidiana podr\u00eda convertirse en una herramienta poderosa para cuidar tanto el cuerpo como la mente.<\/p>\n<p class=\"paragraph\">Investigaciones recientes se\u00f1alan que la <b>fibra alimentaria<\/b>, reconocida por su impacto positivo en la digesti\u00f3n, tambi\u00e9n influye directamente en la salud cerebral. Un estudio publicado en <a href=\"https:\/\/www.nature.com\/articles\/s41467-024-46116-y\" target=\"_blank\" rel=\"noreferrer nofollow noopener\" title=\"https:\/\/www.nature.com\/articles\/s41467-024-46116-y\">Nature Communications<\/a> evalu\u00f3 a 36 pares de gemelos; un grupo recibi\u00f3 un suplemento diario de fibra, mientras que el otro consumi\u00f3 un placebo durante 12 semanas. <\/p>\n<p class=\"paragraph\">Seg\u00fan Women\u2019s Health, quienes incorporaron fibra en su dieta experimentaron mejoras en la funci\u00f3n cognitiva, con <b>mejor desempe\u00f1o en pruebas de memoria, tiempos de reacci\u00f3n y velocidad de procesamiento mental.<\/b> Este hallazgo fortalece el inter\u00e9s cient\u00edfico en el v\u00ednculo entre alimentaci\u00f3n y prevenci\u00f3n de enfermedades neurol\u00f3gicas.<\/p>\n<p><img alt=\"El consumo adecuado de fibra\" class=\"global-image\" decoding=\"async\" fetchpriority=\"low\" height=\"1024\" loading=\"lazy\" src=\"https:\/\/www.europesays.com\/es\/wp-content\/uploads\/2025\/12\/1766909469_668_NZS3HHXHVJDVJAFISUQRN6GXEI.png\" width=\"1536\"\/>El consumo adecuado de fibra proteje el cerebro y acelera los procesos de pensamiento, beneficiando la salud cerebral y previniendo enfermedades neurol\u00f3gicas (Imagen Ilustrativa Infobae)<\/p>\n<p class=\"paragraph\">De acuerdo con Women\u2019s Health, la relaci\u00f3n entre una ingesta adecuada de fibra y una mejor salud cerebral cuenta con respaldo tanto en estudios en humanos como en modelos animales. <\/p>\n<p class=\"paragraph\">El ensayo en gemelos evidenci\u00f3 avances notorios en las habilidades cognitivas del grupo que consumi\u00f3 fibra. <\/p>\n<p class=\"paragraph\">La Mayo Clinic detalla que la fibra alimentaria pertenece al grupo de los carbohidratos, pero a diferencia de otros nutrientes, no se digiere ni se absorbe en el organismo; atraviesa el sistema digestivo. Existen dos tipos principales:<\/p>\n<ul data-icon=\"\u2b24\" class=\"list\">\n<li data-icon=\"\u2b24\"><b>Fibra soluble:<\/b>\u00a0Se diluye en agua y forma una sustancia gelatinosa que ralentiza la digesti\u00f3n, ayudando a reducir los niveles de colesterol y glucosa en sangre. Est\u00e1 presente en alimentos como avena, arvejas, porotos, manzana, banano, c\u00edtricos, zanahoria, cebada y psyllium.<\/li>\n<li data-icon=\"\u2b24\"><b>Fibra insoluble:<\/b>\u00a0No se disuelve en agua, aporta volumen a las heces y acelera el tr\u00e1nsito intestinal, favoreciendo la prevenci\u00f3n del estre\u00f1imiento. Se encuentra en trigo integral, salvado de trigo, frutos secos, legumbres y vegetales como coliflor y patatas.<\/li>\n<\/ul>\n<p class=\"paragraph\">La mayor\u00eda de los alimentos vegetales contienen ambos tipos de fibra en proporciones variables seg\u00fan su origen.<\/p>\n<p class=\"paragraph\">Seg\u00fan Mayo Clinic, los <b>requerimientos diarios de <\/b><a href=\"https:\/\/www.infobae.com\/salud\/2025\/02\/19\/la-fibra-el-nutriente-olvidado-que-necesitamos-mas-de-lo-que-creemos\/\" target=\"_blank\" rel=\"noreferrer nofollow noopener\" title=\"https:\/\/www.infobae.com\/salud\/2025\/02\/19\/la-fibra-el-nutriente-olvidado-que-necesitamos-mas-de-lo-que-creemos\/\"><b>fibra<\/b><\/a><b> var\u00edan seg\u00fan edad y sexo:<\/b> las mujeres adultas menores de 50 a\u00f1os deben consumir 25 gramos diarios y los hombres, 38 gramos. Lo recomendable es obtenerla a partir de alimentos integrales y variados:<b> granos enteros (cebada, arroz integral, pan o pasta integral), frutas, verduras, porotos, guisantes, semillas y frutos secos.<\/b> <\/p>\n<p><img alt=\"Mayo Clinic recomienda 25 gramos\" class=\"global-image\" decoding=\"async\" fetchpriority=\"low\" height=\"768\" loading=\"lazy\" src=\"https:\/\/www.europesays.com\/es\/wp-content\/uploads\/2025\/12\/C73YJKAOBZDUXOIMRBWU7GXFHM.png\" width=\"1408\"\/>Mayo Clinic recomienda 25 gramos diarios de fibra para mujeres adultas y 38 gramos para hombres, preferentemente de fuentes integrales y variadas (Imagen Ilustrativa Infobae)<\/p>\n<p class=\"paragraph\">Se sugiere elegir cereales integrales en el desayuno con <b>cinco gramos o m\u00e1s de fibra por porci\u00f3n <\/b>y preferir pan de trigo integral para aumentar el aporte de manera sencilla. Adem\u00e1s, sumar legumbres a sopas y guisos, consumir frutas frescas o secas como refrigerio y optar por verduras enteras en lugar de jugos facilita el aumento de ingesta. El refinado de alimentos reduce significativamente su contenido de fibra, por lo que conviene <b>restringir productos elaborados con harinas blancas.<\/b><\/p>\n<p class=\"paragraph\">Respecto a los suplementos de fibra, Mayo Clinic advierte que deben emplearse solo bajo indicaci\u00f3n m\u00e9dica estricta. Adem\u00e1s, la fibra debe incorporarse de forma gradual y <b>acompa\u00f1arse de abundante agua para evitar efectos secundarios digestivos.<\/b><\/p>\n<p class=\"paragraph\">M\u00e1s all\u00e1 de la influencia sobre la salud cerebral y digestiva, una dieta rica en fibra favorece el control del peso, reduce el riesgo de enfermedades card\u00edacas, modula el colesterol y la glucosa en sangre, y disminuye la incidencia de ciertos tipos de c\u00e1ncer y trastornos como la diverticulitis. Mayo Clinic destaca que<b> mayores niveles de fibra se asocian con menor mortalidad total.<\/b><\/p>\n<p><img alt=\"Una dieta rica en fibra\" class=\"global-image\" decoding=\"async\" fetchpriority=\"low\" height=\"768\" loading=\"lazy\" src=\"https:\/\/www.europesays.com\/es\/wp-content\/uploads\/2025\/12\/V6X3G6BJKZBJNE7XWVFFQWWWMM.png\" width=\"1408\"\/>Una dieta rica en fibra contribuye al control de peso, la reducci\u00f3n de riesgos card\u00edacos y la menor mortalidad total, seg\u00fan expertos en salud (Imagen Ilustrativa Infobae)<\/p>\n<p class=\"paragraph\">En situaciones espec\u00edficas \u2014tras intervenciones quir\u00fargicas intestinales, episodios de enfermedad de Crohn, radioterapia abdominal,<b> estrechamientos del intestino o preparaci\u00f3n para colonoscop\u00edas<\/b>\u2014, los profesionales de la salud pueden recomendar la restricci\u00f3n temporal de fibra. La personalizaci\u00f3n del asesoramiento nutricional resulta esencial ante cuadros gastrointestinales complejos.<\/p>\n<p class=\"paragraph\">El cuidado regular de la dieta y la incorporaci\u00f3n de alimentos ricos en fibra contribuyen a preservar tanto el sistema digestivo como el nervioso, permitiendo que el cuerpo sostenga su equilibrio funcional y potenciando la <b>salud integral de la mente y el organismo<\/b>.<\/p>\n","protected":false},"excerpt":{"rendered":"Estudios recientes confirman que la fibra alimentaria mejora la funci\u00f3n cognitiva y la memoria en adultos, seg\u00fan Nature&hellip;\n","protected":false},"author":2,"featured_media":311183,"comment_status":"","ping_status":"","sticky":false,"template":"","format":"standard","meta":{"footnotes":""},"categories":[92],"tags":[73209,22582,2823,73210,57388,8538,73211,28985,9364,3761,9371,29989,9373,57390,73212,25,24,69277,73213,4672,12789,12790,45719,9377,165,73214,9380,16042,15942,12793,8554,47792,9382,12796,30542,12799,12800,12801,42867,73215,22598,73216,166,7205,9389,73217,23,130,9391,16059,73218,25479,16062,16947,3797],"class_list":{"0":"post-311182","1":"post","2":"type-post","3":"status-publish","4":"format-standard","5":"has-post-thumbnail","7":"category-salud","8":"tag-abundance","9":"tag-advertising","10":"tag-apple","11":"tag-assortment","12":"tag-avocado","13":"tag-background","14":"tag-balanced","15":"tag-banner","16":"tag-buying","17":"tag-concept","18":"tag-consumer","19":"tag-delivery","20":"tag-diet","21":"tag-dieting","22":"tag-dieting-eating","23":"tag-es","24":"tag-espana","25":"tag-fish","26":"tag-flat-lay","27":"tag-food","28":"tag-fresh","29":"tag-fruit","30":"tag-gastronomy","31":"tag-grocery","32":"tag-health","33":"tag-health-lifestyle","34":"tag-healthy","35":"tag-healthy-eating","36":"tag-healthy-food","37":"tag-ingredient","38":"tag-isolated","39":"tag-italian","40":"tag-market","41":"tag-meal","42":"tag-meat","43":"tag-nutrition","44":"tag-orange","45":"tag-organic","46":"tag-pasta","47":"tag-planning-eating","48":"tag-product","49":"tag-purchases","50":"tag-salud","51":"tag-set","52":"tag-shopping","53":"tag-shopping-bag","54":"tag-spain","55":"tag-store","56":"tag-supermarket","57":"tag-tomato","58":"tag-top-view","59":"tag-various","60":"tag-vegetable","61":"tag-vegetables","62":"tag-white"},"share_on_mastodon":{"url":"","error":"Validation failed: Text character limit of 500 exceeded"},"_links":{"self":[{"href":"https:\/\/www.europesays.com\/es\/wp-json\/wp\/v2\/posts\/311182","targetHints":{"allow":["GET"]}}],"collection":[{"href":"https:\/\/www.europesays.com\/es\/wp-json\/wp\/v2\/posts"}],"about":[{"href":"https:\/\/www.europesays.com\/es\/wp-json\/wp\/v2\/types\/post"}],"author":[{"embeddable":true,"href":"https:\/\/www.europesays.com\/es\/wp-json\/wp\/v2\/users\/2"}],"replies":[{"embeddable":true,"href":"https:\/\/www.europesays.com\/es\/wp-json\/wp\/v2\/comments?post=311182"}],"version-history":[{"count":0,"href":"https:\/\/www.europesays.com\/es\/wp-json\/wp\/v2\/posts\/311182\/revisions"}],"wp:featuredmedia":[{"embeddable":true,"href":"https:\/\/www.europesays.com\/es\/wp-json\/wp\/v2\/media\/311183"}],"wp:attachment":[{"href":"https:\/\/www.europesays.com\/es\/wp-json\/wp\/v2\/media?parent=311182"}],"wp:term":[{"taxonomy":"category","embeddable":true,"href":"https:\/\/www.europesays.com\/es\/wp-json\/wp\/v2\/categories?post=311182"},{"taxonomy":"post_tag","embeddable":true,"href":"https:\/\/www.europesays.com\/es\/wp-json\/wp\/v2\/tags?post=311182"}],"curies":[{"name":"wp","href":"https:\/\/api.w.org\/{rel}","templated":true}]}}