{"id":311193,"date":"2025-12-28T08:17:27","date_gmt":"2025-12-28T08:17:27","guid":{"rendered":"https:\/\/www.europesays.com\/es\/311193\/"},"modified":"2025-12-28T08:17:27","modified_gmt":"2025-12-28T08:17:27","slug":"lio-con-el-gordo-de-la-loteria-en-villamanin-leon-faltan-cuatro-millones-por-repartir-al-vender-mas-papeletas-de-las-compradas","status":"publish","type":"post","link":"https:\/\/www.europesays.com\/es\/311193\/","title":{"rendered":"L\u00edo con el Gordo de la Loter\u00eda en Villaman\u00edn (Le\u00f3n): faltan cuatro millones por repartir al vender m\u00e1s papeletas de las compradas"},"content":{"rendered":"<p class=\"articleParagraph\">El &#8216;<b>Gordo<\/b>&#8216; de la <b>Loter\u00eda de Navidad<\/b> dej\u00f3 una lluvia de millones en <b>Villaman\u00edn (Le\u00f3n) <\/b>con varias series del n\u00famero 79.432 vendidas por la comisi\u00f3n de fiestas de la localidad, aunque esa alegr\u00eda se ha tornado en adversidad ya que 50 papeletas vendidas en participaciones de 5 euros no est\u00e1n respaldadas por los diez d\u00e9cimos correspondientes.<\/p>\n<p class=\"articleParagraph\">La situaci\u00f3n ha provocado que de los cerca de 35 millones de euros que correspond\u00edan a las papeletas agraciadas <b>falten cuatro millones, lo que pone en peligro el cobro del premio y que ha sembrado de incertidumbre<\/b> entre los &#8216;premiados&#8217;.<\/p>\n<p>El error que ha provocado el l\u00edo: se imprimeron m\u00e1s participaciones de las que hab\u00eda<\/p>\n<p class=\"articleParagraph\">Se trata de un error debido a que, seg\u00fan han explicado fuentes de la Comisi\u00f3n, se imprimieron m\u00e1s participaciones que las que correspond\u00edan a los d\u00e9cimos adquiridos en la administraci\u00f3n de loter\u00edas de la cercana localidad de <b>La Pola de Gord\u00f3n<\/b>.<\/p>\n<p class=\"articleParagraph\">Las participaciones eran de 5 euros, con cuatro euros del premio destinados al comprador &#8211;<b>80.000 euros<\/b>&#8211; y un euro de donativo para las fiestas &#8211;<b>20.000 euros<\/b>-, y solo pueden ser abonados por la Comisi\u00f3n de Fiestas que los adquiri\u00f3.<\/p>\n<p>Reuni\u00f3n de vecinos con la Guardia Civil presente<\/p>\n<p class=\"articleParagraph\">Para solventar la decisi\u00f3n y ser lo m\u00e1s transparentes posibles la comisi\u00f3n ha convocado este viernes en el Ayuntamiento de Villaman\u00edn a los portadores de las participaciones ganadoras de el &#8216;Gordo&#8217; con el objetivo de identificarlos, y dejar claro que <b>no ha habido ninguna mala intenci\u00f3n<\/b> por parte de una comisi\u00f3n que solo pretend\u00eda recaudar fondos para financiar las fiestas patronales. Seg\u00fan ha explicado Jaime Cantizano en &#8216;Por fin&#8217;, la Guardia Civil ha sido convocada al encuentro ante la posibilidad de trifulcas o enfrentamientos.<\/p>\n<p class=\"articleParagraph\">Fuentes de la comisi\u00f3n han explicado que, tras consultar con profesionales del derecho, la soluci\u00f3n que se va a plantear es que <b>se retraigan cerca de 5.000 euros del premio de 80.000 euros de cada participaci\u00f3n con el objetivo de que todo el mundo pueda cobrar<\/b>.<\/p>\n<p class=\"articleParagraph\"><b>La propuesta se someter\u00e1 a votaci\u00f3n<\/b> y que ser\u00e1 adoptada si se alcanza un amplia mayor\u00eda, aunque algunos portadores de las participaciones agraciadas ya han trasladado su intenci\u00f3n de acudir a los tribunales, haciendo responsables de la situaci\u00f3n a los cerca de 10 integrantes, muchos de ellos j\u00f3venes, de la comisi\u00f3n de fiestas.<\/p>\n","protected":false},"excerpt":{"rendered":"El &#8216;Gordo&#8216; de la Loter\u00eda de Navidad dej\u00f3 una lluvia de millones en Villaman\u00edn (Le\u00f3n) con varias series&hellip;\n","protected":false},"author":2,"featured_media":311194,"comment_status":"","ping_status":"","sticky":false,"template":"","format":"standard","meta":{"footnotes":""},"categories":[5],"tags":[17,18,25,24,13,14,11,19,20,9,10,15,16,23,12,21,22],"class_list":{"0":"post-311193","1":"post","2":"type-post","3":"status-publish","4":"format-standard","5":"has-post-thumbnail","7":"category-titulares","8":"tag-breaking-news","9":"tag-breakingnews","10":"tag-es","11":"tag-espana","12":"tag-featured-news","13":"tag-featurednews","14":"tag-headlines","15":"tag-latest-news","16":"tag-latestnews","17":"tag-news","18":"tag-noticias","19":"tag-noticias-destacadas","20":"tag-noticiasdestacadas","21":"tag-spain","22":"tag-titulares","23":"tag-ultimas-noticias","24":"tag-ultimasnoticias"},"share_on_mastodon":{"url":"https:\/\/pubeurope.com\/@es\/115796210006183233","error":""},"_links":{"self":[{"href":"https:\/\/www.europesays.com\/es\/wp-json\/wp\/v2\/posts\/311193","targetHints":{"allow":["GET"]}}],"collection":[{"href":"https:\/\/www.europesays.com\/es\/wp-json\/wp\/v2\/posts"}],"about":[{"href":"https:\/\/www.europesays.com\/es\/wp-json\/wp\/v2\/types\/post"}],"author":[{"embeddable":true,"href":"https:\/\/www.europesays.com\/es\/wp-json\/wp\/v2\/users\/2"}],"replies":[{"embeddable":true,"href":"https:\/\/www.europesays.com\/es\/wp-json\/wp\/v2\/comments?post=311193"}],"version-history":[{"count":0,"href":"https:\/\/www.europesays.com\/es\/wp-json\/wp\/v2\/posts\/311193\/revisions"}],"wp:featuredmedia":[{"embeddable":true,"href":"https:\/\/www.europesays.com\/es\/wp-json\/wp\/v2\/media\/311194"}],"wp:attachment":[{"href":"https:\/\/www.europesays.com\/es\/wp-json\/wp\/v2\/media?parent=311193"}],"wp:term":[{"taxonomy":"category","embeddable":true,"href":"https:\/\/www.europesays.com\/es\/wp-json\/wp\/v2\/categories?post=311193"},{"taxonomy":"post_tag","embeddable":true,"href":"https:\/\/www.europesays.com\/es\/wp-json\/wp\/v2\/tags?post=311193"}],"curies":[{"name":"wp","href":"https:\/\/api.w.org\/{rel}","templated":true}]}}