{"id":311213,"date":"2025-12-28T08:36:12","date_gmt":"2025-12-28T08:36:12","guid":{"rendered":"https:\/\/www.europesays.com\/es\/311213\/"},"modified":"2025-12-28T08:36:12","modified_gmt":"2025-12-28T08:36:12","slug":"ferdi-porsche-resucito-una-mitica-carrera-en-los-alpes-y-hoy-es-un-espectaculo-de-superdeportivos-derrapando-sobre-hielo-con-esquiadores-atados-al-paragolpes","status":"publish","type":"post","link":"https:\/\/www.europesays.com\/es\/311213\/","title":{"rendered":"Ferdi Porsche resucit\u00f3 una m\u00edtica carrera en los Alpes y hoy es un espect\u00e1culo de superdeportivos derrapando sobre hielo con esquiadores atados al paragolpes"},"content":{"rendered":"<p>En pleno coraz\u00f3n de los Alpes austriacos, una antigua pista de aterrizaje junto al lago se congela cada invierno y se convierte en uno de los escenarios m\u00e1s singulares del automovilismo actual. <a rel=\"noopener, noreferrer nofollow\" href=\"https:\/\/linktr.ee\/fat.international?utm_source=ig&amp;utm_medium=social&amp;utm_content=link_in_bio&amp;fbclid=PAZXh0bgNhZW0CMTEAc3J0YwZhcHBfaWQMMjU2MjgxMDQwNTU4AAGnz50ocoZ383kDC6eQFzCFxDXcpPzLdlRk-g7sX7KRIrKKeTp7nmf9T2WUF7c_aem_j2La87xn_uHaspmqiyvDaA\" target=\"_blank\">All\u00ed se celebra la FAT Ice Race<\/a>, un evento que re\u00fane a miles de aficionados, coches de valor hist\u00f3rico incalculable y m\u00e1quinas modernas dispuestas a competir sobre hielo sin cron\u00f3metros.<\/p>\n<p>Zell am See pasa en pocos d\u00edas de ser un tranquilo destino alpino a una meca invernal del motor. <a rel=\"noopener, noreferrer nofollow\" href=\"https:\/\/www.polestar.com\/es\/news\/fat-ice-race-2025\/\" target=\"_blank\">Entre 3.000 y 5.000 personas rodean la pista helada<\/a> mientras los coches entran y salen derrapando, con neum\u00e1ticos de clavos, motores aullando en el aire fr\u00edo y un paisaje de monta\u00f1a que parece sacado de una postal. Muchos lo llaman el \u2018Goodwood invernal\u2019, aunque aqu\u00ed todo es m\u00e1s crudo, m\u00e1s f\u00edsico y mucho m\u00e1s resbaladizo.<\/p>\n<p>    <a href=\"https:\/\/www.motorpasion.com\/superdeportivos\/locos-anos-90-13-superdeportivos-herederos-lamborghini-countach-que-marcaron-epoca\" rel=\"nofollow noopener\" target=\"_blank\"><br \/>\n     <img loading=\"lazy\" decoding=\"async\" alt=\"Aquellos locos a\u00f1os 90: 8 de los superdeportivos herederos del Lamborghini Countach que marcaron una \u00e9poca\" width=\"375\" height=\"142\" src=\"https:\/\/www.europesays.com\/es\/wp-content\/uploads\/2025\/12\/1766910971_240_375_142.jpeg\"\/><br \/>\n    <\/a><\/p>\n<p><strong>Donde la tradici\u00f3n no se guarda en vitrinas<\/strong><\/p>\n<p><strong>La FAT Ice Race recupera el esp\u00edritu de las carreras alpinas de los a\u00f1os 30 y 50<\/strong>, cuando se compet\u00eda sobre lagos helados <a rel=\"noopener, noreferrer nofollow\" href=\"https:\/\/www.instagram.com\/reel\/DRuyuNSDA7Z\/?hl=es\" target=\"_blank\">sin m\u00e1s ayudas que el talento y el tacto al volante<\/a>. Su renacimiento moderno en 2019, impulsado por Ferdinand Porsche (<a rel=\"noopener, noreferrer nofollow\" href=\"https:\/\/robbreport.com\/motors\/cars\/fat-international-ice-race-aspen-ferdi-porsche-interview-1235501676\/\" target=\"_blank\">Ferdi Porsche<\/a>), no buscaba crear otro evento exclusivo sin alma, sino demostrar que la tradici\u00f3n puede seguir viva si se adapta con naturalidad al presente.<\/p>\n<p>En cuanto a las inscripciones, <strong>coches y pilotos son seleccionados por la organizaci\u00f3n<\/strong> en funci\u00f3n de su historia, su car\u00e1cter y c\u00f3mo vive el motor. La personalidad pesa tanto como la velocidad, y ganar no siempre es lo m\u00e1s importante. De hecho, aunque hay tiempos y clasificaciones, el protagonismo suele repartirse entre los coches m\u00e1s especiales y las mangas m\u00e1s espectaculares sobre hielo.<\/p>\n<p>                  <img class=\"\" height=\"793\" width=\"1222\" loading=\"lazy\" decoding=\"async\"  fetchpriority=\"high\"  src=\"https:\/\/www.europesays.com\/es\/wp-content\/uploads\/2025\/12\/1766910972_138_450_1000.jpeg\" alt=\"Foto\"\/><\/p>\n<p>Las categor\u00edas tampoco funcionan como en un campeonato convencional. <strong>Conviven buggies y 4&#215;4, cl\u00e1sicos de tracci\u00f3n trasera, prototipos experimentales<\/strong> y exhibiciones que rozan lo art\u00edstico. El reglamento t\u00e9cnico es deliberadamente f\u00e1cil: neum\u00e1ticos de clavos, revisiones previas y unas normas b\u00e1sicas de seguridad. Nada de igualar prestaciones al mil\u00edmetro. La idea es dejar que los pilotos disfruten de verdad del hielo.<\/p>\n<p>Ese enfoque atrae a un perfil muy concreto de participantes. En la pista no es raro ver a pilotos profesionales y embajadores hist\u00f3ricos del automovilismo, como <strong>Timo Bernhard, Walter R\u00f6hrl o incluso figuras ajenas al motor<\/strong> pero habituadas a competir al l\u00edmite, como el esquiador ol\u00edmpico Aksel Lund Svindal. Todos con el mismo objetivo: derrapar sobre hielo y formar parte de una carrera que se vive m\u00e1s como experiencia que como competici\u00f3n.<\/p>\n<p><strong>Skij\u00f6ring, cl\u00e1sicos y tecnolog\u00eda moderna en el mismo hielo<\/strong><\/p>\n<p><strong>Pero si hay una imagen que define la FAT Ice Race es la del skij\u00f6ring.<\/strong> Un coche acelera mientras un esquiador, sujeto por una cuerda, hace \u2018drift\u2019 sobre el hielo ayudando a estabilizar el conjunto.\u00a0Este no es un copiloto al uso, pero s\u00ed parte activa del equipo.<\/p>\n<p>La coordinaci\u00f3n entre ambos decide m\u00e1s que la potencia, y ah\u00ed reside buena parte de la magia de una disciplina tan antigua como impactante. En la pista tambi\u00e9n conviven iconos hist\u00f3ricos y tecnolog\u00eda actual.\u00a0<a rel=\"noopener, noreferrer nofollow\" href=\"https:\/\/newsroom.porsche.com\/es_ES\/deporte-estilo-de-vida\/2025\/fat-ice-race-2025-38534.html\" target=\"_blank\">El museo rodante de Porsche<\/a> suele ser uno de los grandes protagonistas, con modelos m\u00edticos derrapando como si el hielo fuese su elemento natural.<\/p>\n<p>Tampoco faltan referencias legendarias del rally y la resistencia, <a rel=\"noopener, noreferrer nofollow\" href=\"https:\/\/newsroom.porsche.com\/es_ES\/deporte-estilo-de-vida\/2025\/fat-ice-race-2025-38534.html\" target=\"_blank\">ni tampoco propuestas modernas como el Taycan<\/a>, que demuestra c\u00f3mo la gesti\u00f3n el\u00e9ctrica del par y la tracci\u00f3n total pueden ser aliadas incluso en una superficie tan extrema. Todo pasa muy cerca del p\u00fablico, sin grandes barreras, con el ruido, el fr\u00edo y el olor a gasolina formando parte del espect\u00e1culo.<\/p>\n<p>As\u00ed, m\u00e1s que un festival pensado para Instagram, la FAT Ice Race se ha consolidado como un evento donde el riesgo, la cultura del autom\u00f3vil y la competici\u00f3n real conviven sobre hielo, con <strong>la pr\u00f3xima cita ya marcada en el calendario para los d\u00edas 1 y 2 de febrero de 2026<\/strong> en Zell am See.<\/p>\n<p>Im\u00e1genes | FAT Ice Race, Top Gear<\/p>\n<p>En Motorpasi\u00f3n | <a rel=\"noopener, noreferrer nofollow\" href=\"https:\/\/www.motorpasion.com\/superdeportivos\/joyas-bailando-hielo-asi-han-danzado-the-ice-mitos-ruedas-como-aston-martin-db5-jaguar-xkss\" target=\"_blank\">Joyas bailando sobre hielo: as\u00ed han danzado en &#8216;THE ICE&#8217; mitos sobre ruedas como el Aston Martin DB5 o el Jaguar XKSS<\/a><\/p>\n<p>\u00a0<\/p>\n<p>\u00a0<\/p>\n<p> <script async src=\"\/\/www.instagram.com\/embed.js\"><\/script><\/p>\n","protected":false},"excerpt":{"rendered":"En pleno coraz\u00f3n de los Alpes austriacos, una antigua pista de aterrizaje junto al lago se congela cada&hellip;\n","protected":false},"author":2,"featured_media":311214,"comment_status":"","ping_status":"","sticky":false,"template":"","format":"standard","meta":{"footnotes":""},"categories":[81],"tags":[119,123,124,25,24,117,121,122,23,118,120],"class_list":{"0":"post-311213","1":"post","2":"type-post","3":"status-publish","4":"format-standard","5":"has-post-thumbnail","7":"category-ciencia-y-tecnologia","8":"tag-ciencia","9":"tag-ciencia-y-tecnologia","10":"tag-cienciaytecnologia","11":"tag-es","12":"tag-espana","13":"tag-science","14":"tag-science-and-technology","15":"tag-scienceandtechnology","16":"tag-spain","17":"tag-technology","18":"tag-tecnologia"},"share_on_mastodon":{"url":"https:\/\/pubeurope.com\/@es\/115796285164488685","error":""},"_links":{"self":[{"href":"https:\/\/www.europesays.com\/es\/wp-json\/wp\/v2\/posts\/311213","targetHints":{"allow":["GET"]}}],"collection":[{"href":"https:\/\/www.europesays.com\/es\/wp-json\/wp\/v2\/posts"}],"about":[{"href":"https:\/\/www.europesays.com\/es\/wp-json\/wp\/v2\/types\/post"}],"author":[{"embeddable":true,"href":"https:\/\/www.europesays.com\/es\/wp-json\/wp\/v2\/users\/2"}],"replies":[{"embeddable":true,"href":"https:\/\/www.europesays.com\/es\/wp-json\/wp\/v2\/comments?post=311213"}],"version-history":[{"count":0,"href":"https:\/\/www.europesays.com\/es\/wp-json\/wp\/v2\/posts\/311213\/revisions"}],"wp:featuredmedia":[{"embeddable":true,"href":"https:\/\/www.europesays.com\/es\/wp-json\/wp\/v2\/media\/311214"}],"wp:attachment":[{"href":"https:\/\/www.europesays.com\/es\/wp-json\/wp\/v2\/media?parent=311213"}],"wp:term":[{"taxonomy":"category","embeddable":true,"href":"https:\/\/www.europesays.com\/es\/wp-json\/wp\/v2\/categories?post=311213"},{"taxonomy":"post_tag","embeddable":true,"href":"https:\/\/www.europesays.com\/es\/wp-json\/wp\/v2\/tags?post=311213"}],"curies":[{"name":"wp","href":"https:\/\/api.w.org\/{rel}","templated":true}]}}