{"id":311227,"date":"2025-12-28T08:51:25","date_gmt":"2025-12-28T08:51:25","guid":{"rendered":"https:\/\/www.europesays.com\/es\/311227\/"},"modified":"2025-12-28T08:51:25","modified_gmt":"2025-12-28T08:51:25","slug":"del-mas-atrevido-al-diseno-que-pasara-a-la-historia-de-cannes","status":"publish","type":"post","link":"https:\/\/www.europesays.com\/es\/311227\/","title":{"rendered":"del m\u00e1s atrevido al dise\u00f1o que pasar\u00e1 a la historia de Cannes"},"content":{"rendered":"<p id=\"en0mJYifZf\" data-wc=\"81\">El caso de <strong>Dakota Johnson<\/strong> es curioso, pues podr\u00edamos decir que consigue <a class=\"hm-link hf-link\" href=\"https:\/\/www.hola.com\/fashion\/20250814849751\/dakota-johnson-looks-minimalistas-estilo\/\" rel=\"noopener nofollow\" target=\"_blank\" data-mrf-recirculation=\"article-body-link\">conquistar al mundo de la moda sin seguir ni una sola tendencia<\/a>. La actriz es algo reacia a los cambios (lleva flequillo desde que era una ni\u00f1a), defensora de un minimalismo pr\u00e1ctico y elegante, que a veces choca en los eventos y las alfombras rojas en las que posa, donde sus compa\u00f1eras de profesi\u00f3n suelen hacer un despliegue de fabulosos vestidos, inspirados con frecuencia en las pel\u00edculas que protagonizan.<\/p>\n<p> <img src=\"https:\/\/www.europesays.com\/es\/wp-content\/uploads\/2025\/12\/d9827e5a6574-gettyimages-2231063770.jpg\"   width=\"1080\" height=\"1080\" loading=\"lazy\" decoding=\"async\" alt=\"An\u00e1lisis del estilo de Dakota Johnson\" fetchpriority=\"auto\" class=\"image hf-image\"\/>\u00a9 Getty Images<\/p>\n<p id=\"eVkfd6lHRx\" data-wc=\"54\">\u00abA las marcas les conviene infinitamente m\u00e1s que sus embajadoras mantengan un estilo personal y aut\u00e9ntico\u00bb, <a class=\"hm-link hf-link\" href=\"https:\/\/www.hola.com\/fashion\/20251226874478\/sadie-sink-stranger-things-iman-lujo-estilo-analisis\/\" rel=\"noopener nofollow\" target=\"_blank\" data-mrf-recirculation=\"article-body-link\">aseguraban a FASHION<\/a> nuestras expertas en imagen. Y eso parece ocurrir con Dakota Johnson, cuya colaboraci\u00f3n con sellos como Gucci o Roberto Coin son fruto de su particular gusto, en el que influye tambi\u00e9n su estilista, Kate Young.\u00a0<\/p>\n<p id=\"ep9qcYkyvJQ\" data-wc=\"108\">La int\u00e9rprete cierra un 2025 tal vez complicado en lo personal, pues en junio puso fin a su relaci\u00f3n con el cantante Chris Martin, tras ocho a\u00f1os de noviazgo y un compromiso. Pero en lo profesional ha tenido un gran \u00e9xito, con el estreno de cintas como Materialistas\u00a0o Amores compartidos. Un a\u00f1o en el que tambi\u00e9n la hemos visto innovar y salir de su zona de confort para sorprendernos con <strong>dise\u00f1os atrevidos<\/strong> (las transparencias han reinado en su armario) o creaciones tan espectaculares como la que llev\u00f3 a la boda de su hermana Stella del Carmen en Espa\u00f1a. Hacemos un repaso por algunos de sus mejores looks.<\/p>\n<p>110<\/p>\n<p>  <img src=\"https:\/\/www.europesays.com\/es\/wp-content\/uploads\/2025\/12\/e4000d5e391e-gettyimages-2215469151.jpg\"   width=\"1080\" height=\"1800\" loading=\"lazy\" decoding=\"async\" alt=\"An\u00e1lisis del estilo de Dakota Johnson\" fetchpriority=\"auto\" class=\"image hf-image\"\/>\u00a9 Getty Images<\/p>\n<p>  <img src=\"https:\/\/www.europesays.com\/es\/wp-content\/uploads\/2025\/12\/2d57cac60538-gettyimages-2215930646.jpg\"   width=\"1080\" height=\"1800\" loading=\"lazy\" decoding=\"async\" alt=\"CANNES, FRANCE - MAY 19: Dakota Johnson attends the &quot;Highest 2 Lowest&quot; red carpet at the 78th annual Cannes Film Festival at Palais des Festivals on May 19, 2025 in Cannes, France. (Photo by Pascal Le Segretain\/Getty Images)\" fetchpriority=\"auto\" class=\"image hf-image\"\/>\u00a9 Getty Images<\/p>\n<p> Como una princesa en Cannes<\/p>\n<p id=\"eKPCuQEqF3N\">Su paso este a\u00f1o por La Croisette nos ha dejado <a class=\"hm-link hf-link\" href=\"https:\/\/www.hola.com\/fashion\/tendencias\/20250519832776\/dakota-johnson-looks-festival-de-cannes\/\" rel=\"noopener nofollow\" target=\"_blank\" data-mrf-recirculation=\"article-body-link\">elecciones dif\u00edciles de olvidar<\/a>, como este dise\u00f1o firmado por Gucci de palabra de honor, corte en la cintura y dos alturas de flecos. Un look de princesa de alfombra roja que luci\u00f3 con pendientes de brillantes en forma de hojas.<\/p>\n<p>210<\/p>\n<p>  <img src=\"https:\/\/www.europesays.com\/es\/wp-content\/uploads\/2025\/12\/da1d54498f08-gettyimages-2215261584.jpg\"   width=\"682\" height=\"1024\" loading=\"lazy\" decoding=\"async\" alt=\"Dakota Johnson\" fetchpriority=\"auto\" class=\"image hf-image\"\/>\u00a9 Getty Images<\/p>\n<p> Un espectacular vestido joya<\/p>\n<p id=\"eoDyHvfrwwe\">Tambi\u00e9n el Festival de Cannes apostaba por esta impecable creaci\u00f3n personalizada por Gucci. Un vestido de escote tipo nadador que dejaba la espalda totalmente al aire, con tejido de malla met\u00e1lica cubierto de peque\u00f1os cristales metalizados.<\/p>\n<p>310<\/p>\n<p>  <img src=\"https:\/\/www.europesays.com\/es\/wp-content\/uploads\/2025\/12\/3ecc92582ce1-gettyimages-2218848159.jpg\"   width=\"1080\" height=\"1800\" loading=\"lazy\" decoding=\"async\" alt=\"Dakota Johnson en Nueva York con vestido transparente\" fetchpriority=\"auto\" class=\"image hf-image\"\/>\u00a9 Getty Images<\/p>\n<p>  <img src=\"https:\/\/www.europesays.com\/es\/wp-content\/uploads\/2025\/12\/d14018117ceb-gettyimages-2218848194.jpg\"   width=\"1080\" height=\"1800\" loading=\"lazy\" decoding=\"async\" alt=\"Dakota Johnson en Nueva York con vestido transparente\" fetchpriority=\"auto\" class=\"image hf-image\"\/>\u00a9 Getty Images<\/p>\n<p> Su particular &#8216;vestido de la venganza&#8217;<\/p>\n<p id=\"e0Xs1O7Cwic\">Aunque ha sido un a\u00f1o muy rico profesionalmente para Dakota Johnson, en lo personal ha vivido altibajos, como la <a class=\"hm-link hf-link\" href=\"https:\/\/www.hola.com\/fashion\/20250606836494\/dakota-johnson-look-transparente-ruptura-chris-martin\/\" rel=\"noopener nofollow\" target=\"_blank\" data-mrf-recirculation=\"article-body-link\">ruptura con Chris Martin, cantante de Coldplay<\/a>. La actriz y el m\u00fasico pon\u00edan en junio el punto final a su relaci\u00f3n tras ocho a\u00f1os juntos, y justo despu\u00e9s de que la noticia se diese a conocer, ve\u00edamos a la hija de Melanie Griffith con este atrevido look en el que las transparencias eran las protagonistas. Un conjunto de dos piezas que parece un vestido, formado por un body\u00a0de tul de manga larga con escote cruzado y una falda midi\u00a0en color chocolate, de la dise\u00f1adora albanesa Nensi Dojaka.<\/p>\n<p>410<\/p>\n<p>  <img src=\"https:\/\/www.europesays.com\/es\/wp-content\/uploads\/2025\/12\/8a5c11872d50-stellaalexweddingdiasdevinoyrosas-38-copia.jpg\"   width=\"1080\" height=\"1080\" loading=\"lazy\" decoding=\"async\" alt=\"Stella posa por primera vez como mujer casada con los pilares m\u00e1s importantes de su vida. Aqu\u00ed, con su madre, Melanie Griffith, con un vestido en verde musgo de sat\u00e9n de seda, con un abrigo de encaje con guantes en el mismo tono, y su hermana, Dakota Johnson, con un vestido tambi\u00e9n de encaje con capa y cuello &quot;perkins&quot;\" fetchpriority=\"auto\" class=\"image hf-image\"\/>\u00a9 D\u00edas de vino y rosas<\/p>\n<p> En la boda m\u00e1s esperada<\/p>\n<p id=\"e423bVSWC-c\">Espa\u00f1a, y en concreto Valladolid, fue el lugar escogido por Stella Banderas y Alex Gruszynski para celebrar en octubre el enlace que <a class=\"hm-link hf-link\" href=\"https:\/\/www.hola.com\/moda\/20251022862856\/dakota-johnson-vestido-negro-damas-de-honor-boda-stella-banderas\/\" rel=\"noopener nofollow\" target=\"_blank\" data-mrf-recirculation=\"article-body-link\">\u00a1HOLA! relataba con un reportaje exclusivo<\/a>. La hermana de Dakota Johnson quiso que sus damas de honor luciesen dise\u00f1os en color negro, con el toque g\u00f3tico que predomin\u00f3 en su boda. La actriz posaba as\u00ed de elegante junto a Stella y Melanie, madre de ambas, con un vestido de cuello alto, silueta recta y capa hasta el suelo, con motivos florales.<\/p>\n<p>510<\/p>\n<p>  <img src=\"https:\/\/www.europesays.com\/es\/wp-content\/uploads\/2025\/12\/100592d7227f-gettyimages-2237387616.jpg\"   width=\"1080\" height=\"1800\" loading=\"lazy\" decoding=\"async\" alt=\"An\u00e1lisis del estilo de Dakota Johnson\" fetchpriority=\"auto\" class=\"image hf-image\"\/>\u00a9 Getty Images<\/p>\n<p>  <img src=\"https:\/\/www.europesays.com\/es\/wp-content\/uploads\/2025\/12\/7dc16fc0fc03-gettyimages-2237368930.jpg\"   width=\"1080\" height=\"1800\" loading=\"lazy\" decoding=\"async\" alt=\"Dakota Johnson en el festival de zurich\" fetchpriority=\"auto\" class=\"image hf-image\"\/>\u00a9 Getty Images<\/p>\n<p> El\u00e9ctrica<\/p>\n<p id=\"enLHZvtTge5\">En septiembre, sorprend\u00eda durante el Festival de Cine de Z\u00farich con una creaci\u00f3n poco habitual en su armario, pues no es muy dada a los vestidos con vol\u00famenes. <a class=\"hm-link hf-link\" href=\"https:\/\/www.hola.com\/fashion\/tendencias\/20250926858078\/dakota-johnson-vestido-transparente-encaje-azul-joyas-zurich\/\" rel=\"noopener nofollow\" target=\"_blank\" data-mrf-recirculation=\"article-body-link\">Decidi\u00f3 probar con este dise\u00f1o en azul el\u00e9ctrico<\/a>, con cuerpo de encaje transparente y una dram\u00e1tica falda larga de tul. Un look a medida confeccionado por Gucci, que acompa\u00f1\u00f3 con piezas de Alta Joyer\u00eda, de Roberto Coin.<\/p>\n<p>610<\/p>\n<p>  <img src=\"https:\/\/www.europesays.com\/es\/wp-content\/uploads\/2025\/12\/552716741730-gettyimages-2223253787.jpg\"   width=\"1080\" height=\"1800\" loading=\"lazy\" decoding=\"async\" alt=\"An\u00e1lisis del estilo de Dakota Johnson\" fetchpriority=\"auto\" class=\"image hf-image\"\/>\u00a9 Getty Images<\/p>\n<p>  <img src=\"https:\/\/www.europesays.com\/es\/wp-content\/uploads\/2025\/12\/94969e1af044-0d7c7af0af1c-gettyimages-2223253650.jpg\"   width=\"1080\" height=\"1800\" loading=\"lazy\" decoding=\"async\" alt=\"Dakota Johnson con vestido negro de Mugler en el 59.\u00ba Festival Internacional de Cine de Karlovy Vary\" fetchpriority=\"auto\" class=\"image hf-image\"\/>\u00a9 Getty Images<\/p>\n<p> Negro, su color favorito<\/p>\n<p id=\"e457KfCD6OA\">Tras la ruptura con Chris Martin, la estrella de 50 sombras de Grey se march\u00f3 unos d\u00edas a Ibiza para desconectar y volver despu\u00e9s arrebatadora en julio, para acudir al Festival Internacional de Cine de Karlovy Vary, en la Rep\u00fablica Checa, donde recibi\u00f3 el prestigioso President&#8217;s Award y nos dej\u00f3 sin palabras vestida de terciopelo negro. Apost\u00f3 por esta <a class=\"hm-link hf-link\" href=\"https:\/\/www.hola.com\/fashion\/20250707842509\/dakota-johnson-look-gala-bohemia-terciopelo-joyas-esmeraldas\/\" rel=\"noopener nofollow\" target=\"_blank\" data-mrf-recirculation=\"article-body-link\">creaci\u00f3n de Mugler<\/a>, con escote en forma de coraz\u00f3n, que complet\u00f3 con unos salones negros y un conjunto de joyas con esmeraldas, que acapar\u00f3 todas las miradas<\/p>\n<p>710<\/p>\n<p>  <img src=\"https:\/\/www.europesays.com\/es\/wp-content\/uploads\/2025\/12\/1ec9b51babf6-gettyimages-2217733727.jpg\"   width=\"682\" height=\"1024\" loading=\"lazy\" decoding=\"async\" alt=\"Dakota Johnson\" fetchpriority=\"auto\" class=\"image hf-image\"\/>\u00a9 Getty Images<\/p>\n<p> Una invitada de 10<\/p>\n<p id=\"eAs3xGymMoN\">En el armario de Dakota Johnson encontramos el ejemplo perfecto de c\u00f3mo <a class=\"hm-link hf-link\" href=\"https:\/\/www.hola.com\/fashion\/20250908852772\/como-vestir-de-negro-looks-ideas\/\" rel=\"noopener nofollow\" target=\"_blank\" data-mrf-recirculation=\"article-body-link\">el color negro no es para nada aburrido<\/a> a pesar de su sobriedad. Y es que aunque repite el mismo tono en sus elecciones, estas no pueden ser m\u00e1s diferentes entre s\u00ed. No nos olvidamos de este sofisticado vestido de escote palabra de honor de Ferragamo que estren\u00f3 en primavera, junto a unos salones de original tac\u00f3n de la misma firma italiana, e impresionantes joyas de Roberto Coin.<\/p>\n<p>810<\/p>\n<p>  <img src=\"https:\/\/www.europesays.com\/es\/wp-content\/uploads\/2025\/12\/b077dc5a05fd-dakota-johnson-gtres.jpg\"   width=\"1080\" height=\"1800\" loading=\"lazy\" decoding=\"async\" alt=\"Dakota Johnson\" fetchpriority=\"auto\" class=\"image hf-image\"\/>\u00a9 GTRES<\/p>\n<p>  <img src=\"https:\/\/www.europesays.com\/es\/wp-content\/uploads\/2025\/12\/e3d5e822fa99-dakota-johnson-gtres2.jpg\"   width=\"1080\" height=\"1800\" loading=\"lazy\" decoding=\"async\" alt=\"Dakota Johnson en la cena ben\u00e9fica Kering Foundation'\" fetchpriority=\"auto\" class=\"image hf-image\"\/>\u00a9 GTRES<\/p>\n<p> Su look m\u00e1s atrevido<\/p>\n<p id=\"e6jNT0L_AZz\">Podr\u00edamos calificar as\u00ed este vestido customizado por Gucci que luci\u00f3 en septiembre, durante la cena celebrada por la Fundaci\u00f3n Kering en Nueva York. Sin duda uno de sus conjuntos m\u00e1s arriesgados, no solo del 2025, \u00a1sino hasta la fecha! Se trataba de una delicada creaci\u00f3n de gasa transparente bordada, que se atrevi\u00f3 a combinar con ropa interior debajo, de la lujosa firma Fleur du Mal.<\/p>\n<p>910<\/p>\n<p>  <img src=\"https:\/\/www.europesays.com\/es\/wp-content\/uploads\/2025\/12\/78fe6bba55a9-gettyimages-2250183298.jpg\"   width=\"1080\" height=\"1800\" loading=\"lazy\" decoding=\"async\" alt=\"Dakota Johnson\" fetchpriority=\"auto\" class=\"image hf-image\"\/>\u00a9 Getty Images<\/p>\n<p>  <img src=\"https:\/\/www.europesays.com\/es\/wp-content\/uploads\/2025\/12\/c5d8363fceab-gettyimages-2250196686.jpg\"   width=\"1080\" height=\"1800\" loading=\"lazy\" decoding=\"async\" alt=\"Dakota Johnson en Arabia Saud\u00ed con vestido blanco de encaje\" fetchpriority=\"auto\" class=\"image hf-image\"\/>\u00a9 Getty Images<\/p>\n<p> La Dakota m\u00e1s bohemia<\/p>\n<p id=\"egdnHGWQKjn\">En diciembre, durante su paso por el <a class=\"hm-link hf-link\" href=\"https:\/\/www.hola.com\/moda\/20251206871514\/mejores-looks-red-sea-film-festival-2025\/\" rel=\"noopener nofollow\" target=\"_blank\" data-mrf-recirculation=\"article-body-link\">Red Sea Film Festival celebrado en Arabia Saud\u00ed<\/a>, cambi\u00f3 de estilo radicalmente para defender este vestido blanco semitransparente de encaje, firmado por Chlo\u00e9. Un dise\u00f1o que combinaba una falda con volantes voluminosos y un cuerpo fluido que dejaba ver estrat\u00e9gicamente partes de la piel, creando un equilibrio entre sensualidad y sofisticaci\u00f3n. Con joyas de Chopard, el cabello suelto y un maquillaje luminoso, Dakota ofreci\u00f3 uno de los estilismos m\u00e1s fotografiados de la noche<\/p>\n<p>1010<\/p>\n<p>  <img src=\"https:\/\/www.europesays.com\/es\/wp-content\/uploads\/2025\/12\/0e95577cdad4-gettyimages-2249984010.jpg\"   width=\"1080\" height=\"1800\" loading=\"lazy\" decoding=\"async\" alt=\"Dakota Johnson en Arabia Saud\u00ed con vestido negro cut out\" fetchpriority=\"auto\" class=\"image hf-image\"\/>\u00a9 Getty Images<\/p>\n<p>  <img src=\"https:\/\/www.europesays.com\/es\/wp-content\/uploads\/2025\/12\/0f28fb92d1a8-gettyimages-2249983662.jpg\"   width=\"1080\" height=\"1800\" loading=\"lazy\" decoding=\"async\" alt=\"Dakota Johnson en Arabia Saud\u00ed con vestido negro cut out\" fetchpriority=\"auto\" class=\"image hf-image\"\/>\u00a9 Getty Images<\/p>\n<p> Radiante para acabar el a\u00f1o<\/p>\n<p id=\"er1ubx-mQbkm\">Tambi\u00e9n en la pen\u00ednsula ar\u00e1biga sorprend\u00eda regresando al color negro con este <strong>vestido de aberturas de Alessandra Rich<\/strong>, que dejaba los hombros al descubierto. Entallado, elegante y dando protagonismo a la pieza de Alta Joyer\u00eda que luc\u00eda, un collar de Chopard con l\u00e1grimas de diamantes y cristal, a juego con pendientes y anillo de la misma firma.<\/p>\n","protected":false},"excerpt":{"rendered":"El caso de Dakota Johnson es curioso, pues podr\u00edamos decir que consigue conquistar al mundo de la moda&hellip;\n","protected":false},"author":2,"featured_media":311228,"comment_status":"","ping_status":"","sticky":false,"template":"","format":"standard","meta":{"footnotes":""},"categories":[174],"tags":[425,255,2926,253,146,147,25,24,256,23,2922],"class_list":{"0":"post-311227","1":"post","2":"type-post","3":"status-publish","4":"format-standard","5":"has-post-thumbnail","7":"category-famosos","8":"tag-hola-fashion","9":"tag-celebrities","10":"tag-dakota-johnson","11":"tag-discover","12":"tag-entertainment","13":"tag-entretenimiento","14":"tag-es","15":"tag-espana","16":"tag-famosos","17":"tag-spain","18":"tag-tendencias"},"share_on_mastodon":{"url":"https:\/\/pubeurope.com\/@es\/115796344639347439","error":""},"_links":{"self":[{"href":"https:\/\/www.europesays.com\/es\/wp-json\/wp\/v2\/posts\/311227","targetHints":{"allow":["GET"]}}],"collection":[{"href":"https:\/\/www.europesays.com\/es\/wp-json\/wp\/v2\/posts"}],"about":[{"href":"https:\/\/www.europesays.com\/es\/wp-json\/wp\/v2\/types\/post"}],"author":[{"embeddable":true,"href":"https:\/\/www.europesays.com\/es\/wp-json\/wp\/v2\/users\/2"}],"replies":[{"embeddable":true,"href":"https:\/\/www.europesays.com\/es\/wp-json\/wp\/v2\/comments?post=311227"}],"version-history":[{"count":0,"href":"https:\/\/www.europesays.com\/es\/wp-json\/wp\/v2\/posts\/311227\/revisions"}],"wp:featuredmedia":[{"embeddable":true,"href":"https:\/\/www.europesays.com\/es\/wp-json\/wp\/v2\/media\/311228"}],"wp:attachment":[{"href":"https:\/\/www.europesays.com\/es\/wp-json\/wp\/v2\/media?parent=311227"}],"wp:term":[{"taxonomy":"category","embeddable":true,"href":"https:\/\/www.europesays.com\/es\/wp-json\/wp\/v2\/categories?post=311227"},{"taxonomy":"post_tag","embeddable":true,"href":"https:\/\/www.europesays.com\/es\/wp-json\/wp\/v2\/tags?post=311227"}],"curies":[{"name":"wp","href":"https:\/\/api.w.org\/{rel}","templated":true}]}}