{"id":311275,"date":"2025-12-28T09:26:17","date_gmt":"2025-12-28T09:26:17","guid":{"rendered":"https:\/\/www.europesays.com\/es\/311275\/"},"modified":"2025-12-28T09:26:17","modified_gmt":"2025-12-28T09:26:17","slug":"la-axarquia-sigue-en-aviso-naranja-tras-una-noche-de-crecidas-en-el-guadalhorce-por-cartama-y-en-el-rio-grande","status":"publish","type":"post","link":"https:\/\/www.europesays.com\/es\/311275\/","title":{"rendered":"La Axarqu\u00eda sigue en aviso naranja tras una noche de crecidas en el Guadalhorce por C\u00e1rtama y en el r\u00edo Grande"},"content":{"rendered":"<p>Las lluvias acumuladas durante las \u00faltimas horas del s\u00e1bado y las primeras del domingo, con altos vol\u00famenes concentrados en muy poco tiempo, han dado crecidas  &#8230; intensas en los caudales de los r\u00edos. Uno de los puntos m\u00e1s complicados siempre es el del Guadalhorce a su paso por C\u00e1rtama, donde se da la circunstancia de que existen construcciones en zonas inundables. Pasada la medianoche, la red Hidrosur daba aviso rojo de crecidas. Med\u00eda 1.053 metros c\u00fabicos por segundo (m\u00e1s de 1 mill\u00f3n de litros), muy cerca de su nivel hist\u00f3rico. La profundidad rozaba los 5,5 metros. C\u00e1rtama Estaci\u00f3n estaba teniendo serios problemas con las conexiones viarias. Tras la alerta roja, este domingo a\u00fan se mantienen el aviso naranja para la Axarquia hasta las tres de la tarde. A las 10.00 han quedado desactivados los de nivel amarillo en Costa del Sol, Guadalhorce y Antequera. <\/p>\n<p class=\"v-p\">Gran parte del alimento del curso bajo del Guadalhorce lo produce el r\u00edo Grande, que recoge los caudales de la Sierra de las Nieves. A su paso por el aforo de Aljaima, ya desembocado en el Guadalhorce, med\u00eda 274 metros c\u00fabicos por segundo y alcanzaba una profundidad de 1,16 metros. Para hacernos una idea, el caudal que inyecta M\u00e1laga capital en la red es de 1.600 litros por segundo. Estos aportes se aprovechan de manera superficial en el azud situado en ese punto, en el t\u00e9rmino municipal de C\u00e1rtama. Es agua que no se almacena, por lo que s\u00f3lo se puede utilizar lo que el sistema pueda aprovechar en tiempo real. La regulaci\u00f3n del Grande con la presa pendiente de Cerro Blanco ser\u00eda clave para contener las avenidas del r\u00edo.<\/p>\n<p>Aforos<\/p>\n<p class=\"v-p\">Aguas arriba, el propio Grande registraba en el aforo de Las Millanas 1,11 metros de profundidad y un caudal de 15,41 metros c\u00fabicos por segundo.<\/p>\n<p class=\"v-p\">El resto de los cauces de la provincia se mantienen fuera de aviso. De hecho, otro de los puntos conflictivos, el Campanillas, bajaba apenas con 1,80 m3\/s pasada la medianoche. Este r\u00edo, regulado por la presa de Casasola, es afluente del Guadalhorce por la izquierda y ha sido protagonista en tiempos recientes de numerosos episodios de inundaciones y de desalojos. Sigue pendiente su encauzamiento en su tramo m\u00e1s urbano. <\/p>\n<p class=\"v-p\">Crecidas pero sin alerta tambi\u00e9n registraba el r\u00edo Tur\u00f3n a su paso por Ardales camino del embalse de Conde del Guadalhorce. Cerca de la una de la madrugada med\u00eda 14,85 m3\/s. Es otro de los cauces que se desbord\u00f3 en varias ocasiones a principios de a\u00f1o con los trenes de danas y borrascas. <\/p>\n<p class=\"v-p\">El Genal a su paso por Jubrique indicaba 0,63 metros de profundidad pasada la una de la madrugada, momento en el que la mayor\u00eda de sensores de la red Hidrosur estaban ca\u00eddos. El r\u00edo se acercaba a nivel amarillo en ese momento.<\/p>\n<p class=\"v-p\">El Ayuntamiento del municipio malague\u00f1o C\u00e1rtama ha informado de que est\u00e1 cortada la carretera A-7057 entre la localidad y Estaci\u00f3n de C\u00e1rtama tras las lluvias que se registran en la zona, que permanece en aviso rojo por precipitaciones.<\/p>\n<p class=\"v-p\">Por otro lado, el alcalde de C\u00e1rtama, Jorge Gallardo, en una publicaci\u00f3n en redes sociales, ha alertado, adem\u00e1s, de la crecida del r\u00edo Guadalhorce, asegurando que se ha salido de su cauce. \u00abEsto pinta regular otra vez\u00bb, precisaba el regidor. Las emergencias estaban alertando a los vecinos de la zona de Do\u00f1a Ana y de zonas de campo de la crecida del r\u00edo.<\/p>\n<p class=\"v-p\">Asimismo, el Ayuntamiento ha elevado el plan de emergencia municipal a fase 1 debido a las fuertes precipitaciones y el aviso rojo. Desde el Consistorio de C\u00e1rtama han pedido m\u00e1xima precauci\u00f3n y no hacer desplazamientos. Tambi\u00e9n precauci\u00f3n en las calles por arquetas que pueden estar levantadas.<\/p>\n<p class=\"v-p\">De igual modo, se recomienda evitar zonas cercanas a r\u00edos y arroyos ante la posibilidad de crecidas. Sobre el terreno efectivos de Polic\u00eda Local, Guardia Civil, Protecci\u00f3n Civil, Bomberos y Operativos del Ayuntamiento est\u00e1n para atender las incidencias generadas.<\/p>\n","protected":false},"excerpt":{"rendered":"Las lluvias acumuladas durante las \u00faltimas horas del s\u00e1bado y las primeras del domingo, con altos vol\u00famenes concentrados&hellip;\n","protected":false},"author":2,"featured_media":311276,"comment_status":"","ping_status":"","sticky":false,"template":"","format":"standard","meta":{"footnotes":""},"categories":[8],"tags":[3830,17,18,73238,73236,25,24,13,14,699,73237,11,19,20,9,10,15,16,4191,3679,13644,23,12,21,22],"class_list":{"0":"post-311275","1":"post","2":"type-post","3":"status-publish","4":"format-standard","5":"has-post-thumbnail","7":"category-espana","8":"tag-alerta","9":"tag-breaking-news","10":"tag-breakingnews","11":"tag-cartama","12":"tag-crecidas","13":"tag-es","14":"tag-espana","15":"tag-featured-news","16":"tag-featurednews","17":"tag-grande","18":"tag-guadalhorce","19":"tag-headlines","20":"tag-latest-news","21":"tag-latestnews","22":"tag-news","23":"tag-noticias","24":"tag-noticias-destacadas","25":"tag-noticiasdestacadas","26":"tag-paso","27":"tag-rio","28":"tag-roja","29":"tag-spain","30":"tag-titulares","31":"tag-ultimas-noticias","32":"tag-ultimasnoticias"},"share_on_mastodon":{"url":"https:\/\/pubeurope.com\/@es\/115796481442441855","error":""},"_links":{"self":[{"href":"https:\/\/www.europesays.com\/es\/wp-json\/wp\/v2\/posts\/311275","targetHints":{"allow":["GET"]}}],"collection":[{"href":"https:\/\/www.europesays.com\/es\/wp-json\/wp\/v2\/posts"}],"about":[{"href":"https:\/\/www.europesays.com\/es\/wp-json\/wp\/v2\/types\/post"}],"author":[{"embeddable":true,"href":"https:\/\/www.europesays.com\/es\/wp-json\/wp\/v2\/users\/2"}],"replies":[{"embeddable":true,"href":"https:\/\/www.europesays.com\/es\/wp-json\/wp\/v2\/comments?post=311275"}],"version-history":[{"count":0,"href":"https:\/\/www.europesays.com\/es\/wp-json\/wp\/v2\/posts\/311275\/revisions"}],"wp:featuredmedia":[{"embeddable":true,"href":"https:\/\/www.europesays.com\/es\/wp-json\/wp\/v2\/media\/311276"}],"wp:attachment":[{"href":"https:\/\/www.europesays.com\/es\/wp-json\/wp\/v2\/media?parent=311275"}],"wp:term":[{"taxonomy":"category","embeddable":true,"href":"https:\/\/www.europesays.com\/es\/wp-json\/wp\/v2\/categories?post=311275"},{"taxonomy":"post_tag","embeddable":true,"href":"https:\/\/www.europesays.com\/es\/wp-json\/wp\/v2\/tags?post=311275"}],"curies":[{"name":"wp","href":"https:\/\/api.w.org\/{rel}","templated":true}]}}