{"id":311281,"date":"2025-12-28T09:36:11","date_gmt":"2025-12-28T09:36:11","guid":{"rendered":"https:\/\/www.europesays.com\/es\/311281\/"},"modified":"2025-12-28T09:36:11","modified_gmt":"2025-12-28T09:36:11","slug":"la-premier-league-quiere-a-ruben-vargas","status":"publish","type":"post","link":"https:\/\/www.europesays.com\/es\/311281\/","title":{"rendered":"La Premier League quiere a Rub\u00e9n Vargas"},"content":{"rendered":"<p style=\"\">Las vacaciones de Navidad van finalizando para muchos y el pr\u00f3ximo fin de semana regresa el f\u00fatbol de clubes tras este par\u00f3n invernal. <strong>Rub\u00e9n Vargas<\/strong> ha sido uno de los primeros en regresar a Sevilla y ayer<a href=\"https:\/\/www.abc.es\/deportes\/orgullodenervion\/noticias-sevilla-fc\/ruben-vargas-nianzou-marcao-tres-hombres-adelantan-20251227140343-nts.html\" target=\"_self\" data-voc-vtm-id=\"in-text-traffic\" title=\" se dej\u00f3 ver por la ciudad deportiva\" data-mrf-link=\"www.abc.es\" rel=\"nofollow noopener\"> se dej\u00f3 ver por la ciudad deportiva<\/a> &#8230;  ejercit\u00e1ndose para estar disponible lo antes posible.<\/p>\n<p class=\"voc-p\" style=\"\">El suizo se lesion\u00f3 el pasado 24 de noviembre ante el Espanyol y se ha perdido un total de seis partidos entre <strong>LaLiga y la Copa del Rey<\/strong>. Almeyda lo ha echado de menos en este tiempo en barbecho, pero todo apunta a que el extremo volver\u00e1 a los terrenos de juegos ante el Levante. <\/p>\n<p class=\"voc-p\" style=\"\">Ese d\u00eda ya habr\u00e1 arrancado el mercado de fichajes de enero y Rub\u00e9n ser\u00e1 uno de los nombres propios del mismo. Actualmente, es uno de los activos m\u00e1s interesantes con los que cuenta el<strong> Sevilla FC<\/strong>, el internacional es un fijo para <strong>Mat\u00edas Almeyda<\/strong> y, adem\u00e1s, es uno de los <strong>m\u00e1ximos goleadores<\/strong> actualmente junto a <strong>Akor Adams<\/strong> e<strong> Isaac Romero<\/strong>. <\/p>\n<p>\nEl Sevilla valora su venta\n<\/p>\n<p class=\"voc-p\" style=\"\">Ya el pasado mercado de verano, el Villarreal estuvo interesado en hacerse con sus servicios en el tramo final del mismo. De hecho, el <strong>Sevilla FC<\/strong> se encontraba en la tesitura de vender a <strong>Lukebakio<\/strong> o a <strong>Vargas<\/strong> para que las cuentas pudieran cuadrar y cumplir con las normas de LaLiga. Finalmente, Antonio Cord\u00f3n se decidi\u00f3 por el belga al ser la oferta del Benfica mucho m\u00e1s beneficiosa para el club, puesto que la oferta del Villarreal no se acercaba ni de lejos a las pretensiones del club nervionense. <\/p>\n<p class=\"voc-p\" style=\"\">Ahora, <strong>Rub\u00e9n Vargas cumplir\u00e1 un a\u00f1o en el Sevilla FC<\/strong> y su futuro no est\u00e1 a\u00fan nada claro. Seg\u00fan ha podido conocer <strong>ABC de Sevilla<\/strong>, hay varios equipos de la Premier League que han preguntado por la situaci\u00f3n del futbolista. En concreto, el <strong>Bournemouth, Leeds United y Sunderland<\/strong> son los clubes m\u00e1s interesados en los servicios del suizo. <\/p>\n<p class=\"voc-p\" style=\"\">El precio de partida que tantean desde Inglaterra estar\u00eda en torno a unos diez millones de euros, aunque el <strong>Sevilla FC<\/strong> tas\u00f3 al jugador en <strong>15 millones<\/strong> el pasado verano, <a href=\"https:\/\/www.abc.es\/deportes\/orgullodenervion\/fichajes-sevilla-fc\/ruben-vargas-venta-cercana-sevilla-20250827201256-nts.html\" target=\"_self\" data-voc-vtm-id=\"in-text-traffic\" title=\"cuando el Villarreal se planteaba su fichaje\" data-mrf-link=\"www.abc.es\" rel=\"nofollow noopener\">cuando el Villarreal se planteaba su fichaje<\/a>. Si bien es cierto que, llegado el caso, el trato podr\u00eda cerrarse por un precio fijo inferior a \u00e9ste. No obstante, los planes de <strong>Antonio Cord\u00f3n<\/strong>, director de f\u00fatbol sevillista, no tienen como prioridad vender a Vargas.<\/p>\n<p class=\"voc-title\">El extremo no desea marcharse del Sevilla, pero tampoco se cierra en banda en el caso de que llegue alguna oferta importante<\/p>\n<p class=\"voc-p\" style=\"\">El suizo, junto a Akor, fue el<strong> \u00faltimo fichaje de V\u00edctor Orta en el Sevilla FC<\/strong>. El club <strong>abon\u00f3 2,5 millones<\/strong> para fichar al jugador que ven\u00eda proveniente del <strong>FC Augsburgo<\/strong>. Sus primeros meses en la capital hispalense no fueron un camino de rosas, si bien se aclimat\u00f3 inmediatamente, convirti\u00e9ndose en imprescindible para Garc\u00eda Pimienta, el jugador cay\u00f3 lesionado el pasado mes de marzo y su temporada acab\u00f3 ah\u00ed.<\/p>\n<p class=\"voc-p\" style=\"\">Un jarro de agua fr\u00eda tanto para \u00e9l como para el equipo, que le ech\u00f3 mucho de menos en el \u00faltimo tercio del torneo liguero. Tras esto, se propuso trabajar duro para que esta temporada poder dar lo mejor de s\u00ed mismo, consciente de que el <strong>Mundial 2026<\/strong> se encuentra a la vuelta de la esquina y quiere seguir contando para su seleccionador. <\/p>\n<p class=\"voc-p\" style=\"\"><strong>El suizo valora mucho su rol<\/strong> dentro del equipo dirigido por Mat\u00edas Almeyda y no quiere marcharse a un club en el que esta situaci\u00f3n pueda cambiar. Su entorno insiste en que Vargas es muy feliz aqu\u00ed, a pesar de las dificultades que atraviesa el equipo y s\u00f3lo se marchar\u00eda en el caso de que la oferta que llegara cumpliera tanto en el aspecto econ\u00f3mico como en el deportivo.<\/p>\n<p class=\"voc-p\" style=\"\">Una idea que apoya su director deportivo. De hecho, la idea del extreme\u00f1o es la de <strong>cerrar el traspaso de Juanlu<\/strong> y evitar as\u00ed desprenderse de una de las piezas m\u00e1s importantes del equipo, como es Rub\u00e9n. Ya tuvo que ejecutar la venta <a href=\"https:\/\/www.abc.es\/deportes\/orgullodenervion\/fichajes-sevilla-fc\/oficial-lukebakio-nuevo-jugador-benfica-20250901174118-nts.html#:~:text=De%2520esta%2520forma%252C%2520el%2520Sevilla,pasar%2520el%2520pertinente%2520reconocimiento%2520m%25C3%25A9dico.\" target=\"_self\" data-voc-vtm-id=\"in-text-traffic\" title=\"de Lukebakio\" data-mrf-link=\"www.abc.es\" rel=\"nofollow noopener\">de Lukebakio<\/a> ante la negativa de otros canteranos a marcharse del club hispalense, como fue el<strong> caso de Carmona y el Nottingham Forest<\/strong>, y desea que en esta nueva ventana las cosas sean diferentes.<\/p>\n<p class=\"voc-title\">Los planes de Cord\u00f3n este invierno pasan por hacer una buena venta, por lo que no se descarta ning\u00fan escenario al respecto<\/p>\n<p class=\"voc-p\" style=\"\"><strong>Juanlu<\/strong> ha perdido mucho protagonismo en lo que va de campa\u00f1a 2025-26 y, aunque firm\u00f3 un gran encuentro ante el Real Madrid, su desempe\u00f1o en los minutos que ha disfrutado este curso ha sido muy discreto. No es titular para Almeyda, al contrario que su compa\u00f1ero Rub\u00e9n Vargas y su venta conllevar\u00eda una <strong>plusval\u00eda \u00edntegra<\/strong>. Una bendici\u00f3n para las maltrechas arcas del Sevilla. <\/p>\n<p class=\"voc-p\" style=\"\">La <strong>sombra del N\u00e1poles<\/strong> sigue presente y es el \u00fanico destino al que el sevillano estaba dispuesto a salir hace unos meses. Incluso lleg\u00f3 a rechazar a clubes de la<strong> Premier League<\/strong> como el<strong> Wolverhampton<\/strong> por intentar recalar en el campe\u00f3n italiano. Una venta que finalmente no se cerr\u00f3 por discrepancias econ\u00f3micas, ya que el Sevilla pretend\u00eda elevar el porcentaje en caso de futura venta. Tras meses de negociaciones interrumpidas, el trato no se cerr\u00f3 y <strong>Juanlu hered\u00f3 el dorsal 16 de Jes\u00fas Navas<\/strong>.<\/p>\n<p class=\"voc-p\" style=\"\">No obstante, hay otros equipos que lo siguen de cerca y habr\u00e1 que ver si los deseos del canterano han variado con respecto al verano. Bayer Leverkusen de la Bundesliga y el Everton ingl\u00e9s han monitorizado su situaci\u00f3n recientemente y se posicionan como alternativas para Juanlu. Eso s\u00ed, la posici\u00f3n del Sevilla sobre el quinte\u00f1o es clara, no lo dejar\u00e1 marchar por menos de <strong>15 millones de euros<\/strong>, teniendo en cuenta la juventud y el potencial del jugador. <\/p>\n<p class=\"voc-p\" style=\"\">Si bien, la idea de la entidad hispalense es la de generar plusval\u00edas de al menos diez millones de euros para poder acudir al mercado de invierno y, adem\u00e1s, seguir cumpliendo con la hoja de ruta de recuperaci\u00f3n econ\u00f3mica que se ha marcado. De esta forma, s\u00f3lo jugadores como <strong>Juanlu, Agoum\u00e9, Carmona o Rub\u00e9n Vargas<\/strong> son los llamados a poder dejar esa cantidad de dinero este invierno. Las prioridades est\u00e1n claras, otra cosa ser\u00e1 c\u00f3mo deriven las negociaciones.<\/p>\n","protected":false},"excerpt":{"rendered":"Las vacaciones de Navidad van finalizando para muchos y el pr\u00f3ximo fin de semana regresa el f\u00fatbol de&hellip;\n","protected":false},"author":2,"featured_media":311282,"comment_status":"","ping_status":"","sticky":false,"template":"","format":"standard","meta":{"footnotes":""},"categories":[268],"tags":[168,25,24,280,282,1211,17656,2615,1361,281,23,167,1362],"class_list":{"0":"post-311281","1":"post","2":"type-post","3":"status-publish","4":"format-standard","5":"has-post-thumbnail","7":"category-futbol","8":"tag-deportes","9":"tag-es","10":"tag-espana","11":"tag-football","12":"tag-futbol","13":"tag-league","14":"tag-premier","15":"tag-quiere","16":"tag-ruben","17":"tag-soccer","18":"tag-spain","19":"tag-sports","20":"tag-vargas"},"share_on_mastodon":{"url":"https:\/\/pubeurope.com\/@es\/115796520812309967","error":""},"_links":{"self":[{"href":"https:\/\/www.europesays.com\/es\/wp-json\/wp\/v2\/posts\/311281","targetHints":{"allow":["GET"]}}],"collection":[{"href":"https:\/\/www.europesays.com\/es\/wp-json\/wp\/v2\/posts"}],"about":[{"href":"https:\/\/www.europesays.com\/es\/wp-json\/wp\/v2\/types\/post"}],"author":[{"embeddable":true,"href":"https:\/\/www.europesays.com\/es\/wp-json\/wp\/v2\/users\/2"}],"replies":[{"embeddable":true,"href":"https:\/\/www.europesays.com\/es\/wp-json\/wp\/v2\/comments?post=311281"}],"version-history":[{"count":0,"href":"https:\/\/www.europesays.com\/es\/wp-json\/wp\/v2\/posts\/311281\/revisions"}],"wp:featuredmedia":[{"embeddable":true,"href":"https:\/\/www.europesays.com\/es\/wp-json\/wp\/v2\/media\/311282"}],"wp:attachment":[{"href":"https:\/\/www.europesays.com\/es\/wp-json\/wp\/v2\/media?parent=311281"}],"wp:term":[{"taxonomy":"category","embeddable":true,"href":"https:\/\/www.europesays.com\/es\/wp-json\/wp\/v2\/categories?post=311281"},{"taxonomy":"post_tag","embeddable":true,"href":"https:\/\/www.europesays.com\/es\/wp-json\/wp\/v2\/tags?post=311281"}],"curies":[{"name":"wp","href":"https:\/\/api.w.org\/{rel}","templated":true}]}}