{"id":311297,"date":"2025-12-28T09:46:20","date_gmt":"2025-12-28T09:46:20","guid":{"rendered":"https:\/\/www.europesays.com\/es\/311297\/"},"modified":"2025-12-28T09:46:20","modified_gmt":"2025-12-28T09:46:20","slug":"mediamarkt-tambien-tiene-sus-propias-marcas-en-tecnologia-y-cocina-con-dispositivos-que-van-desde-teles-hasta-freidoras-de-aire","status":"publish","type":"post","link":"https:\/\/www.europesays.com\/es\/311297\/","title":{"rendered":"Mediamarkt tambi\u00e9n tiene sus propias marcas en tecnolog\u00eda y cocina con dispositivos que van desde teles hasta freidoras de aire"},"content":{"rendered":"<p>Algunas tiendas venden productos de otras tiendas, otras tambi\u00e9n act\u00faan como marketplace y en menor medida a\u00f1aden a sus cat\u00e1logos dispositivos de sus propias marcas. Quiz\u00e1s Amazon sea el ejemplo m\u00e1s claro con sus Fire TV Stick o sus Amazon Echo, pero MediaMarkt tambi\u00e9n tiene sus propios dispositivos bajo sus marcas <strong>ok., Peak, Isy y Koenic<\/strong>. Por ello en este art\u00edculo vamos a hacer un repaso de cinco de sus dispositivos en electr\u00f3nica y cocina.<\/p>\n<p>Peaq PTV 65WQU-5025E<\/p>\n<p>                    <a rel=\"nofollow, sponsored, noopener, noreferrer\" target=\"_blank\" class=\"js-ecommerce\" id=\"link-ecommerce-6\" href=\"https:\/\/www.xataka.com\/redirect?url=https%3A%2F%2Fwww.mediamarkt.es%2Fes%2Fproduct%2F_tv-qled-65-peaq-ptv-65wqu-5025e-uhd-4k-dolby-audio-dvb-t2-60-hz-hdr10-diseno-sin-marco-negro-1587396.html&amp;category=seleccion&amp;ecomPostExpiration=everlasting&amp;postId=329045\" data-vars-affiliate-url=\"https:\/\/www.mediamarkt.es\/es\/product\/_tv-qled-65-peaq-ptv-65wqu-5025e-uhd-4k-dolby-audio-dvb-t2-60-hz-hdr10-diseno-sin-marco-negro-1587396.html\"><br \/>\n         <img class=\"centro_sinmarco\" height=\"900\" width=\"1600\" loading=\"lazy\" decoding=\"async\"  fetchpriority=\"high\"  src=\"https:\/\/www.europesays.com\/es\/wp-content\/uploads\/2025\/12\/1766915171_519_450_1000.jpeg\" alt=\"Peaq Ptv 65wqu 5025e\"\/><\/p>\n<p>     <\/a><\/p>\n<p>MediaMarkt tiene algunas teles propias amparadas bajo la marca Peaq y una de las m\u00e1s interesantes es la <a rel=\"nofollow, sponsored, noopener, noreferrer\" target=\"_blank\" class=\"js-ecommerce\" id=\"link-ecommerce-7\" href=\"https:\/\/www.xataka.com\/redirect?url=https%3A%2F%2Fwww.mediamarkt.es%2Fes%2Fproduct%2F_tv-qled-65-peaq-ptv-65wqu-5025e-uhd-4k-dolby-audio-dvb-t2-60-hz-hdr10-diseno-sin-marco-negro-1587396.html&amp;category=seleccion&amp;ecomPostExpiration=everlasting&amp;postId=329045\" data-vars-affiliate-url=\"https:\/\/www.mediamarkt.es\/es\/product\/_tv-qled-65-peaq-ptv-65wqu-5025e-uhd-4k-dolby-audio-dvb-t2-60-hz-hdr10-diseno-sin-marco-negro-1587396.html\">Peaq PTV 65WQU-5025E<\/a>. Se trata de un televisor que incorpora una <strong>pantalla QLED de nada menos que 65 pulgadas<\/strong>. Es compatible con HDR10 y tambi\u00e9n con el formato de sonido Dolby Audio y su sistema operativo es WebOS Hub.<\/p>\n<p> <a rel=\"nofollow, sponsored, noopener, noreferrer\" target=\"_blank\" href=\"https:\/\/www.xataka.com\/redirect?site=xataka&amp;url=https%3A%2F%2Fwww.mediamarkt.es%2Fes%2Fproduct%2F_tv-qled-65-peaq-ptv-65wqu-5025e-uhd-4k-dolby-audio-dvb-t2-60-hz-hdr10-diseno-sin-marco-negro-1587396.html&amp;affiliate_id=&amp;ecomPostExpiration=everlasting&amp;postId=329045\"><br \/>\n     <img loading=\"lazy\" decoding=\"async\" src=\"https:\/\/www.europesays.com\/es\/wp-content\/uploads\/2025\/12\/1766915172_406_original.jpeg\" alt=\"Peaq PTV 65WQU-5025E\" width=\"900\" height=\"900\"\/><br \/>\n   <\/a><\/p>\n<p>El precio podr\u00eda variar. Obtenemos comisi\u00f3n por estos enlaces<\/p>\n<p>Peaq PPA 550-RW Retro<\/p>\n<p>                    <a rel=\"nofollow, sponsored, noopener, noreferrer\" target=\"_blank\" class=\"js-ecommerce\" id=\"link-ecommerce-8\" href=\"https:\/\/www.xataka.com\/redirect?url=https%3A%2F%2Fwww.mediamarkt.es%2Fes%2Fproduct%2F_altavoz-bluetooth-peaq-ppa-550-rw-retro-60w-bluetooth-8h-autonomia-edicion-robbie-williams-true-wireless-negro-1601712.html&amp;category=seleccion&amp;ecomPostExpiration=everlasting&amp;postId=329045\" data-vars-affiliate-url=\"https:\/\/www.mediamarkt.es\/es\/product\/_altavoz-bluetooth-peaq-ppa-550-rw-retro-60w-bluetooth-8h-autonomia-edicion-robbie-williams-true-wireless-negro-1601712.html\"><br \/>\n         <img class=\"centro_sinmarco\" height=\"900\" width=\"1600\" loading=\"lazy\" decoding=\"async\"  fetchpriority=\"high\"  src=\"https:\/\/www.europesays.com\/es\/wp-content\/uploads\/2025\/12\/1766915173_485_450_1000.jpeg\" alt=\"Peaq Ppa 550 Rw Retro Pivot\"\/><\/p>\n<p>     <\/a><\/p>\n<p>Si hay un dispositivo de lo m\u00e1s curioso ese es el <a rel=\"nofollow, sponsored, noopener, noreferrer\" target=\"_blank\" class=\"js-ecommerce\" id=\"link-ecommerce-9\" href=\"https:\/\/www.xataka.com\/redirect?url=https%3A%2F%2Fwww.mediamarkt.es%2Fes%2Fproduct%2F_altavoz-bluetooth-peaq-ppa-550-rw-retro-60w-bluetooth-8h-autonomia-edicion-robbie-williams-true-wireless-negro-1601712.html&amp;category=seleccion&amp;ecomPostExpiration=everlasting&amp;postId=329045\" data-vars-affiliate-url=\"https:\/\/www.mediamarkt.es\/es\/product\/_altavoz-bluetooth-peaq-ppa-550-rw-retro-60w-bluetooth-8h-autonomia-edicion-robbie-williams-true-wireless-negro-1601712.html\">Peaq PPA 550-RW Retro<\/a>, un altavoz Bluetooth en edici\u00f3n Robbie Williams. S\u00ed, el cantante de temas muy populares como &#8216;Feel&#8217;. Entre sus especificaciones, lo m\u00e1s destacable es que se trata de un altavoz que ofrece una <strong>potencia de audio de 60W<\/strong> y su autonom\u00eda es de unas 8 horas te\u00f3ricas. Tambi\u00e9n tiene un dise\u00f1o retro e incorpora una botonera en la parte superior.<\/p>\n<p> <a rel=\"nofollow, sponsored, noopener, noreferrer\" target=\"_blank\" href=\"https:\/\/www.xataka.com\/redirect?site=xataka&amp;url=https%3A%2F%2Fwww.mediamarkt.es%2Fes%2Fproduct%2F_altavoz-bluetooth-peaq-ppa-550-rw-retro-60w-bluetooth-8h-autonomia-edicion-robbie-williams-true-wireless-negro-1601712.html&amp;affiliate_id=&amp;ecomPostExpiration=everlasting&amp;postId=329045\"><br \/>\n     <img loading=\"lazy\" decoding=\"async\" src=\"https:\/\/www.europesays.com\/es\/wp-content\/uploads\/2025\/12\/1766915173_368_original.jpeg\" alt=\"Peaq PPA 550-RW Retro\" width=\"900\" height=\"900\"\/><br \/>\n   <\/a><\/p>\n<p>El precio podr\u00eda variar. Obtenemos comisi\u00f3n por estos enlaces<\/p>\n<p>Peaq MIA PRO 11<\/p>\n<p>                    <a rel=\"nofollow, sponsored, noopener, noreferrer\" target=\"_blank\" class=\"js-ecommerce\" id=\"link-ecommerce-10\" href=\"https:\/\/www.xataka.com\/redirect?url=https%3A%2F%2Fwww.mediamarkt.es%2Fes%2Fproduct%2F_tablet-peaq-mia-pro-11-conectividad-4g-11-full-hd-matte-view-display-6-gb-ram-256gb-android-15-lunar-mist-1599175.html&amp;category=seleccion&amp;ecomPostExpiration=everlasting&amp;postId=329045\" data-vars-affiliate-url=\"https:\/\/www.mediamarkt.es\/es\/product\/_tablet-peaq-mia-pro-11-conectividad-4g-11-full-hd-matte-view-display-6-gb-ram-256gb-android-15-lunar-mist-1599175.html\"><br \/>\n         <img class=\"centro_sinmarco\" height=\"900\" width=\"1600\" loading=\"lazy\" decoding=\"async\"  fetchpriority=\"high\"  src=\"https:\/\/www.europesays.com\/es\/wp-content\/uploads\/2025\/12\/1766915174_229_450_1000.jpeg\" alt=\"Peaq Mia Pro 11\"\/><\/p>\n<p>     <\/a><\/p>\n<p>MediaMarkt tambi\u00e9n tiene alguna que otra tablet de lo m\u00e1s interesante si buscamos algo econ\u00f3mico que podamos utilizar en cualquier sitio de la misma forma que en casa. La <a rel=\"nofollow, sponsored, noopener, noreferrer\" target=\"_blank\" class=\"js-ecommerce\" id=\"link-ecommerce-11\" href=\"https:\/\/www.xataka.com\/redirect?url=https%3A%2F%2Fwww.mediamarkt.es%2Fes%2Fproduct%2F_tablet-peaq-mia-pro-11-conectividad-4g-11-full-hd-matte-view-display-6-gb-ram-256gb-android-15-lunar-mist-1599175.html&amp;category=seleccion&amp;ecomPostExpiration=everlasting&amp;postId=329045\" data-vars-affiliate-url=\"https:\/\/www.mediamarkt.es\/es\/product\/_tablet-peaq-mia-pro-11-conectividad-4g-11-full-hd-matte-view-display-6-gb-ram-256gb-android-15-lunar-mist-1599175.html\">Peaq MIA PRO 11<\/a> por ejemplo tiene <strong>conectividad 4G<\/strong> y dispone de 256 GB de almacenamiento interno. Tambi\u00e9n incorpora una pantalla IPS de 11 pulgadas que ofrece resoluci\u00f3n Full HD y es <strong>resistente al agua y al polvo<\/strong> (<a class=\"text-outboundlink\" href=\"https:\/\/www.xataka.com\/basics\/ip55-ip67-ip68-otras-que-significan-tipos-proteccion-telefono-dispositivo\" data-vars-post-title=\"IP55, IP67, IP68, y otras: qu\u00e9 significan y tipos de protecci\u00f3n de un tel\u00e9fono o dispositivo\" data-vars-post-url=\"https:\/\/www.xataka.com\/basics\/ip55-ip67-ip68-otras-que-significan-tipos-proteccion-telefono-dispositivo\" rel=\"nofollow noopener\" target=\"_blank\">IP42<\/a>).<\/p>\n<p> <a rel=\"nofollow, sponsored, noopener, noreferrer\" target=\"_blank\" href=\"https:\/\/www.xataka.com\/redirect?site=xataka&amp;url=https%3A%2F%2Fwww.mediamarkt.es%2Fes%2Fproduct%2F_tablet-peaq-mia-pro-11-conectividad-4g-11-full-hd-matte-view-display-6-gb-ram-256gb-android-15-lunar-mist-1599175.html&amp;affiliate_id=&amp;ecomPostExpiration=everlasting&amp;postId=329045\"><br \/>\n     <img loading=\"lazy\" decoding=\"async\" src=\"https:\/\/www.europesays.com\/es\/wp-content\/uploads\/2025\/12\/1766915175_374_original.jpeg\" alt=\"Peaq MIA PRO 11\" width=\"900\" height=\"900\"\/><br \/>\n   <\/a><\/p>\n<p>El precio podr\u00eda variar. Obtenemos comisi\u00f3n por estos enlaces<\/p>\n<p>Isy IDO-3000<\/p>\n<p>                    <a rel=\"nofollow, sponsored, noopener, noreferrer\" target=\"_blank\" class=\"js-ecommerce\" id=\"link-ecommerce-12\" href=\"https:\/\/www.xataka.com\/redirect?url=https%3A%2F%2Fwww.mediamarkt.es%2Fes%2Fproduct%2F_hub-isy-ido-3000-15-en-1-negro-1578430.html&amp;category=seleccion&amp;ecomPostExpiration=everlasting&amp;postId=329045\" data-vars-affiliate-url=\"https:\/\/www.mediamarkt.es\/es\/product\/_hub-isy-ido-3000-15-en-1-negro-1578430.html\"><br \/>\n         <img class=\"centro_sinmarco\" height=\"900\" width=\"1600\" loading=\"lazy\" decoding=\"async\"  fetchpriority=\"high\"  src=\"https:\/\/www.europesays.com\/es\/wp-content\/uploads\/2025\/12\/1766915176_747_450_1000.jpeg\" alt=\"Isy Ido 3000\"\/><\/p>\n<p>     <\/a><\/p>\n<p>Cuando me compr\u00e9 el <a class=\"text-outboundlink\" href=\"https:\/\/www.xataka.com\/ordenadores\/apple-mac-mini-m4-caracteristicas-precio-ficha-tecnica\" data-vars-post-title=\"Apple Mac mini M4 (2024): un nuevo dise\u00f1o m\u00ednimo que el chip M4 Pro convierte en gigante de escritorio\" data-vars-post-url=\"https:\/\/www.xataka.com\/ordenadores\/apple-mac-mini-m4-caracteristicas-precio-ficha-tecnica\" rel=\"nofollow noopener\" target=\"_blank\">Mac mini M4<\/a> ech\u00e9 en falta una mayor variedad y cantidad de puertos, por lo que tuve que recurrir a un hub. El <a rel=\"nofollow, sponsored, noopener, noreferrer\" target=\"_blank\" class=\"js-ecommerce\" id=\"link-ecommerce-13\" href=\"https:\/\/www.xataka.com\/redirect?url=https%3A%2F%2Fwww.mediamarkt.es%2Fes%2Fproduct%2F_hub-isy-ido-3000-15-en-1-negro-1578430.html&amp;category=seleccion&amp;ecomPostExpiration=everlasting&amp;postId=329045\" data-vars-affiliate-url=\"https:\/\/www.mediamarkt.es\/es\/product\/_hub-isy-ido-3000-15-en-1-negro-1578430.html\">Isy IDO-3000<\/a> me hubiese venido de perlas tanto por los puertos como por su formato. Se trata de un <strong>hub 15 en 1 con base para colocarlo en vertical<\/strong> e incorpora un total de 15 puertos USB-C, USB-A, HDMI, ranura para tarjetas microSD y SD y m\u00e1s.\u00a0<\/p>\n<p> <a rel=\"nofollow, sponsored, noopener, noreferrer\" target=\"_blank\" href=\"https:\/\/www.xataka.com\/redirect?site=xataka&amp;url=https%3A%2F%2Fwww.mediamarkt.es%2Fes%2Fproduct%2F_hub-isy-ido-3000-15-en-1-negro-1578430.html&amp;affiliate_id=&amp;ecomPostExpiration=everlasting&amp;postId=329045\"><br \/>\n     <img loading=\"lazy\" decoding=\"async\" src=\"https:\/\/www.europesays.com\/es\/wp-content\/uploads\/2025\/12\/1766915177_157_original.jpeg\" alt=\"Isy IDO-3000\" width=\"900\" height=\"900\"\/><br \/>\n   <\/a><\/p>\n<p>El precio podr\u00eda variar. Obtenemos comisi\u00f3n por estos enlaces<\/p>\n<p>Koenic KAF 924224 B<\/p>\n<p>                    <a rel=\"nofollow, sponsored, noopener, noreferrer\" target=\"_blank\" class=\"js-ecommerce\" id=\"link-ecommerce-14\" href=\"https:\/\/www.xataka.com\/redirect?url=https%3A%2F%2Fwww.mediamarkt.es%2Fes%2Fproduct%2F_freidora-de-aire-koenic-kaf-924224-b-2400-w-9l-8-programas-80-200oc-negroplata-1574234.html&amp;category=seleccion&amp;ecomPostExpiration=everlasting&amp;postId=329045\" data-vars-affiliate-url=\"https:\/\/www.mediamarkt.es\/es\/product\/_freidora-de-aire-koenic-kaf-924224-b-2400-w-9l-8-programas-80-200oc-negroplata-1574234.html\"><br \/>\n         <img class=\"centro_sinmarco\" height=\"900\" width=\"1600\" loading=\"lazy\" decoding=\"async\"  fetchpriority=\"high\"  src=\"https:\/\/www.europesays.com\/es\/wp-content\/uploads\/2025\/12\/1766915178_450_450_1000.jpeg\" alt=\"Koenic Kaf 924224 B\"\/><\/p>\n<p>     <\/a><\/p>\n<p>La tienda tambi\u00e9n tiene algunos dispositivos de cocina y algunos de los m\u00e1s interesantes los encontramos en las freidoras de aire. La <a rel=\"nofollow, sponsored, noopener, noreferrer\" target=\"_blank\" class=\"js-ecommerce\" id=\"link-ecommerce-15\" href=\"https:\/\/www.xataka.com\/redirect?url=https%3A%2F%2Fwww.mediamarkt.es%2Fes%2Fproduct%2F_freidora-de-aire-koenic-kaf-924224-b-2400-w-9l-8-programas-80-200oc-negroplata-1574234.html&amp;category=seleccion&amp;ecomPostExpiration=everlasting&amp;postId=329045\" data-vars-affiliate-url=\"https:\/\/www.mediamarkt.es\/es\/product\/_freidora-de-aire-koenic-kaf-924224-b-2400-w-9l-8-programas-80-200oc-negroplata-1574234.html\">Koenic KAF 924224 B<\/a> destaca principalmente por contar con un doble cesto con capacidad total (de ambos cestos) de 9 litros, por lo que es ideal para cocinar varios platos a la vez. Adem\u00e1s, <strong>se puede quitar el separador para que quede un cesto de 9 litros<\/strong> en lugar de 4,5 litros cada uno. Tambi\u00e9n viene con ocho programas de cocina y un panel t\u00e1ctil en el frontal.<\/p>\n<p> <a rel=\"nofollow, sponsored, noopener, noreferrer\" target=\"_blank\" href=\"https:\/\/www.xataka.com\/redirect?site=xataka&amp;url=https%3A%2F%2Fwww.mediamarkt.es%2Fes%2Fproduct%2F_freidora-de-aire-koenic-kaf-924224-b-2400-w-9l-8-programas-80-200oc-negroplata-1574234.html&amp;affiliate_id=&amp;ecomPostExpiration=everlasting&amp;postId=329045\"><br \/>\n     <img loading=\"lazy\" decoding=\"async\" src=\"https:\/\/www.europesays.com\/es\/wp-content\/uploads\/2025\/12\/1766915178_973_original.jpeg\" alt=\"Koenic KAF 924224 B\" width=\"900\" height=\"900\"\/><br \/>\n   <\/a><\/p>\n<p>El precio podr\u00eda variar. Obtenemos comisi\u00f3n por estos enlaces<\/p>\n<p>    <a href=\"https:\/\/www.xataka.com\/seleccion\/los-15-mejores-altavoces-bluetooth-guia-de-compras\" class=\"pivot-outboundlink\" data-vars-post-title=\"Mejores altavoces Bluetooth en calidad precio. Cu\u00e1l comprar en funci\u00f3n del uso y seis modelos recomendados.\" rel=\"nofollow noopener\" target=\"_blank\"><br \/>\n     <img loading=\"lazy\" decoding=\"async\" alt=\"Mejores altavoces Bluetooth en calidad precio. Cu\u00e1l comprar en funci\u00f3n del uso y seis modelos recomendados.\" width=\"375\" height=\"142\" src=\"https:\/\/www.europesays.com\/es\/wp-content\/uploads\/2025\/12\/1766915180_96_375_142.jpg\"\/><br \/>\n    <\/a><\/p>\n<p>Algunos de los enlaces de este art\u00edculo son afiliados y pueden reportar un beneficio a Xataka. En caso de no disponibilidad, las ofertas pueden variar.<\/p>\n<p>Im\u00e1genes | MediaMarkt y Compradicci\u00f3n (cabecera)<\/p>\n<p>En Xataka |\u00a0<a class=\"text-outboundlink\" href=\"https:\/\/www.xataka.com\/seleccion\/buscando-mejor-televisor-calidad-precio-recomendaciones-compra-funcion-uso-8-smart-tv-destacados\" data-vars-post-title=\"Mejores televisores en calidad precio. Cu\u00e1l comprar y siete smart TV 4K recomendados\" data-vars-post-url=\"https:\/\/www.xataka.com\/seleccion\/buscando-mejor-televisor-calidad-precio-recomendaciones-compra-funcion-uso-8-smart-tv-destacados\" rel=\"nofollow noopener\" target=\"_blank\">Mejores televisores en calidad precio. Cu\u00e1l comprar y siete smart TV 4K recomendados<\/a><\/p>\n<p>En Xataka |\u00a0<a class=\"text-outboundlink\" href=\"https:\/\/www.xataka.com\/seleccion\/freidoras-aire-para-comer-sano-este-ano-nuevo-cocinando-casi-aceite-guia-compra-airfryers-8-modelos-40-euros\" data-vars-post-title=\"Mejores freidoras de aire. Cu\u00e1l comprar y 10 airfryers recomendadas desde 51 euros\" data-vars-post-url=\"https:\/\/www.xataka.com\/seleccion\/freidoras-aire-para-comer-sano-este-ano-nuevo-cocinando-casi-aceite-guia-compra-airfryers-8-modelos-40-euros\" rel=\"nofollow noopener\" target=\"_blank\">Mejores freidoras de aire. Cu\u00e1l comprar y 10 airfryers recomendadas desde 51 euros<\/a><\/p>\n","protected":false},"excerpt":{"rendered":"Algunas tiendas venden productos de otras tiendas, otras tambi\u00e9n act\u00faan como marketplace y en menor medida a\u00f1aden a&hellip;\n","protected":false},"author":2,"featured_media":311298,"comment_status":"","ping_status":"","sticky":false,"template":"","format":"standard","meta":{"footnotes":""},"categories":[81],"tags":[119,123,124,25,24,117,121,122,23,118,120],"class_list":{"0":"post-311297","1":"post","2":"type-post","3":"status-publish","4":"format-standard","5":"has-post-thumbnail","7":"category-ciencia-y-tecnologia","8":"tag-ciencia","9":"tag-ciencia-y-tecnologia","10":"tag-cienciaytecnologia","11":"tag-es","12":"tag-espana","13":"tag-science","14":"tag-science-and-technology","15":"tag-scienceandtechnology","16":"tag-spain","17":"tag-technology","18":"tag-tecnologia"},"share_on_mastodon":{"url":"https:\/\/pubeurope.com\/@es\/115796560914545726","error":""},"_links":{"self":[{"href":"https:\/\/www.europesays.com\/es\/wp-json\/wp\/v2\/posts\/311297","targetHints":{"allow":["GET"]}}],"collection":[{"href":"https:\/\/www.europesays.com\/es\/wp-json\/wp\/v2\/posts"}],"about":[{"href":"https:\/\/www.europesays.com\/es\/wp-json\/wp\/v2\/types\/post"}],"author":[{"embeddable":true,"href":"https:\/\/www.europesays.com\/es\/wp-json\/wp\/v2\/users\/2"}],"replies":[{"embeddable":true,"href":"https:\/\/www.europesays.com\/es\/wp-json\/wp\/v2\/comments?post=311297"}],"version-history":[{"count":0,"href":"https:\/\/www.europesays.com\/es\/wp-json\/wp\/v2\/posts\/311297\/revisions"}],"wp:featuredmedia":[{"embeddable":true,"href":"https:\/\/www.europesays.com\/es\/wp-json\/wp\/v2\/media\/311298"}],"wp:attachment":[{"href":"https:\/\/www.europesays.com\/es\/wp-json\/wp\/v2\/media?parent=311297"}],"wp:term":[{"taxonomy":"category","embeddable":true,"href":"https:\/\/www.europesays.com\/es\/wp-json\/wp\/v2\/categories?post=311297"},{"taxonomy":"post_tag","embeddable":true,"href":"https:\/\/www.europesays.com\/es\/wp-json\/wp\/v2\/tags?post=311297"}],"curies":[{"name":"wp","href":"https:\/\/api.w.org\/{rel}","templated":true}]}}