{"id":311303,"date":"2025-12-28T09:49:12","date_gmt":"2025-12-28T09:49:12","guid":{"rendered":"https:\/\/www.europesays.com\/es\/311303\/"},"modified":"2025-12-28T09:49:12","modified_gmt":"2025-12-28T09:49:12","slug":"el-hospital-publico-principe-de-asturias-gana-el-viii-concurso-de-belenes-sanitarios-de-la-comunidad-de-madrid","status":"publish","type":"post","link":"https:\/\/www.europesays.com\/es\/311303\/","title":{"rendered":"El Hospital p\u00fablico Pr\u00edncipe de Asturias gana el VIII Concurso de Belenes sanitarios de la Comunidad de Madrid"},"content":{"rendered":"<p>La creaci\u00f3n triunfadora, que ha destacado por su calidad en la ejecuci\u00f3n y originalidad, est\u00e1 realizada con bobinas de hilo, botones, dedales, tela y goma e incluye una recreaci\u00f3n de m\u00e1quinas de coser, material de lavander\u00eda, carros y cestos de ropa, con los propios profesionales presentes junto a los Reyes Magos.<\/p>\n<p>El jurado, presidido por la consejera de Sanidad, F\u00e1tima Matute, ha hecho dos menciones especiales. La primera, a 13 Rue del Pesebre, propuesta presentada por el Servicio de Pediatr\u00eda del Hospital p\u00fablico Puerta de Hierro Majadahonda y que recrea, con mu\u00f1ecos, el Nacimiento del Ni\u00f1o Jes\u00fas en un edificio similar al de los c\u00f3mics del m\u00edtico historietista Francisco Ib\u00e1\u00f1ez.<\/p>\n<p>La segunda ha sido para a PC Bre, obra de los trabajadores del Servicio de Inform\u00e1tica del complejo de La Princesa en la capital, que han conseguido que elementos como memorias RAM, placas bases, ratones, cables y fibra \u00f3ptica y una CPU se conviertan en la escena que dio origen a la Navidad.<\/p>\n<p>En la categor\u00eda de centros de salud de Atenci\u00f3n Primaria, SUMMA112 y Servicios Centrales, se han alzado con la victoria los integrantes de los dispositivos de Formaci\u00f3n y Cat\u00e1strofes del Servicio regional de Urgencia M\u00e9dica. Su Bel\u00e9n, que utiliza, entre otros, materiales reciclados, incluye la llegada al pesebre de Sus Majestades de Oriente en un helic\u00f3ptero medicalizado.<\/p>\n<p><strong>Misterio Salud Madrid en forja y madera<\/strong><\/p>\n<p>Ambos ganadores recibir\u00e1n el trofeo Misterio Salud Madrid, un trabajo de forja y madera realizado por los pacientes de Salud Mental del Hospital p\u00fablico Jos\u00e9 Germain, durante su terapia en los talleres que este dispositivo tiene en el municipio de Legan\u00e9s.<\/p>\n<p>El galard\u00f3n muestra a San Jos\u00e9, la Virgen y el Ni\u00f1o Jes\u00fas con la estrella del Servicio Madrile\u00f1o de Salud (SERMAS) de fondo, que emula a la de Bel\u00e9n, sobre una peana que representa la cruz de la sanidad p\u00fablica madrile\u00f1a. Con esta iniciativa, el Ejecutivo auton\u00f3mico reconoce la labor desinteresada de profesionales de todo tipo, sanitarios o no, voluntarios y usuarios para llevar la magia navide\u00f1a a los centros asistenciales y de gesti\u00f3n.<\/p>\n","protected":false},"excerpt":{"rendered":"La creaci\u00f3n triunfadora, que ha destacado por su calidad en la ejecuci\u00f3n y originalidad, est\u00e1 realizada con bobinas&hellip;\n","protected":false},"author":2,"featured_media":311304,"comment_status":"","ping_status":"","sticky":false,"template":"","format":"standard","meta":{"footnotes":""},"categories":[8],"tags":[17,18,25,24,13,14,11,19,20,9,10,15,16,23,12,21,22],"class_list":{"0":"post-311303","1":"post","2":"type-post","3":"status-publish","4":"format-standard","5":"has-post-thumbnail","7":"category-espana","8":"tag-breaking-news","9":"tag-breakingnews","10":"tag-es","11":"tag-espana","12":"tag-featured-news","13":"tag-featurednews","14":"tag-headlines","15":"tag-latest-news","16":"tag-latestnews","17":"tag-news","18":"tag-noticias","19":"tag-noticias-destacadas","20":"tag-noticiasdestacadas","21":"tag-spain","22":"tag-titulares","23":"tag-ultimas-noticias","24":"tag-ultimasnoticias"},"share_on_mastodon":{"url":"https:\/\/pubeurope.com\/@es\/115796571918557523","error":""},"_links":{"self":[{"href":"https:\/\/www.europesays.com\/es\/wp-json\/wp\/v2\/posts\/311303","targetHints":{"allow":["GET"]}}],"collection":[{"href":"https:\/\/www.europesays.com\/es\/wp-json\/wp\/v2\/posts"}],"about":[{"href":"https:\/\/www.europesays.com\/es\/wp-json\/wp\/v2\/types\/post"}],"author":[{"embeddable":true,"href":"https:\/\/www.europesays.com\/es\/wp-json\/wp\/v2\/users\/2"}],"replies":[{"embeddable":true,"href":"https:\/\/www.europesays.com\/es\/wp-json\/wp\/v2\/comments?post=311303"}],"version-history":[{"count":0,"href":"https:\/\/www.europesays.com\/es\/wp-json\/wp\/v2\/posts\/311303\/revisions"}],"wp:featuredmedia":[{"embeddable":true,"href":"https:\/\/www.europesays.com\/es\/wp-json\/wp\/v2\/media\/311304"}],"wp:attachment":[{"href":"https:\/\/www.europesays.com\/es\/wp-json\/wp\/v2\/media?parent=311303"}],"wp:term":[{"taxonomy":"category","embeddable":true,"href":"https:\/\/www.europesays.com\/es\/wp-json\/wp\/v2\/categories?post=311303"},{"taxonomy":"post_tag","embeddable":true,"href":"https:\/\/www.europesays.com\/es\/wp-json\/wp\/v2\/tags?post=311303"}],"curies":[{"name":"wp","href":"https:\/\/api.w.org\/{rel}","templated":true}]}}