{"id":311319,"date":"2025-12-28T10:04:10","date_gmt":"2025-12-28T10:04:10","guid":{"rendered":"https:\/\/www.europesays.com\/es\/311319\/"},"modified":"2025-12-28T10:04:10","modified_gmt":"2025-12-28T10:04:10","slug":"avance-semanal-de-los-capitulos-466-a-469-de-suenos-de-libertad-del-29-de-diciembre-al-2-de-enero-en-antena-3-gabriel-sentencia-su-final","status":"publish","type":"post","link":"https:\/\/www.europesays.com\/es\/311319\/","title":{"rendered":"Avance semanal de los cap\u00edtulos 466 a 469 de &#8216;Sue\u00f1os de libertad&#8217; del 29 de diciembre al 2 de enero en Antena 3: Gabriel sentencia su final"},"content":{"rendered":"<p data-journey-content=\"true\" data-node-id=\"3\" class=\"css-6wxqfj emevuu60\">Esta semana en &#8216;<a href=\"https:\/\/www.diezminutos.es\/suenos-de-libertad\/\" target=\"_blank\" data-vars-ga-outbound-link=\"https:\/\/www.diezminutos.es\/suenos-de-libertad\/\" data-vars-ga-ux-element=\"Hyperlink\" data-vars-ga-call-to-action=\"Sue\u00f1os de libertad\" data-node-id=\"3.1\" class=\"body-link css-177bzfx emevuu60\" rel=\"nofollow noopener\">Sue\u00f1os de libertad<\/a>&#8216;, en la colonia, los d\u00edas avanzan con una mezcla de esperanza y desasosiego. Marta, despu\u00e9s de tantas dudas, empieza por fin a reconocer el \u00e9xito de Joaqu\u00edn con su nueva empresa. Ese gesto, peque\u00f1o pero sincero, abre una rendija de luz entre ellos. Mientras tanto, <strong data-node-id=\"3.3\">Teo tiene el coraz\u00f3n desbordado por la alegr\u00eda que siente por Gema<\/strong> al verla tan feliz ante su futura maternidad, En otro rinc\u00f3n, Gaspar re\u00fane el valor para comunicar a Manuela los resultados de sus pruebas. Lo hace con una gratitud profunda, consciente de que sin ella no habr\u00eda tenido fuerzas para enfrentarse a la verdad. Poco despu\u00e9s, <a href=\"https:\/\/www.diezminutos.es\/telenovela\/espanolas\/a69829557\/suenos-de-libertad-capitulo-463-avance-martes-23-diciembre-serie-antena-3\/\" target=\"_blank\" data-vars-ga-outbound-link=\"https:\/\/www.diezminutos.es\/telenovela\/espanolas\/a69829557\/suenos-de-libertad-capitulo-463-avance-martes-23-diciembre-serie-antena-3\/\" data-vars-ga-ux-element=\"Hyperlink\" data-vars-ga-call-to-action=\"Don Agust\u00edn lo llama a conversar\" data-node-id=\"3.5\" class=\"body-link css-177bzfx emevuu60\" rel=\"nofollow noopener\">Don Agust\u00edn lo llama a conversar<\/a>. Sus palabras, firmes pero compasivas, empujan a Gaspar a tomar una decisi\u00f3n que podr\u00eda cambiar el rumbo de su vida. Paralelamente, Bego\u00f1a recibe la noticia del embarazo de Gema. El impacto es inmediato: l\u00e1grimas, abrazos y una emoci\u00f3n compartida que las reconcilia con la esperanza.<\/p>\n<p><img draggable=\"true\" alt=\"sue\u00f1os de libertad\" title=\"Sue\u00f1os de libertad\" loading=\"lazy\" width=\"3500\" height=\"2333\" decoding=\"async\" data-nimg=\"1\" style=\"color:transparent;width:100%;height:auto;\"   src=\"https:\/\/www.europesays.com\/es\/wp-content\/uploads\/2025\/12\/alta-sdl-t03-e453-05-3-6-25-cmanuelfiestas-1845-69395a2953546.jpg\" class=\"css-0 e1g79fud0\"\/><\/p>\n<p>Manuel Fiestas Moreno<\/p>\n<p>Dami\u00e1n hace una visita muy especial en &#8216;Sue\u00f1os de libertad&#8217;<\/p>\n<p data-journey-content=\"true\" data-node-id=\"8\" class=\"css-6wxqfj emevuu60\">Pero no todo son buenas noticias. Dami\u00e1n visita a Remedios y obtiene informaci\u00f3n crucial sobre Gabriel. Conmovido por lo descubierto, acude a Andr\u00e9s para pedirle perd\u00f3n. <strong data-node-id=\"8.1\">Padre e hijo, por primera vez en mucho tiempo, se miran con la misma determinaci\u00f3n<\/strong>: unir fuerzas para destapar los secretos y mentiras del abogado. M\u00e1s tarde, Dami\u00e1n pone al corriente a Digna, y aunque todos intentan mantener la calma, Gabriel empieza a notar que algo se mueve a sus espaldas.<\/p>\n<p>Cloe percibe distante a Marta en &#8216;Sue\u00f1os de libertad&#8217;<img draggable=\"true\" alt=\"sue\u00f1os de libertad\" title=\"Sue\u00f1os de libertad\" loading=\"lazy\" width=\"3500\" height=\"2333\" decoding=\"async\" data-nimg=\"1\" style=\"color:transparent;width:100%;height:auto;\"   src=\"https:\/\/www.europesays.com\/es\/wp-content\/uploads\/2025\/12\/1766080875_670_alta-sdl-t03-e452-03-3-6-25-cmanuelfiestas-3466-693170a502871.jpg\" class=\"css-0 e1g79fud0\"\/><\/p>\n<p>Manuel Fiestas Moreno<\/p>\n<p data-journey-content=\"true\" data-node-id=\"12\" class=\"css-6wxqfj emevuu60\">Claudia, por su parte, descubre la verdad sobre Maripaz. Esa revelaci\u00f3n la obliga a tomar una decisi\u00f3n que llevaba demasiado tiempo posponiendo. Mientras tanto, Gabriel advierte a Mar\u00eda sobre su situaci\u00f3n con Isabel y le pide cautela ante cualquier intento de contacto con Bego\u00f1a. Sin embargo, una visita inesperada en la colonia sacudir\u00e1 por completo la imagen que Bego\u00f1a ten\u00eda de su marido, abriendo una grieta imposible de ignorar. En medio de todo, <strong data-node-id=\"12.1\">Tasio decide salir antes del trabajo para hablar con Carmen<\/strong>. Ambos, cansados de reproches y silencios, eligen apostar por su matrimonio y dejar atr\u00e1s lo ocurrido con David. Y mientras Pelayo negocia con C\u00e1rdenas para mantener a Marta al margen de ciertos asuntos, Cloe percibe que su amiga sigue distante. Aun as\u00ed, encuentra un momento para responder a Cristina, que le ha pedido ayuda para encontrar empleo.<\/p>\n<p><img src=\"https:\/\/www.europesays.com\/es\/wp-content\/uploads\/2025\/12\/1766916250_602_43af9b8f-983e-4e74-8e74-9a7479b0966b_1681831601.file\" alt=\"Headshot of Pilar Mart\u00ednez\" title=\"Headshot of Pilar Mart\u00ednez\" width=\"100%\" height=\"100%\" decoding=\"async\" loading=\"lazy\" class=\"css-o0wq4v ev8dhu53\"\/><\/p>\n<p>Pilar Mart\u00ednez es periodista especializada en contenidos de televisi\u00f3n y cultura, se gradu\u00f3 en la carrera en Periodismo en la Facultad de Ciencias de la Informaci\u00f3n (Universidad Complutense de Madrid) en el a\u00f1o 2018. Desde entonces ha pasado por las redacciones de Ecoteuve (El Economista), donde realiz\u00f3 sus primeras pr\u00e1cticas durante el verano del 2016.<\/p>\n<p>Posteriormente, concretamente, en el a\u00f1o 2017 se pas\u00f3 al grupo Hearst Espa\u00f1a, donde comenz\u00f3 su andadura en las revistas de televisi\u00f3n: Supertele, Teleprograma, Telenovela. Ahora colabora con Diez Minutos, en su versi\u00f3n web, donde se encarga de realizar los avances semanales de las ficciones diarias de moda, as\u00ed como entrevistas y art\u00edculos sobre los melodramas o telenovelas que aterrizan en nuestro pa\u00eds y aquellos que est\u00e1n por venir.<\/p>\n<p>Toda una cazadora de exclusivas. A esto, se suma su puesto como redactora jefe de la secci\u00f3n de novela narrativa en la revista Culturamas, medio digital de alto impacto al que lleva unida desde el a\u00f1o 2013. \u00c1vida lectora, cin\u00e9fila y seri\u00e9fila de primer nivel, ha hecho de su vocaci\u00f3n su oficio. \u00a0<\/p>\n","protected":false},"excerpt":{"rendered":"Esta semana en &#8216;Sue\u00f1os de libertad&#8216;, en la colonia, los d\u00edas avanzan con una mezcla de esperanza y&hellip;\n","protected":false},"author":2,"featured_media":263406,"comment_status":"","ping_status":"","sticky":false,"template":"","format":"standard","meta":{"footnotes":""},"categories":[171],"tags":[253,146,147,25,24,23,214],"class_list":{"0":"post-311319","1":"post","2":"type-post","3":"status-publish","4":"format-standard","5":"has-post-thumbnail","7":"category-tv","8":"tag-discover","9":"tag-entertainment","10":"tag-entretenimiento","11":"tag-es","12":"tag-espana","13":"tag-spain","14":"tag-tv"},"share_on_mastodon":{"url":"https:\/\/pubeurope.com\/@es\/115796631901225203","error":""},"_links":{"self":[{"href":"https:\/\/www.europesays.com\/es\/wp-json\/wp\/v2\/posts\/311319","targetHints":{"allow":["GET"]}}],"collection":[{"href":"https:\/\/www.europesays.com\/es\/wp-json\/wp\/v2\/posts"}],"about":[{"href":"https:\/\/www.europesays.com\/es\/wp-json\/wp\/v2\/types\/post"}],"author":[{"embeddable":true,"href":"https:\/\/www.europesays.com\/es\/wp-json\/wp\/v2\/users\/2"}],"replies":[{"embeddable":true,"href":"https:\/\/www.europesays.com\/es\/wp-json\/wp\/v2\/comments?post=311319"}],"version-history":[{"count":0,"href":"https:\/\/www.europesays.com\/es\/wp-json\/wp\/v2\/posts\/311319\/revisions"}],"wp:featuredmedia":[{"embeddable":true,"href":"https:\/\/www.europesays.com\/es\/wp-json\/wp\/v2\/media\/263406"}],"wp:attachment":[{"href":"https:\/\/www.europesays.com\/es\/wp-json\/wp\/v2\/media?parent=311319"}],"wp:term":[{"taxonomy":"category","embeddable":true,"href":"https:\/\/www.europesays.com\/es\/wp-json\/wp\/v2\/categories?post=311319"},{"taxonomy":"post_tag","embeddable":true,"href":"https:\/\/www.europesays.com\/es\/wp-json\/wp\/v2\/tags?post=311319"}],"curies":[{"name":"wp","href":"https:\/\/api.w.org\/{rel}","templated":true}]}}