{"id":311332,"date":"2025-12-28T10:13:09","date_gmt":"2025-12-28T10:13:09","guid":{"rendered":"https:\/\/www.europesays.com\/es\/311332\/"},"modified":"2025-12-28T10:13:09","modified_gmt":"2025-12-28T10:13:09","slug":"la-ue-pide-respeto-a-unidad-y-soberania-de-somalia-dw-28-12-2025","status":"publish","type":"post","link":"https:\/\/www.europesays.com\/es\/311332\/","title":{"rendered":"La UE pide respeto a unidad y soberan\u00eda de Somalia \u2013 DW \u2013 28\/12\/2025"},"content":{"rendered":"<p>La Uni\u00f3n Europea (UE) ha pedido que se respete la unidad de <a class=\"internal-link\" href=\"https:\/\/www.dw.com\/es\/somalia\/t-42720917\" rel=\"nofollow noopener\" target=\"_blank\">Somalia<\/a>, tras el <a class=\"internal-link\" href=\"https:\/\/www.dw.com\/es\/rechazo-internacional-al-reconocimiento-de-somalilandia-por-israel\/a-75313860\" rel=\"nofollow noopener\" target=\"_blank\">reconocimiento de Israel como Estado independiente a la regi\u00f3n separatista somal\u00ed de Somalilandia<\/a> y convertirse en el <a class=\"internal-link\" href=\"https:\/\/www.dw.com\/es\/israel-es-el-primer-pa\u00eds-en-reconocer-a-somalilandia\/a-75312066\" rel=\"nofollow noopener\" target=\"_blank\">primer pa\u00eds que da ese paso en el mundo<\/a>.<\/p>\n<p>\u00abEl 26 de diciembre, Israel reconoci\u00f3 a Somalilandia como Estado independiente\u00bb, afirm\u00f3 el portavoz de Asuntos Exteriores de la Comisi\u00f3n Europea, Anouar El Anouni, en un comunicado publicado la pasada noche por la delegaci\u00f3n de la UE en Somalia.<\/p>\n<p>\u00abLa Uni\u00f3n Europea reafirma la importancia de respetar la unidad, la soberan\u00eda y la integridad territorial de la Rep\u00fablica Federal de Somalia, de conformidad con su Constituci\u00f3n, las Cartas de la Uni\u00f3n Africana y las Naciones Unidas. Esto es fundamental para la paz y la estabilidad en toda la regi\u00f3n del Cuerno de \u00c1frica\u00bb, subray\u00f3.<\/p>\n<p>La UE -a\u00f1adi\u00f3- \u00abfomenta un di\u00e1logo constructivo entre Somalilandia y el Gobierno Federal de Somalia para resolver las diferencias de larga data\u00bb.<\/p>\n<p>El reconocimiento israel\u00ed ha provocado una amplia condena internacional, especialmente de \u00c1frica, el mundo isl\u00e1mico y China.<\/p>\n<p>Israel reconoci\u00f3 oficialmente este viernes a Somalilandia como un \u00abEstado independiente y soberano\u00bb, seg\u00fan indic\u00f3 el primer ministro israel\u00ed, Benjam\u00edn Netanyahu, en una nota.<\/p>\n<p>\u00abEsta declaraci\u00f3n se inscribe en el esp\u00edritu de los Acuerdos de Abraham firmados por iniciativa del presidente Trump\u00bb, explic\u00f3 la oficina de Netanyahu en el texto.\u00a0<\/p>\n<p>Acuerdos de Abraham<\/p>\n<p>Los Acuerdos de Abraham son pactos de normalizaci\u00f3n de relaciones diplom\u00e1ticas firmados en 2020 entre Israel, Emiratos \u00c1rabes Unidos (EAU) y Bahr\u00e9in, por mediaci\u00f3n de EE.UU. bajo la primera presidencia de Donald Trump, a los que luego se unieron Sud\u00e1n y Marruecos.<\/p>\n<p>El presidente de Somalilandia, Abdirahman Mohamed Abdullahi, se\u00f1al\u00f3 que este \u00abmomento hist\u00f3rico\u00bb marca el inicio de una \u00abalianza estrat\u00e9gica\u00bb, y remarc\u00f3 su disposici\u00f3n a \u00abadherirse a los Acuerdos de Abraham\u00bb.<\/p>\n<p>Somalilandia, protectorado brit\u00e1nico hasta 1960, no est\u00e1 reconocida internacionalmente, aunque tiene constituci\u00f3n, moneda y gobierno propios, e incluso un mejor desarrollo econ\u00f3mico y mayor estabilidad pol\u00edtica que Somalia hasta ahora.<\/p>\n<p>La regi\u00f3n declar\u00f3 su separaci\u00f3n de Somalia, excolonia italiana, en 1991, cuando fue derrocado el dictador Mohamed Siad Barre.<\/p>\n<p>En las \u00faltimas d\u00e9cadas, Somalia y Somalilandia han impulsado sin \u00e9xito varios intentos de di\u00e1logo sobre la independencia de la regi\u00f3n.<\/p>\n<p>Somalia vive en un estado de conflicto y caos desde el derrocamiento de Barre, lo que dej\u00f3 al pa\u00eds sin gobierno efectivo y en manos de milicias islamistas, como <a class=\"internal-link\" href=\"https:\/\/www.dw.com\/es\/al-shabab\/t-36152577\" rel=\"nofollow noopener\" target=\"_blank\">Al Shabab<\/a>, y se\u00f1ores de la guerra.<\/p>\n<p>mg (efe, reuters)<\/p>\n<p>\u00a0<\/p>\n","protected":false},"excerpt":{"rendered":"La Uni\u00f3n Europea (UE) ha pedido que se respete la unidad de Somalia, tras el reconocimiento de Israel&hellip;\n","protected":false},"author":2,"featured_media":311333,"comment_status":"","ping_status":"","sticky":false,"template":"","format":"standard","meta":{"footnotes":""},"categories":[42],"tags":[17,18,13,14,11,61,62,63,64,19,20,9,10,15,16,12,21,22,65,66,67],"class_list":{"0":"post-311332","1":"post","2":"type-post","3":"status-publish","4":"format-standard","5":"has-post-thumbnail","7":"category-internacional","8":"tag-breaking-news","9":"tag-breakingnews","10":"tag-featured-news","11":"tag-featurednews","12":"tag-headlines","13":"tag-internacional","14":"tag-international","15":"tag-international-news","16":"tag-internationalnews","17":"tag-latest-news","18":"tag-latestnews","19":"tag-news","20":"tag-noticias","21":"tag-noticias-destacadas","22":"tag-noticiasdestacadas","23":"tag-titulares","24":"tag-ultimas-noticias","25":"tag-ultimasnoticias","26":"tag-world","27":"tag-world-news","28":"tag-worldnews"},"share_on_mastodon":{"url":"","error":""},"_links":{"self":[{"href":"https:\/\/www.europesays.com\/es\/wp-json\/wp\/v2\/posts\/311332","targetHints":{"allow":["GET"]}}],"collection":[{"href":"https:\/\/www.europesays.com\/es\/wp-json\/wp\/v2\/posts"}],"about":[{"href":"https:\/\/www.europesays.com\/es\/wp-json\/wp\/v2\/types\/post"}],"author":[{"embeddable":true,"href":"https:\/\/www.europesays.com\/es\/wp-json\/wp\/v2\/users\/2"}],"replies":[{"embeddable":true,"href":"https:\/\/www.europesays.com\/es\/wp-json\/wp\/v2\/comments?post=311332"}],"version-history":[{"count":0,"href":"https:\/\/www.europesays.com\/es\/wp-json\/wp\/v2\/posts\/311332\/revisions"}],"wp:featuredmedia":[{"embeddable":true,"href":"https:\/\/www.europesays.com\/es\/wp-json\/wp\/v2\/media\/311333"}],"wp:attachment":[{"href":"https:\/\/www.europesays.com\/es\/wp-json\/wp\/v2\/media?parent=311332"}],"wp:term":[{"taxonomy":"category","embeddable":true,"href":"https:\/\/www.europesays.com\/es\/wp-json\/wp\/v2\/categories?post=311332"},{"taxonomy":"post_tag","embeddable":true,"href":"https:\/\/www.europesays.com\/es\/wp-json\/wp\/v2\/tags?post=311332"}],"curies":[{"name":"wp","href":"https:\/\/api.w.org\/{rel}","templated":true}]}}