{"id":311335,"date":"2025-12-28T10:15:11","date_gmt":"2025-12-28T10:15:11","guid":{"rendered":"https:\/\/www.europesays.com\/es\/311335\/"},"modified":"2025-12-28T10:15:11","modified_gmt":"2025-12-28T10:15:11","slug":"san-silvestre-2025-en-valencia","status":"publish","type":"post","link":"https:\/\/www.europesays.com\/es\/311335\/","title":{"rendered":"San Silvestre 2025 en Val\u00e8ncia"},"content":{"rendered":"<p>El\u00a0<strong>30 de diciembre<\/strong>, entre las 20:00 y las 21:30 h, las calles del centro de Val\u00e8ncia se convertir\u00e1n en una aut\u00e9ntica fiesta del deporte con la 40\u00aa edici\u00f3n de la <a class=\"link link--bold\" href=\"https:\/\/www.fdmvalencia.es\/es\/eventos\/san-silvestre-valencia-2025\/\" rel=\"nofollow noopener\" target=\"_blank\">San Silvestre Popular Valenciana<\/a>.\u00a0<\/p>\n<p>La salida ser\u00e1 desde la calle X\u00e0tiva, a la altura del cruce con San Vicente M\u00e1rtir, y a partir de ah\u00ed\u2026 \u00a1prep\u00e1rate para una hora y media de pura diversi\u00f3n!\u00a0<\/p>\n<p><strong>Esta es una carrera en la que el buen ambiente, los disfraces, la m\u00fasica y las ganas de pasarlo bien son casi m\u00e1s importantes que el cron\u00f3metro.\u00a0<\/strong><\/p>\n<p>Orden de salida\u00a0<\/p>\n<p>Abrir\u00e1n la carrera\u00a0los corredores m\u00e1s competitivos, dispuestos a pelear por los 5.000 metros.\u00a0<\/p>\n<p>Y despu\u00e9s llegar\u00e1 el turno\u00a0de\u00a0<strong>familias, grupos de amigos y amantes del\u00a0running\u00a0que corren por disfrutar, re\u00edrse y despedir el a\u00f1o de la mejor manera posible: haciendo deporte.\u00a0<\/strong><\/p>\n<p>Las inscripciones se abrir\u00e1n muy pronto, as\u00ed que no dejes pasar la oportunidad.\u00a0<\/p>\n<p>Inscripciones y dorsales\u00a0<\/p>\n<p paraeid=\"{d2ef5850-ac32-4545-bd4a-d5092c750c39}{23}\" paraid=\"1492051924\"><strong>A partir del 12 de diciembre puedes pasarte por la planta de deportes de El Corte Ingl\u00e9s<\/strong>\u00a0\u2014Pintor Sorolla, Avenida de Francia, Nuevo Centro o Hipercor Ademuz\u2014\u00a0<strong>y hacerte con tu dorsal por solo 2 \u20ac.\u00a0\u00a0<\/strong><\/p>\n<p paraeid=\"{d2ef5850-ac32-4545-bd4a-d5092c750c39}{25}\" paraid=\"297174046\">\u00bfEres de los que quiere pelear la carrera en serio?\u00a0<strong>Para la modalidad competitiva solo hay 300 plazas disponibles y puedes conseguir la tuya en las oficinas de la S.D. Correcaminos<\/strong>\u00a0\u2014calle\u00a0Arquebisbe\u00a0Fabian i Fuero, 14\u2014.\u00a0\u00a0<\/p>\n<p paraeid=\"{d2ef5850-ac32-4545-bd4a-d5092c750c39}{27}\" paraid=\"1531719570\">Y espera, porque\u2026 \u00a1hay premio!\u00a0\u00a0<\/p>\n<p paraeid=\"{d2ef5850-ac32-4545-bd4a-d5092c750c39}{29}\" paraid=\"1221785942\">Con tu dorsal en mano, puedes pasar por cualquier mercado municipal los d\u00edas 26, 27 y 29 de diciembre \u2014de 8:30 a 15:00 h\u2014 y llevarte la camiseta oficial de esta 40\u00aa edici\u00f3n. Corre, que solo hay 2.000.\u00a0<\/p>\n","protected":false},"excerpt":{"rendered":"El\u00a030 de diciembre, entre las 20:00 y las 21:30 h, las calles del centro de Val\u00e8ncia se convertir\u00e1n&hellip;\n","protected":false},"author":2,"featured_media":311336,"comment_status":"","ping_status":"","sticky":false,"template":"","format":"standard","meta":{"footnotes":""},"categories":[5],"tags":[17,18,25,24,13,14,11,19,20,9,10,15,16,23,12,21,22],"class_list":{"0":"post-311335","1":"post","2":"type-post","3":"status-publish","4":"format-standard","5":"has-post-thumbnail","7":"category-titulares","8":"tag-breaking-news","9":"tag-breakingnews","10":"tag-es","11":"tag-espana","12":"tag-featured-news","13":"tag-featurednews","14":"tag-headlines","15":"tag-latest-news","16":"tag-latestnews","17":"tag-news","18":"tag-noticias","19":"tag-noticias-destacadas","20":"tag-noticiasdestacadas","21":"tag-spain","22":"tag-titulares","23":"tag-ultimas-noticias","24":"tag-ultimasnoticias"},"share_on_mastodon":{"url":"https:\/\/pubeurope.com\/@es\/115796673942483847","error":""},"_links":{"self":[{"href":"https:\/\/www.europesays.com\/es\/wp-json\/wp\/v2\/posts\/311335","targetHints":{"allow":["GET"]}}],"collection":[{"href":"https:\/\/www.europesays.com\/es\/wp-json\/wp\/v2\/posts"}],"about":[{"href":"https:\/\/www.europesays.com\/es\/wp-json\/wp\/v2\/types\/post"}],"author":[{"embeddable":true,"href":"https:\/\/www.europesays.com\/es\/wp-json\/wp\/v2\/users\/2"}],"replies":[{"embeddable":true,"href":"https:\/\/www.europesays.com\/es\/wp-json\/wp\/v2\/comments?post=311335"}],"version-history":[{"count":0,"href":"https:\/\/www.europesays.com\/es\/wp-json\/wp\/v2\/posts\/311335\/revisions"}],"wp:featuredmedia":[{"embeddable":true,"href":"https:\/\/www.europesays.com\/es\/wp-json\/wp\/v2\/media\/311336"}],"wp:attachment":[{"href":"https:\/\/www.europesays.com\/es\/wp-json\/wp\/v2\/media?parent=311335"}],"wp:term":[{"taxonomy":"category","embeddable":true,"href":"https:\/\/www.europesays.com\/es\/wp-json\/wp\/v2\/categories?post=311335"},{"taxonomy":"post_tag","embeddable":true,"href":"https:\/\/www.europesays.com\/es\/wp-json\/wp\/v2\/tags?post=311335"}],"curies":[{"name":"wp","href":"https:\/\/api.w.org\/{rel}","templated":true}]}}