{"id":311363,"date":"2025-12-28T10:36:19","date_gmt":"2025-12-28T10:36:19","guid":{"rendered":"https:\/\/www.europesays.com\/es\/311363\/"},"modified":"2025-12-28T10:36:19","modified_gmt":"2025-12-28T10:36:19","slug":"la-diputacion-de-cordoba-se-suma-al-proyecto-que-la-ong-ambessa-desarrolla-en-etiopia-y-del-que-se-beneficiaran-60-menores","status":"publish","type":"post","link":"https:\/\/www.europesays.com\/es\/311363\/","title":{"rendered":"La Diputaci\u00f3n de C\u00f3rdoba se suma al proyecto que la ONG AMBESSA desarrolla en Etiop\u00eda y del que se beneficiar\u00e1n 60 menores"},"content":{"rendered":"<p>La Diputaci\u00f3n de C\u00f3rdoba colaborar\u00e1, gracias a la firma de un convenio de colaboraci\u00f3n, con la ONG AMBESSA en el desarrollo de acciones en Holeta Genet (Etiop\u00eda), dirigidas a ni\u00f1os y ni\u00f1as en situaci\u00f3n de orfandad y abandono, \u201cuna iniciativa que busca mejorar sus condiciones de vida y fomentar su desarrollo emocional social y educativo\u201d.<\/p>\n<p>As\u00ed lo ha explicado el presidente de la instituci\u00f3n provincial, Salvador Fuentes, durante la firma del acuerdo que \u201csupondr\u00e1 el desarrollo del proyecto denominado \u2018Circo y Arte en Holeta\u2019 y que contribuir\u00e1 a que unos 60 menores de Holeta Genet puedan tener acceso a algunos elementos esenciales como camas dignas y una alimentaci\u00f3n b\u00e1sica\u201d.<\/p>\n<p>Fuentes ha detallado que \u201cesta iniciativa recoge la construcci\u00f3n e instalaci\u00f3n de diez literas completas; la realizaci\u00f3n de espect\u00e1culos circenses con la compa\u00f1\u00eda Pepe Ciclos y talleres de convivencia y acompa\u00f1amiento\u201d.<\/p>\n<p>\u201cDesde AMBESSA nos recuerdan que Etiop\u00eda es uno de los pa\u00edses m\u00e1s pobres del mundo, con m\u00e1s de 100 millones de habitantes y afectado por conflictos armados, siendo los ni\u00f1os y ni\u00f1as el colectivo m\u00e1s gravemente afectado\u201d, ha apostillado Fuentes.<\/p>\n<p>El m\u00e1ximo responsable de la instituci\u00f3n provincial ha hecho referencia a que \u201cen Holeta Genet, muchos menores viven en condiciones de abandono y extrema pobreza. Se estima que los beneficiarios ascienden a 60 ni\u00f1os y ni\u00f1as. Un peque\u00f1o granito de arena que nos permite llevar un poco de luz a un lugar con condiciones de vida extrema\u201d.<\/p>\n<p>Seg\u00fan Fuentes, \u201cAMBESSA lleva m\u00e1s de 13 a\u00f1os trabajando en la zona, creando orfanatos, centros educativos y sanitarios, con un impacto directo en la vida de cientos de ni\u00f1os, por lo que sumarnos a su proyecto nos garantiza que la ayuda llegar\u00e1 y lo har\u00e1 de una manera directa y efectiva\u201d.<\/p>\n","protected":false},"excerpt":{"rendered":"La Diputaci\u00f3n de C\u00f3rdoba colaborar\u00e1, gracias a la firma de un convenio de colaboraci\u00f3n, con la ONG AMBESSA&hellip;\n","protected":false},"author":2,"featured_media":311364,"comment_status":"","ping_status":"","sticky":false,"template":"","format":"standard","meta":{"footnotes":""},"categories":[42],"tags":[17,18,13,14,11,61,62,63,64,19,20,9,10,15,16,12,21,22,65,66,67],"class_list":{"0":"post-311363","1":"post","2":"type-post","3":"status-publish","4":"format-standard","5":"has-post-thumbnail","7":"category-internacional","8":"tag-breaking-news","9":"tag-breakingnews","10":"tag-featured-news","11":"tag-featurednews","12":"tag-headlines","13":"tag-internacional","14":"tag-international","15":"tag-international-news","16":"tag-internationalnews","17":"tag-latest-news","18":"tag-latestnews","19":"tag-news","20":"tag-noticias","21":"tag-noticias-destacadas","22":"tag-noticiasdestacadas","23":"tag-titulares","24":"tag-ultimas-noticias","25":"tag-ultimasnoticias","26":"tag-world","27":"tag-world-news","28":"tag-worldnews"},"share_on_mastodon":{"url":"https:\/\/pubeurope.com\/@es\/115796756644853416","error":""},"_links":{"self":[{"href":"https:\/\/www.europesays.com\/es\/wp-json\/wp\/v2\/posts\/311363","targetHints":{"allow":["GET"]}}],"collection":[{"href":"https:\/\/www.europesays.com\/es\/wp-json\/wp\/v2\/posts"}],"about":[{"href":"https:\/\/www.europesays.com\/es\/wp-json\/wp\/v2\/types\/post"}],"author":[{"embeddable":true,"href":"https:\/\/www.europesays.com\/es\/wp-json\/wp\/v2\/users\/2"}],"replies":[{"embeddable":true,"href":"https:\/\/www.europesays.com\/es\/wp-json\/wp\/v2\/comments?post=311363"}],"version-history":[{"count":0,"href":"https:\/\/www.europesays.com\/es\/wp-json\/wp\/v2\/posts\/311363\/revisions"}],"wp:featuredmedia":[{"embeddable":true,"href":"https:\/\/www.europesays.com\/es\/wp-json\/wp\/v2\/media\/311364"}],"wp:attachment":[{"href":"https:\/\/www.europesays.com\/es\/wp-json\/wp\/v2\/media?parent=311363"}],"wp:term":[{"taxonomy":"category","embeddable":true,"href":"https:\/\/www.europesays.com\/es\/wp-json\/wp\/v2\/categories?post=311363"},{"taxonomy":"post_tag","embeddable":true,"href":"https:\/\/www.europesays.com\/es\/wp-json\/wp\/v2\/tags?post=311363"}],"curies":[{"name":"wp","href":"https:\/\/api.w.org\/{rel}","templated":true}]}}