{"id":311365,"date":"2025-12-28T10:37:19","date_gmt":"2025-12-28T10:37:19","guid":{"rendered":"https:\/\/www.europesays.com\/es\/311365\/"},"modified":"2025-12-28T10:37:19","modified_gmt":"2025-12-28T10:37:19","slug":"el-temporal-de-hielo-y-nieve-cierra-8-carreteras-en-6-comunidades-autonomas-de-espana","status":"publish","type":"post","link":"https:\/\/www.europesays.com\/es\/311365\/","title":{"rendered":"El temporal de hielo y nieve cierra 8 carreteras en 6 comunidades aut\u00f3nomas de Espa\u00f1a"},"content":{"rendered":"<p>\n         Publicado<br \/>\n            28\/12\/2025 &#8211; 10:22 CET\n            <\/p>\n<p>A las 02:30 de este domingo, <strong>11 carreteras secundarias espa\u00f1olas registraban afectaciones<\/strong> por <a href=\"https:\/\/es.euronews.com\/2025\/12\/26\/la-aemet-activa-avisos-por-frio-intenso-en-seis-comunidades\" rel=\"nofollow noopener\" target=\"_blank\">el temporal de hielo y nieve<\/a>. La DGT ha contabilizado ocho cortes totales distribuidos en seis comunidades aut\u00f3nomas.<\/p>\n<p>En <strong>Andaluc\u00eda<\/strong>, las carreteras cerradas son la AL-5402 en Bay\u00e1rcal (Almer\u00eda) y dos accesos a Sierra Nevada en Granada: la A-4025 y la A-395. En <strong>Asturias<\/strong> permanece cortada la CO-4 en Zand\u00f3n, mientras que en <strong>Salamanca<\/strong> el corte afecta a la DSA-191 en Candelario. <strong>Navarra<\/strong> registra dos cierres en la NA-2011 (Pikatua) y la NA-2012 (Irati). Por su parte, en <strong>Barcelona<\/strong> la BV-4031 est\u00e1 intransitable.<\/p>\n<p>La DGT ha establecido restricciones adicionales en dos v\u00edas donde <strong>las cadenas o neum\u00e1ticos de invierno son obligatorios<\/strong>: la A-395 en Granada y la SA-203 en Salamanca. En M\u00e1laga, la A-397 proh\u00edbe adelantar a veh\u00edculos pesados.<\/p>\n<p>Avisos naranja en cuatro provincias mediterr\u00e1neas y rojo en Murcia<\/p>\n<p>La Agencia Estatal de Meteorolog\u00eda mantiene <strong>avisos naranja en M\u00e1laga, Granada, Almer\u00eda y Valencia<\/strong> por lluvias intensas, con alerta amarilla en Murcia, Castell\u00f3n y Tarragona. El sistema de bajas presiones situado al suroeste de la pen\u00ednsula est\u00e1 provocando inestabilidad generalizada en la mitad sur y el tercio este.<\/p>\n<p>Las precipitaciones podr\u00edan ser <strong>fuertes y persistentes, incluso muy fuertes localmente<\/strong> en Murcia (aviso rojo), Valencia y la costa mediterr\u00e1nea andaluza. La nieve caer\u00e1 en las sierras del sureste a una cota entre 1.400 y 1.700 metros, aunque no se descarta en otras zonas monta\u00f1osas.<\/p>\n<p>El Cant\u00e1brico y el noroeste peninsular disfrutar\u00e1n de tiempo estable con cielos despejados, salvo niebla matinal en la meseta norte. Las temperaturas subir\u00e1n en gran parte de la pen\u00ednsula, con <strong>heladas d\u00e9biles en zonas de monta\u00f1a<\/strong> que podr\u00edan ser moderadas en el norte. El viento soplar\u00e1 de componente este, flojo en el interior y moderado en los litorales, con rachas fuertes posibles en la costa cant\u00e1brica.<\/p>\n","protected":false},"excerpt":{"rendered":"Publicado 28\/12\/2025 &#8211; 10:22 CET A las 02:30 de este domingo, 11 carreteras secundarias espa\u00f1olas registraban afectaciones por&hellip;\n","protected":false},"author":2,"featured_media":311366,"comment_status":"","ping_status":"","sticky":false,"template":"","format":"standard","meta":{"footnotes":""},"categories":[8],"tags":[17,18,25,24,13,14,11,19,20,1479,9,16248,10,15,16,23,12,21,22],"class_list":{"0":"post-311365","1":"post","2":"type-post","3":"status-publish","4":"format-standard","5":"has-post-thumbnail","7":"category-espana","8":"tag-breaking-news","9":"tag-breakingnews","10":"tag-es","11":"tag-espana","12":"tag-featured-news","13":"tag-featurednews","14":"tag-headlines","15":"tag-latest-news","16":"tag-latestnews","17":"tag-lluvia","18":"tag-news","19":"tag-nieve","20":"tag-noticias","21":"tag-noticias-destacadas","22":"tag-noticiasdestacadas","23":"tag-spain","24":"tag-titulares","25":"tag-ultimas-noticias","26":"tag-ultimasnoticias"},"share_on_mastodon":{"url":"https:\/\/pubeurope.com\/@es\/115796760793636207","error":""},"_links":{"self":[{"href":"https:\/\/www.europesays.com\/es\/wp-json\/wp\/v2\/posts\/311365","targetHints":{"allow":["GET"]}}],"collection":[{"href":"https:\/\/www.europesays.com\/es\/wp-json\/wp\/v2\/posts"}],"about":[{"href":"https:\/\/www.europesays.com\/es\/wp-json\/wp\/v2\/types\/post"}],"author":[{"embeddable":true,"href":"https:\/\/www.europesays.com\/es\/wp-json\/wp\/v2\/users\/2"}],"replies":[{"embeddable":true,"href":"https:\/\/www.europesays.com\/es\/wp-json\/wp\/v2\/comments?post=311365"}],"version-history":[{"count":0,"href":"https:\/\/www.europesays.com\/es\/wp-json\/wp\/v2\/posts\/311365\/revisions"}],"wp:featuredmedia":[{"embeddable":true,"href":"https:\/\/www.europesays.com\/es\/wp-json\/wp\/v2\/media\/311366"}],"wp:attachment":[{"href":"https:\/\/www.europesays.com\/es\/wp-json\/wp\/v2\/media?parent=311365"}],"wp:term":[{"taxonomy":"category","embeddable":true,"href":"https:\/\/www.europesays.com\/es\/wp-json\/wp\/v2\/categories?post=311365"},{"taxonomy":"post_tag","embeddable":true,"href":"https:\/\/www.europesays.com\/es\/wp-json\/wp\/v2\/tags?post=311365"}],"curies":[{"name":"wp","href":"https:\/\/api.w.org\/{rel}","templated":true}]}}