{"id":311377,"date":"2025-12-28T10:48:09","date_gmt":"2025-12-28T10:48:09","guid":{"rendered":"https:\/\/www.europesays.com\/es\/311377\/"},"modified":"2025-12-28T10:48:09","modified_gmt":"2025-12-28T10:48:09","slug":"muere-la-mitica-actriz-francesa-brigitte-bardot-a-los-91-anos","status":"publish","type":"post","link":"https:\/\/www.europesays.com\/es\/311377\/","title":{"rendered":"Muere la m\u00edtica actriz francesa Brigitte Bardot a los 91 a\u00f1os"},"content":{"rendered":"<p class=\"ft-text\">La m\u00edtica actriz y cantante francesa <strong>Brigitte Bardot,<\/strong> icono del cine franc\u00e9s y s\u00edmbolo er\u00f3tico de los a\u00f1os 1950 y 1960, ha muerto a los 91 a\u00f1os, seg\u00fan informa su Fundaci\u00f3n. \u00abLa Fundaci\u00f3n Brigitte Bardot anuncia con inmensa tristeza el fallecimiento de su fundadora y presidenta, la se\u00f1ora Brigitte Bardot, actriz y cantante mundialmente reconocida, que decidi\u00f3 abandonar su prestigiosa carrera para dedicar su vida y su energ\u00eda a la defensa de los animales y a su Fundaci\u00f3n\u00bb, indic\u00f3 un comunicado remitido a la AFP, sin precisar el d\u00eda ni el lugar del fallecimiento.<\/p>\n<p class=\"ft-text ft-helper-align-justify\">Su trayectoria como actriz comenz\u00f3 en 1952. Su primer \u00e9xito fue al protagonizar &#8216;<strong>Y Dios cre\u00f3 a la mujer&#8217;<\/strong> dirigida por Roger Vadim en 1956, que obtuvo reconocimiento internacional. Aunque no fue su primera pel\u00edcula, es ampliamente reconocida como la que logr\u00f3 llevarla al centro de atenci\u00f3n p\u00fablica. Luego, protagoniz\u00f3 la pel\u00edcula de Jean-Luc Godard de 1963 <strong>&#8216;El desprecio&#8217;.<\/strong> Por su papel en la pel\u00edcula &#8216;Viva Maria!&#8217; (1965), dirigida por Louis Malle, fue nominada en los Premios BAFTA como Mejor Actriz extranjera.<\/p>\n<p class=\"ft-text ft-helper-align-justify\">En total,<strong> <\/strong>rod\u00f3 medio centenar de pel\u00edculas, impuso un estilo de vestir simple y sensual, y forj\u00f3 la leyenda de <strong>Saint-Tropez,<\/strong> en Francia, y de <strong>Buzios<\/strong>, en Brasil. De hecho, era una de las \u00faltimas grandes leyendas del cine franc\u00e9s todav\u00eda en vida, tras la muerte de Alain Delon, fallecido en 2024 a los 88 a\u00f1os. Junto a su corta pero vertiginosa carrera en la gran pantalla, Brigitte Bardot,<strong> conocida por las siglas BB,<\/strong> tuvo tambi\u00e9n una exitosa y m\u00e1s larga carrera en la m\u00fasica.<\/p>\n<p>Carrera de \u00e9xitos<\/p>\n<p class=\"ft-text\">En m\u00fasica, qued\u00f3 para los anales el single<strong> &#8216;J&#8217;ai t&#8217;aime&#8230; moi, non plus&#8217;,<\/strong> grabado originalmente en 1967 con su antiguo amante y &#8216;enfant terrible&#8217; de &#8216;la chanson fran\u00e7aise&#8217; Serge Gainsbourg. En ese tema, todav\u00eda ruborizan a muchos los m\u00e1s que sensuales gemidos de Bardot.<\/p>\n<p class=\"ft-text\">A mediados de los 1970, decidi\u00f3 abandonar el cine y dedicarse a otro combate, el de la<strong> defensa de los animales.<\/strong> En 1986, cre\u00f3 la Fundaci\u00f3n Brigitte Bardot con ese prop\u00f3sito. Sus fotos en Canad\u00e1 denunciando la caza de focas en los a\u00f1os 1970 son todav\u00eda c\u00e9lebres.<\/p>\n<p>Cercana a Le Pen<\/p>\n<p class=\"ft-text\">Sin embargo, Bardot tambi\u00e9n se destac\u00f3 p\u00fablicamente por su apoyo a<strong> postulados reaccionarios y xen\u00f3fobos<\/strong> y se mostr\u00f3 cercana a Jean-Marie Le Pen y a su hija, la hoy l\u00edder de la ultraderecha Marine Le Pen.<\/p>\n<p class=\"ft-text\">De hecho, caus\u00f3 controversia con sus declaraciones sobre pol\u00edtica, migraci\u00f3n o el mundo de la caza. Algunas le valieron condenas por difamaci\u00f3n. \u00abLa libertad es ser uno mismo, incluso cuando incomoda\u00bb, escribi\u00f3 en el ep\u00edlogo de un libro titulado \u00abMon BBc\u00e9daire\u00bb, publicado en Francia en octubre. En el libro tambi\u00e9n aseguraba que su pa\u00eds se ha vuelto \u00absombr\u00edo, triste, sumiso, enfermo, da\u00f1ado, arrasado, ordinario, vulgar&#8230;\u00bb.<\/p>\n<p>Escondida del mundo<\/p>\n<p class=\"ft-text\">Bardot viv\u00eda en los \u00faltimos a\u00f1os en el sur de Francia, entre su famosa residencia de \u00abLa Madrague\u00bb y una segunda casa escondida en la vegetaci\u00f3n, \u00abLa Garrigue\u00bb, que alberga animales y una capilla privada. En una entrevista el pasado mes de mayo a la cadena francesa BFMTV, confes\u00f3 que anhelaba \u00abla paz, la naturaleza\u00bb.<\/p>\n<p class=\"ft-text\">\u00abAhora vivo como una granjera con mis ovejas, mis cabras, mis cerdos, mi burrito y mi poni, todos mis perros, mis gatos\u00bb, declar\u00f3 la actriz, que dijo no tener \u00abni m\u00f3vil ni ordenador\u00bb.<\/p>\n","protected":false},"excerpt":{"rendered":"La m\u00edtica actriz y cantante francesa Brigitte Bardot, icono del cine franc\u00e9s y s\u00edmbolo er\u00f3tico de los a\u00f1os&hellip;\n","protected":false},"author":2,"featured_media":311378,"comment_status":"","ping_status":"","sticky":false,"template":"","format":"standard","meta":{"footnotes":""},"categories":[174],"tags":[51895,51894,255,177,146,147,25,24,256,8938,23],"class_list":{"0":"post-311377","1":"post","2":"type-post","3":"status-publish","4":"format-standard","5":"has-post-thumbnail","7":"category-famosos","8":"tag-bardot","9":"tag-brigitte","10":"tag-celebrities","11":"tag-cine","12":"tag-entertainment","13":"tag-entretenimiento","14":"tag-es","15":"tag-espana","16":"tag-famosos","17":"tag-muere","18":"tag-spain"},"share_on_mastodon":{"url":"https:\/\/pubeurope.com\/@es\/115796803857266942","error":""},"_links":{"self":[{"href":"https:\/\/www.europesays.com\/es\/wp-json\/wp\/v2\/posts\/311377","targetHints":{"allow":["GET"]}}],"collection":[{"href":"https:\/\/www.europesays.com\/es\/wp-json\/wp\/v2\/posts"}],"about":[{"href":"https:\/\/www.europesays.com\/es\/wp-json\/wp\/v2\/types\/post"}],"author":[{"embeddable":true,"href":"https:\/\/www.europesays.com\/es\/wp-json\/wp\/v2\/users\/2"}],"replies":[{"embeddable":true,"href":"https:\/\/www.europesays.com\/es\/wp-json\/wp\/v2\/comments?post=311377"}],"version-history":[{"count":0,"href":"https:\/\/www.europesays.com\/es\/wp-json\/wp\/v2\/posts\/311377\/revisions"}],"wp:featuredmedia":[{"embeddable":true,"href":"https:\/\/www.europesays.com\/es\/wp-json\/wp\/v2\/media\/311378"}],"wp:attachment":[{"href":"https:\/\/www.europesays.com\/es\/wp-json\/wp\/v2\/media?parent=311377"}],"wp:term":[{"taxonomy":"category","embeddable":true,"href":"https:\/\/www.europesays.com\/es\/wp-json\/wp\/v2\/categories?post=311377"},{"taxonomy":"post_tag","embeddable":true,"href":"https:\/\/www.europesays.com\/es\/wp-json\/wp\/v2\/tags?post=311377"}],"curies":[{"name":"wp","href":"https:\/\/api.w.org\/{rel}","templated":true}]}}