{"id":311387,"date":"2025-12-28T10:54:11","date_gmt":"2025-12-28T10:54:11","guid":{"rendered":"https:\/\/www.europesays.com\/es\/311387\/"},"modified":"2025-12-28T10:54:11","modified_gmt":"2025-12-28T10:54:11","slug":"ser-y-siempre-haber-sido-el-mejor-del-mundo-duplantis-habla-del-miedo-el-ego-y-su-futuro-como-atleta-el-pais-expres","status":"publish","type":"post","link":"https:\/\/www.europesays.com\/es\/311387\/","title":{"rendered":"Ser (y siempre haber sido) el mejor del mundo: Duplantis habla del miedo, el ego y su futuro como atleta | El PA\u00cdS Expr\u00e9s"},"content":{"rendered":"<p><img fetchpriority=\"high\" decoding=\"auto\" class=\"_re  a_m-h\" height=\"414\"  width=\"414\"  src=\"https:\/\/www.europesays.com\/es\/wp-content\/uploads\/2025\/12\/SFEYXFXEJJDXFHK7IEL5HBUHJI.jpg\" loading=\"eager\"\/>September 13, 2025, Tokyo, Japan: Swedish pole vaulter Armand Mondo Duplantis pictured in action during the men&#8217;s pole vault competition, at the World Athletics Championships in Tokyo, Japan, on Saturday 13 September 2025. The outdoor Worlds are taking place from 13 to 21 September.,Image: 1036812866, License: Rights-managed, Restrictions: * Belgium, France, Germany, Luxembourg and Netherlands Rights OUT *, Model Release: no, Credit line: Jasper Jacobs \/ Zuma Press \/ ContactoPhoto<br \/>\nEditorial licence valid only for Spain and 3 MONTHS from the date of the image, then delete it from your archive. For non-editorial and non-licensed use, please contact EUROPA PRESS.&#13;<br \/>\n13\/09\/2025 ONLY FOR USE IN SPAINFOTO: ZUMA v\u00eda Europa Press<\/p>\n<p class=\"\">El 15 de septiembre Mondo Duplantis volv\u00eda a hacer historia al volar 6,30 metros para reescribir su r\u00e9cord en salto de p\u00e9rtiga. No era la primera vez: el sueco ha batido 14 r\u00e9cords del mundo y ha vuelto a ser elegido como mejor atleta del planeta. <\/p>\n<p class=\"\">Ahora, desgrana en una entrevista para EL PA\u00cdS su historia:<\/p>\n<ul>\n<li><b>El miedo, la ausencia de \u00e9l&#8230; o el equilibrio entre ambas.<\/b> El atleta asegura que en su mente est\u00e1 el pilar de su \u00e9xito: \u201cSoy lo suficientemente loco, pero no tan loco como para dejar de pensar\u201d.<\/li>\n<li><b>El patio de su casa.<\/b> Su padre y entrenador, Greg, construy\u00f3 all\u00ed una instalaci\u00f3n para que se entrenara diariamente. \u201cRecuerdo ser un ni\u00f1o con muchas ambiciones, y luego vuelvo all\u00ed y salto como la persona que ha logrado todas las cosas que quer\u00eda cuando era ni\u00f1o\u2026\u201d.<\/li>\n<li><b>Siempre fue el mejor. <\/b>Tiene los r\u00e9cords del mundo de todas las categor\u00edas de edad, pero teme al ego: \u201cSiempre hay que tener una actitud humilde y modesta\u201d.<\/li>\n<li><b>Y espera seguir si\u00e9ndolo:<\/b> \u201cVoy a mejorar cada vez m\u00e1s y voy a dar saltos cada vez m\u00e1s grandes\u201d, afirma a sus 26 a\u00f1os.<\/li>\n<li><b>Con la deportividad como base.<\/b> Duplantis mantiene una relaci\u00f3n ejemplar con sus competidores: \u201cEs un juego. Solo estamos jugando un juego y solo estamos tratando de ganar un juego\u201d, culmina el sueco.<\/li>\n<\/ul>\n<p class=\"\">\u00a9Foto: Europa Press<\/p>\n<p class=\"\"><a href=\"https:\/\/elpais.com\/deportes\/2025-12-28\/mondo-duplantis-mejor-atleta-del-mundo-solo-estamos-jugando-un-juego-solo-estamos-tratando-de-ganar-un-juego.html\" target=\"_self\" rel=\"nofollow noopener\" title=\"https:\/\/elpais.com\/deportes\/2025-12-28\/mondo-duplantis-mejor-atleta-del-mundo-solo-estamos-jugando-un-juego-solo-estamos-tratando-de-ganar-un-juego.html\">Si quieres saber m\u00e1s, puedes leer aqu\u00ed<\/a>.<\/p>\n","protected":false},"excerpt":{"rendered":"September 13, 2025, Tokyo, Japan: Swedish pole vaulter Armand Mondo Duplantis pictured in action during the men&#8217;s pole&hellip;\n","protected":false},"author":2,"featured_media":311388,"comment_status":"","ping_status":"","sticky":false,"template":"","format":"standard","meta":{"footnotes":""},"categories":[93],"tags":[11485,168,25,24,448,6677,39057,23,167],"class_list":{"0":"post-311387","1":"post","2":"type-post","3":"status-publish","4":"format-standard","5":"has-post-thumbnail","7":"category-deportes","8":"tag-atletismo","9":"tag-deportes","10":"tag-es","11":"tag-espana","12":"tag-historia","13":"tag-record-deportivo","14":"tag-salto-con-pertiga","15":"tag-spain","16":"tag-sports"},"share_on_mastodon":{"url":"https:\/\/pubeurope.com\/@es\/115796827917198053","error":""},"_links":{"self":[{"href":"https:\/\/www.europesays.com\/es\/wp-json\/wp\/v2\/posts\/311387","targetHints":{"allow":["GET"]}}],"collection":[{"href":"https:\/\/www.europesays.com\/es\/wp-json\/wp\/v2\/posts"}],"about":[{"href":"https:\/\/www.europesays.com\/es\/wp-json\/wp\/v2\/types\/post"}],"author":[{"embeddable":true,"href":"https:\/\/www.europesays.com\/es\/wp-json\/wp\/v2\/users\/2"}],"replies":[{"embeddable":true,"href":"https:\/\/www.europesays.com\/es\/wp-json\/wp\/v2\/comments?post=311387"}],"version-history":[{"count":0,"href":"https:\/\/www.europesays.com\/es\/wp-json\/wp\/v2\/posts\/311387\/revisions"}],"wp:featuredmedia":[{"embeddable":true,"href":"https:\/\/www.europesays.com\/es\/wp-json\/wp\/v2\/media\/311388"}],"wp:attachment":[{"href":"https:\/\/www.europesays.com\/es\/wp-json\/wp\/v2\/media?parent=311387"}],"wp:term":[{"taxonomy":"category","embeddable":true,"href":"https:\/\/www.europesays.com\/es\/wp-json\/wp\/v2\/categories?post=311387"},{"taxonomy":"post_tag","embeddable":true,"href":"https:\/\/www.europesays.com\/es\/wp-json\/wp\/v2\/tags?post=311387"}],"curies":[{"name":"wp","href":"https:\/\/api.w.org\/{rel}","templated":true}]}}