{"id":311391,"date":"2025-12-28T10:56:13","date_gmt":"2025-12-28T10:56:13","guid":{"rendered":"https:\/\/www.europesays.com\/es\/311391\/"},"modified":"2025-12-28T10:56:13","modified_gmt":"2025-12-28T10:56:13","slug":"aun-hay-entradas-para-el-tercer-pase-del-espectaculo-las-guerreras-k-pop","status":"publish","type":"post","link":"https:\/\/www.europesays.com\/es\/311391\/","title":{"rendered":"A\u00fan hay entradas para el tercer pase del espect\u00e1culo \u201cLas Guerreras K-Pop\u201d"},"content":{"rendered":"<p>La teniente de alcalde delegada de Cultura, Ana Ruiz, inform\u00f3 de que el espect\u00e1culo \u201cLas Guerreras K-Pop\u201d se podr\u00e1 disfrutar el pr\u00f3ximo s\u00e1bado 10 de enero de 2026 en el Teatro Juan Luis Galiardo en tres tramos horarios distintos. El gran ritmo de venta de entradas hizo que los pases de tarde se agotaran. A\u00fan quedan disponibles entradas para el pase de la ma\u00f1ana, a las 12:30 horas.<\/p>\n<p>Las entradas de esta funci\u00f3n se pueden adquirir en la web: [<a href=\"https:\/\/www.giglon.com\/todos?idEvent=las-guerreras-k-pop-en-concierto-san-roque]\" rel=\"nofollow noopener\" target=\"_blank\">https:\/\/www.giglon.com\/todos?idEvent=las-guerreras-k-pop-en-concierto-sa&#8230;<\/a>(<a href=\"https:\/\/www.giglon.com\/todos?idEvent=las-guerreras-k-pop-en-concierto-san-roque\" rel=\"nofollow noopener\" target=\"_blank\">https:\/\/www.giglon.com\/todos?idEvent=las-guerreras-k-pop-en-concierto-sa&#8230;<\/a> \u00ab\u200c\u00bb)<\/p>\n<p>Se trata de una experiencia inolvidable para grandes y peque\u00f1os. \u201cLas guerreras K-Pop (KPop Demon Hunters)\u201d es una exitosa pel\u00edcula de Netflix trata sobre un supergrupo de estrellas del pop coreano que usa sus poderes secretos para proteger a sus fans de amenazas sobrenaturales.<\/p>\n","protected":false},"excerpt":{"rendered":"La teniente de alcalde delegada de Cultura, Ana Ruiz, inform\u00f3 de que el espect\u00e1culo \u201cLas Guerreras K-Pop\u201d se&hellip;\n","protected":false},"author":2,"featured_media":311392,"comment_status":"","ping_status":"","sticky":false,"template":"","format":"standard","meta":{"footnotes":""},"categories":[91],"tags":[1250,2193,2191,146,147,25,24,2190,2186,2189,2185,2187,23,2192,2188],"class_list":{"0":"post-311391","1":"post","2":"type-post","3":"status-publish","4":"format-standard","5":"has-post-thumbnail","7":"category-entretenimiento","8":"tag-ayuntamiento","9":"tag-cadiz","10":"tag-campamento","11":"tag-entertainment","12":"tag-entretenimiento","13":"tag-es","14":"tag-espana","15":"tag-guadiaro","16":"tag-roque","17":"tag-san-enrique","18":"tag-san-roque","19":"tag-soto-grande","20":"tag-spain","21":"tag-taraguilla","22":"tag-torreguadiaro"},"share_on_mastodon":{"url":"https:\/\/pubeurope.com\/@es\/115796835715798541","error":""},"_links":{"self":[{"href":"https:\/\/www.europesays.com\/es\/wp-json\/wp\/v2\/posts\/311391","targetHints":{"allow":["GET"]}}],"collection":[{"href":"https:\/\/www.europesays.com\/es\/wp-json\/wp\/v2\/posts"}],"about":[{"href":"https:\/\/www.europesays.com\/es\/wp-json\/wp\/v2\/types\/post"}],"author":[{"embeddable":true,"href":"https:\/\/www.europesays.com\/es\/wp-json\/wp\/v2\/users\/2"}],"replies":[{"embeddable":true,"href":"https:\/\/www.europesays.com\/es\/wp-json\/wp\/v2\/comments?post=311391"}],"version-history":[{"count":0,"href":"https:\/\/www.europesays.com\/es\/wp-json\/wp\/v2\/posts\/311391\/revisions"}],"wp:featuredmedia":[{"embeddable":true,"href":"https:\/\/www.europesays.com\/es\/wp-json\/wp\/v2\/media\/311392"}],"wp:attachment":[{"href":"https:\/\/www.europesays.com\/es\/wp-json\/wp\/v2\/media?parent=311391"}],"wp:term":[{"taxonomy":"category","embeddable":true,"href":"https:\/\/www.europesays.com\/es\/wp-json\/wp\/v2\/categories?post=311391"},{"taxonomy":"post_tag","embeddable":true,"href":"https:\/\/www.europesays.com\/es\/wp-json\/wp\/v2\/tags?post=311391"}],"curies":[{"name":"wp","href":"https:\/\/api.w.org\/{rel}","templated":true}]}}