{"id":311398,"date":"2025-12-28T11:00:34","date_gmt":"2025-12-28T11:00:34","guid":{"rendered":"https:\/\/www.europesays.com\/es\/311398\/"},"modified":"2025-12-28T11:00:34","modified_gmt":"2025-12-28T11:00:34","slug":"este-28-de-diciembre-concluye-el-ano-jubilar-en-las-iglesias-particulares","status":"publish","type":"post","link":"https:\/\/www.europesays.com\/es\/311398\/","title":{"rendered":"Este 28 de diciembre concluye el A\u00f1o jubilar en las Iglesias particulares"},"content":{"rendered":"<p>Este domingo, 28 de diciembre, seg\u00fan la Bula de Indicci\u00f3n del Jubileo de la Esperanza, concluye en las Iglesias particulares el A\u00f1o Jubilar. En este d\u00eda, escrib\u00eda el Papa Francisco en la Bula (Spes non confundit, 6), \u00abaseguremos que el Pueblo de Dios pueda acoger plenamente tanto el mensaje de esperanza en la gracia de Dios como los signos que atestiguan su eficacia\u00bb.<\/p>\n<p><b>Padre Pawe\u0142 Rytel-Andrianik \u2013 Ciudad del Vaticano<\/b><\/p>\n<p>La solemne apertura del A\u00f1o Jubilar en las Iglesias particulares tuvo lugar el domingo 29 de diciembre de 2024. Los obispos designaron iglesias o capillas donde los fieles pod\u00edan obtener indulgencias jubilares dentro del territorio de sus di\u00f3cesis, al igual que quienes peregrinaban a Roma.<\/p>\n<p>    <img decoding=\"async\" src=\"data:image\/gif;base64,R0lGODlhAQABAIAAAAAAAP\/\/\/yH5BAEAAAAALAAAAAABAAEAAAIBRAA7\" data-original=\"\/content\/dam\/vaticannews\/multimedia\/2025\/aprile\/05\/www.jpg\/_jcr_content\/renditions\/cq5dam.thumbnail.cropped.750.422.jpeg\" alt=\"Peregrinos en camino hacia la Puerta Santa de la Bas\u00edlica de San Pedro\" title=\"Peregrinos en camino hacia la Puerta Santa de la Bas\u00edlica de San Pedro\"\/><\/p>\n<p>\n   Peregrinos en camino hacia la Puerta Santa de la Bas\u00edlica de San Pedro\n  <\/p>\n<p><b>Peregrinos de la Esperanza<\/b> <\/p>\n<p>El lema del Jubileo de 2025 fue \u00abPeregrinantes in Spem\u00bb (Peregrinos de la Esperanza). En la Bula de Convocaci\u00f3n del A\u00f1o Jubilar, el Papa Francisco expres\u00f3 su deseo de que todos tengan esperanza. La esperanza est\u00e1 presente en el coraz\u00f3n de cada persona como deseo y expectativa de bien, incluso si desconocen lo que les deparar\u00e1 el ma\u00f1ana. El Papa enfatiz\u00f3 que a menudo nos encontramos con personas desanimadas que miran el futuro con escepticismo y pesimismo, como si nada pudiera traerles felicidad. En este contexto, el Papa Francisco expres\u00f3 su deseo de que el Jubileo sea una oportunidad para que todos reaviven la esperanza.<\/p>\n<p>    <img decoding=\"async\" src=\"data:image\/gif;base64,R0lGODlhAQABAIAAAAAAAP\/\/\/yH5BAEAAAAALAAAAAABAAEAAAIBRAA7\" data-original=\"https:\/\/www.vaticannews.va\/content\/dam\/vaticannews\/agenzie\/images\/reuters\/2025\/12\/27\/14\/1766841104644.JPG\/_jcr_content\/renditions\/cq5dam.thumbnail.cropped.750.422.jpeg\" alt=\"El cardenal Baldo Reina cierra la Puerta Santa de la Bas\u00edlica de San Juan de Letr\u00e1n\" title=\"El cardenal Baldo Reina cierra la Puerta Santa de la Bas\u00edlica de San Juan de Letr\u00e1n\"\/><\/p>\n<p>\n   El cardenal Baldo Reina cierra la Puerta Santa de la Bas\u00edlica de San Juan de Letr\u00e1n \u00a0 (Riccardo Antimiani\/Ansa)\n  <\/p>\n<p><b>Cierre de la Puerta Santa en las Bas\u00edlicas Papales<\/b> <\/p>\n<p>El cierre de la Puerta Santa en las Bas\u00edlicas papales de Roma es un signo visible de los \u00faltimos d\u00edas del A\u00f1o Santo. El d\u00eda de Navidad, se celebr\u00f3 el rito de cierre de la Puerta Santa de la Bas\u00edlica de Santa Mar\u00eda la Mayor, presidido por el cardenal Rolandas Makrickas. \u00abEl coraz\u00f3n de Dios permanece abierto\u00bb, enfatiz\u00f3 el Arcipreste de la Bas\u00edlica liberiana, quien nos inst\u00f3 a estar abiertos a la escucha de la Palabra, a la acogida y al perd\u00f3n. La esperanza es luz, traducida en oraci\u00f3n y cuidado de los pobres, para ser una Iglesia \u00abcon el Evangelio en nuestras manos y a nuestros hermanos en nuestros corazones\u00bb, dijo el cardenal Makrickas.<\/p>\n<p>El s\u00e1bado 27 de diciembre se cerr\u00f3 la Puerta Santa de la Bas\u00edlica de San Juan de Letr\u00e1n. \u00abHoy, al cerrar la Puerta Santa, elevamos un himno de acci\u00f3n de gracias al Padre por todos los signos de su amor por nosotros, mientras atesoramos en nuestros corazones la conciencia y la esperanza que permanece abierta a todos los pueblos: su abrazo de misericordia y paz\u00bb, declar\u00f3 el cardenal Vicario Baldassare Reina, Arcipreste de la Bas\u00edlica de San Juan de Letr\u00e1n, quien presidi\u00f3 el rito de clausura.<\/p>\n<p>Este domingo 28 de diciembre, el cardenal James Harvey, Arcipreste de la Bas\u00edlica de San Pablo Extramuros, presidir\u00e1 la concelebraci\u00f3n Eucar\u00edstica con el rito de cierre de la Puerta Santa.<\/p>\n<p>    <img decoding=\"async\" src=\"data:image\/gif;base64,R0lGODlhAQABAIAAAAAAAP\/\/\/yH5BAEAAAAALAAAAAABAAEAAAIBRAA7\" data-original=\"https:\/\/www.vaticannews.va\/content\/dam\/vaticannews\/agenzie\/images\/srv\/2024\/12\/24\/2024-12-24-rito-apertura-porta-santa-basilica-di-san-pietro\/1735067002339.jpg\/_jcr_content\/renditions\/cq5dam.thumbnail.cropped.750.422.jpeg\" alt=\"El Papa Francisco en la apertura de la Puerta Santa de la Bas\u00edlica de San Pedro\" title=\"El Papa Francisco en la apertura de la Puerta Santa de la Bas\u00edlica de San Pedro\"\/><\/p>\n<p>\n   El Papa Francisco en la apertura de la Puerta Santa de la Bas\u00edlica de San Pedro \u00a0 (VATICAN MEDIA Divisione Foto)\n  <\/p>\n<p><b>6 de enero: Fin del Jubileo<\/b> <\/p>\n<p>El Papa Le\u00f3n XIV concluir\u00e1 el Jubileo Ordinario cerrando la Puerta Santa de la Bas\u00edlica de San Pedro en el Vaticano. Esto tendr\u00e1 lugar el martes 6 de enero de 2026, a las 9.30 hora de Roma, en la Solemnidad de la Epifan\u00eda del Se\u00f1or.<\/p>\n<p>Al anunciar el cierre de la Puerta Santa, el Papa Francisco expres\u00f3 su deseo: \u00abQue la luz de la esperanza cristiana llegue a cada persona, como un mensaje del amor de Dios dirigido a todos. \u00a1Y que la Iglesia sea testigo fiel de este mensaje en todo el mundo!\u00bb (Spes non confundit, 6).<\/p>\n","protected":false},"excerpt":{"rendered":"Este domingo, 28 de diciembre, seg\u00fan la Bula de Indicci\u00f3n del Jubileo de la Esperanza, concluye en las&hellip;\n","protected":false},"author":2,"featured_media":311399,"comment_status":"","ping_status":"","sticky":false,"template":"","format":"standard","meta":{"footnotes":""},"categories":[8],"tags":[436,17,18,25,24,9572,13,14,11,401,19,20,9,10,15,16,399,400,13139,23,12,21,22],"class_list":{"0":"post-311398","1":"post","2":"type-post","3":"status-publish","4":"format-standard","5":"has-post-thumbnail","7":"category-espana","8":"tag-jubileo2025","9":"tag-breaking-news","10":"tag-breakingnews","11":"tag-es","12":"tag-espana","13":"tag-esperanza","14":"tag-featured-news","15":"tag-featurednews","16":"tag-headlines","17":"tag-iglesia-catolica","18":"tag-latest-news","19":"tag-latestnews","20":"tag-news","21":"tag-noticias","22":"tag-noticias-destacadas","23":"tag-noticiasdestacadas","24":"tag-papa-francisco","25":"tag-papa-leon-xiv","26":"tag-peregrinacion","27":"tag-spain","28":"tag-titulares","29":"tag-ultimas-noticias","30":"tag-ultimasnoticias"},"share_on_mastodon":{"url":"https:\/\/pubeurope.com\/@es\/115796851048451104","error":""},"_links":{"self":[{"href":"https:\/\/www.europesays.com\/es\/wp-json\/wp\/v2\/posts\/311398","targetHints":{"allow":["GET"]}}],"collection":[{"href":"https:\/\/www.europesays.com\/es\/wp-json\/wp\/v2\/posts"}],"about":[{"href":"https:\/\/www.europesays.com\/es\/wp-json\/wp\/v2\/types\/post"}],"author":[{"embeddable":true,"href":"https:\/\/www.europesays.com\/es\/wp-json\/wp\/v2\/users\/2"}],"replies":[{"embeddable":true,"href":"https:\/\/www.europesays.com\/es\/wp-json\/wp\/v2\/comments?post=311398"}],"version-history":[{"count":0,"href":"https:\/\/www.europesays.com\/es\/wp-json\/wp\/v2\/posts\/311398\/revisions"}],"wp:featuredmedia":[{"embeddable":true,"href":"https:\/\/www.europesays.com\/es\/wp-json\/wp\/v2\/media\/311399"}],"wp:attachment":[{"href":"https:\/\/www.europesays.com\/es\/wp-json\/wp\/v2\/media?parent=311398"}],"wp:term":[{"taxonomy":"category","embeddable":true,"href":"https:\/\/www.europesays.com\/es\/wp-json\/wp\/v2\/categories?post=311398"},{"taxonomy":"post_tag","embeddable":true,"href":"https:\/\/www.europesays.com\/es\/wp-json\/wp\/v2\/tags?post=311398"}],"curies":[{"name":"wp","href":"https:\/\/api.w.org\/{rel}","templated":true}]}}