{"id":311412,"date":"2025-12-28T11:14:11","date_gmt":"2025-12-28T11:14:11","guid":{"rendered":"https:\/\/www.europesays.com\/es\/311412\/"},"modified":"2025-12-28T11:14:11","modified_gmt":"2025-12-28T11:14:11","slug":"raquel-bollo-recuerda-lo-que-hicieron-terelu-campos-y-lydia-lozano-para-no-ir-contra-el-frente-fuerte-de-salvame","status":"publish","type":"post","link":"https:\/\/www.europesays.com\/es\/311412\/","title":{"rendered":"Raquel Bollo recuerda lo que hicieron Terelu Campos y Lydia Lozano para no ir contra el \u00abfrente fuerte\u00bb de &#8216;S\u00e1lvame&#8217;"},"content":{"rendered":"<p class=\"article-text\">\n        \u00bfExiste cierto temor a la familia Campos en los plat\u00f3s de televisi\u00f3n? La forma en la que<strong> Terelu Campos<\/strong>, <strong>Carmen Borrego<\/strong> y <strong>Alejandra Rubio<\/strong> se relacionan con sus compa\u00f1eros de los medios de comunicaci\u00f3n siempre ha generado mucho debate en los programas del coraz\u00f3n, y esto es precisamente lo que se abord\u00f3 ayer en <strong>Fiesta <\/strong>(Telecinco) con algunas de las personas que han tenido la suerte o la desgracia de trabajar con ellas.\n    <\/p>\n<p>    <a href=\"https:\/\/www.eldiario.es\/vertele\/noticias\/justicia-condena-telemadrid-indemnizar-130-000-euros-georgina-rodriguez-hermana_1_12871508.html\" data-mrf-recirculation=\"saber-mas\" data-dl-event=\"saber-mas\" rel=\"nofollow noopener\" target=\"_blank\"><\/p>\n<p class=\"know-more__title\">La Justicia condena a Telemadrid a indemnizar con 130.000 euros a Georgina Rodr\u00edguez y su hermana<\/p>\n<p>            <img decoding=\"async\" class=\"lazy\" loading=\"lazy\" data-src=\"https:\/\/static.eldiario.es\/clip\/53ba3331-af7a-458f-a417-0eb49bffd6e8_16-9-aspect-ratio_default_0.jpg\" src=\"data:image\/svg+xml,%3Csvg xmlns=\" http:=\"\" viewbox=\"0 0 880 495\" alt=\"La Justicia condena a Telemadrid a indemnizar con 130.000 euros a Georgina Rodr\u00edguez y su hermana\"\/><\/p>\n<p>                        <\/a><\/p>\n<p class=\"article-text\">\n        <strong>Raquel Bollo<\/strong> ten\u00eda bastantes cosas que contar al respecto. Coincidi\u00f3 con algunas de las Campos en <strong>S\u00e1lvame <\/strong>y fue ah\u00ed donde presenci\u00f3 que tanto <strong>Terelu Campos<\/strong> como<strong> Lydia Lozano<\/strong>, lejos de infundir temor a otros colaboradores, hicieron y dijeron cosas en contra de sus principios para no enfrentarse al <strong>\u201cfrente fuerte\u201d<\/strong> de S\u00e1lvame, es decir, a los tertulianos m\u00e1s combativos del magac\u00edn que presentaba <strong>Jorge Javier V\u00e1zquez<\/strong>.\n    <\/p>\n<p class=\"article-text\">\n        Aunque Bollo no quiso especificar qui\u00e9nes compon\u00edan ese \u201cfrente fuerte\u201d, se mostr\u00f3 convencida de que Lydia y Terelu, <strong>por \u201ctemor\u201d a estas personas<\/strong>, hicieron lo posible para no llevarles la contraria. Y lo tiene claro porque eso es algo que ellas le han acabado reconociendo con el paso del tiempo.\n    <\/p>\n<p class=\"article-text\">\n        \u201cAunque Lydia pensara que yo ten\u00eda raz\u00f3n, era incapaz de enfrentarse al &#8216;frente fuerte&#8217;. Entonces, se pon\u00eda del lado del fuerte y no del d\u00e9bil\u201d, explic\u00f3 este s\u00e1bado en Fiesta.\n    <\/p>\n<p>            <img decoding=\"async\" class=\"lazy\" loading=\"lazy\" data-src=\"https:\/\/static.eldiario.es\/clip\/7a6cf184-39fe-4569-813b-6c82e0f0aa0c_16-9-discover-aspect-ratio_default_0.jpg\" src=\"data:image\/svg+xml,%3Csvg xmlns=\" http:=\"\" viewbox=\"0 0 1200 675\" alt=\"Lydia Lozano y Terelu Campos se reencuentran en 'La familia de la tele'\"\/><\/p>\n<p class=\"article-text\">\n        De hecho, record\u00f3 que la periodista le dio la espalda en S\u00e1lvame y despu\u00e9s, en privado, le daba la raz\u00f3n: \u201cYo tuve una bronca brutal por un tema muy desafortunado en la \u00faltima \u00e9poca del programa en el que yo estaba. Lydia me &#8216;daba&#8217; en directo porque segu\u00eda la corriente de todos ellos por temor, pero luego me mandaba mensajes y me dec\u00eda: &#8216;Qu\u00e9 bien has estado. Has dicho lo que ten\u00edas que decir&#8217;. En directo era incapaz de pronunciar eso\u201d.\n    <\/p>\n<p class=\"article-text\">\n        Aunque a Raquel Bollo le \u201cdol\u00eda\u201d que Lydia Lozano <strong>\u2013a la que considera una \u201cbuena compa\u00f1era\u201d\u2013<\/strong> se sumara a la corriente del \u201cfrente fuerte\u201d, ese mensaje posterior le produjo cierto \u201calivio\u201d. \u201cPens\u00e9 que a ella tambi\u00e9n le atizaban por todos los lados\u201d.\n    <\/p>\n<p>            <img decoding=\"async\" class=\"lazy\" loading=\"lazy\" data-src=\"https:\/\/static.eldiario.es\/clip\/26cccf78-3110-48a9-b4b4-ac14013f1704_16-9-discover-aspect-ratio_default_0.jpg\" src=\"data:image\/svg+xml,%3Csvg xmlns=\" http:=\"\" viewbox=\"0 0 1200 675\" alt=\"Raquel Bollo en su tarde m\u00e1s bronca en 'S\u00e1lvame'\"\/><\/p>\n<p>    Terelu pidi\u00f3 \u201cdisculpas\u201d a Raquel Bollo por su comportamiento en &#8216;S\u00e1lvame&#8217;<\/p>\n<p class=\"article-text\">\n        Algo parecido le ocurri\u00f3 con Terelu Campos aquella pol\u00e9mica tarde en la que S\u00e1lvame intent\u00f3 poner contra las cuerdas a la sevillana. <strong>\u201cEse d\u00eda estuvo muy mal porque dirig\u00eda el programa y no par\u00f3 lo que ten\u00eda que haber parado\u201d<\/strong>, lamenta la tertuliana. Pero hace menos de un a\u00f1o, Terelu se puso en contacto con ella para pedirle \u201cdisculpas\u201d. Al parecer, estaba \u201cbastante dolida\u201d por haberse sumado \u201ca la corriente\u201d de quienes estaban colocando a Raquel Bollo en la diana. De hecho, Terelu cree que esa postura va \u201cen contra de los valores\u201d que Mar\u00eda Teresa Campos le inculc\u00f3 desde la ni\u00f1ez.\n    <\/p>\n<p>    <a href=\"https:\/\/www.eldiario.es\/vertele\/noticias\/telecinco-estrena-gran-hermano-duo-gh-concursantes-anita-williams_1_12872612.html\" data-mrf-recirculation=\"saber-mas-abajo\" data-dl-event=\"saber-mas-abajo\" rel=\"nofollow noopener\" target=\"_blank\"><\/p>\n<p class=\"know-more__title\">Telecinco promociona ya &#8216;GH D\u00fao 4&#8217; y anuncia a su primer concursante, una de las estrellas de las &#8216;Tentaciones&#8217;<\/p>\n<p>            <img decoding=\"async\" class=\"lazy\" loading=\"lazy\" data-src=\"https:\/\/static.eldiario.es\/clip\/41efa876-2644-49a4-b2b9-8e43050a1e18_16-9-aspect-ratio_default_0.jpg\" src=\"data:image\/svg+xml,%3Csvg xmlns=\" http:=\"\" viewbox=\"0 0 880 495\" alt=\"Telecinco promociona ya 'GH D\u00fao 4' y anuncia a su primer concursante, una de las estrellas de las 'Tentaciones'\"\/><\/p>\n<p>                        <\/a><\/p>\n<p class=\"article-text\">\n        Acto seguido, <strong>Kike Calleja<\/strong>, exreportero de S\u00e1lvame, destac\u00f3 que Carmen Borrego y Terelu Campos <strong>\u201cno son rencorosas\u201d<\/strong>, algo en lo que estuvieron de acuerdo sus compa\u00f1eros de Fiesta. Eso s\u00ed, <strong>Sa\u00fal Ortiz<\/strong> critic\u00f3 que las hermanas \u201chan jugado con el poder\u201d para evitar las cr\u00edticas: <strong>\u201cSi levantas un tel\u00e9fono y te quejas de un compa\u00f1ero, le buscas un problema\u201d<\/strong>.\n    <\/p>\n","protected":false},"excerpt":{"rendered":"\u00bfExiste cierto temor a la familia Campos en los plat\u00f3s de televisi\u00f3n? La forma en la que Terelu&hellip;\n","protected":false},"author":2,"featured_media":311413,"comment_status":"","ping_status":"","sticky":false,"template":"","format":"standard","meta":{"footnotes":""},"categories":[171],"tags":[73258,146,147,25,24,3419,5514,36265,14101,30591,689,11917,7197,25286,23,5522,214],"class_list":{"0":"post-311412","1":"post","2":"type-post","3":"status-publish","4":"format-standard","5":"has-post-thumbnail","7":"category-tv","8":"tag-bollo","9":"tag-entertainment","10":"tag-entretenimiento","11":"tag-es","12":"tag-espana","13":"tag-frente","14":"tag-fuerte","15":"tag-hicieron","16":"tag-lozano","17":"tag-lydia","18":"tag-no","19":"tag-raquel","20":"tag-recuerda","21":"tag-salvame","22":"tag-spain","23":"tag-terelu","24":"tag-tv"},"share_on_mastodon":{"url":"https:\/\/pubeurope.com\/@es\/115796906198257629","error":""},"_links":{"self":[{"href":"https:\/\/www.europesays.com\/es\/wp-json\/wp\/v2\/posts\/311412","targetHints":{"allow":["GET"]}}],"collection":[{"href":"https:\/\/www.europesays.com\/es\/wp-json\/wp\/v2\/posts"}],"about":[{"href":"https:\/\/www.europesays.com\/es\/wp-json\/wp\/v2\/types\/post"}],"author":[{"embeddable":true,"href":"https:\/\/www.europesays.com\/es\/wp-json\/wp\/v2\/users\/2"}],"replies":[{"embeddable":true,"href":"https:\/\/www.europesays.com\/es\/wp-json\/wp\/v2\/comments?post=311412"}],"version-history":[{"count":0,"href":"https:\/\/www.europesays.com\/es\/wp-json\/wp\/v2\/posts\/311412\/revisions"}],"wp:featuredmedia":[{"embeddable":true,"href":"https:\/\/www.europesays.com\/es\/wp-json\/wp\/v2\/media\/311413"}],"wp:attachment":[{"href":"https:\/\/www.europesays.com\/es\/wp-json\/wp\/v2\/media?parent=311412"}],"wp:term":[{"taxonomy":"category","embeddable":true,"href":"https:\/\/www.europesays.com\/es\/wp-json\/wp\/v2\/categories?post=311412"},{"taxonomy":"post_tag","embeddable":true,"href":"https:\/\/www.europesays.com\/es\/wp-json\/wp\/v2\/tags?post=311412"}],"curies":[{"name":"wp","href":"https:\/\/api.w.org\/{rel}","templated":true}]}}