{"id":311414,"date":"2025-12-28T11:15:16","date_gmt":"2025-12-28T11:15:16","guid":{"rendered":"https:\/\/www.europesays.com\/es\/311414\/"},"modified":"2025-12-28T11:15:16","modified_gmt":"2025-12-28T11:15:16","slug":"es-erroneo-pensar-que-el-k-pop-es-de-adolescentes","status":"publish","type":"post","link":"https:\/\/www.europesays.com\/es\/311414\/","title":{"rendered":"\u00abEs err\u00f3neo pensar que el K-pop es de adolescentes\u00bb"},"content":{"rendered":"<p><a class=\"v-mdl-ath__fig-a\" href=\"https:\/\/www.diariovasco.com\/autor\/elene-arandia-5754.html\" title=\"Elene Arandia\" rel=\"nofollow noopener\" target=\"_blank\"><br \/>\n<img decoding=\"async\" class=\"v-mdl-ath__img\" src=\"https:\/\/www.europesays.com\/es\/wp-content\/uploads\/2025\/10\/autor-5754-foto-17.jpeg\" alt=\"Elene Arandia\"\/><br \/>\n<\/a><\/p>\n<p class=\"v-mdl-ath__p v-mdl-ath__p--6\">\nDomingo, 28 de diciembre 2025, 00:03<\/p>\n<p class=\"v-p\">El K-pop, asociado a adolescentes y modas fugaces, a veces se filtra por caminos m\u00e1s discretos. Vestida de rojo y negro \u2014colores que remiten al imaginario del fandom ARMY\u2014, la donostiarra Monika Ba\u00f1ales, de 51 a\u00f1os, encarna una de las derivadas menos visibles del fen\u00f3meno: la de los adultos que llegaron al g\u00e9nero casi por accidente, y se quedaron por convicci\u00f3n. Lleva m\u00e1s de 900 d\u00edas estudiando coreano en Duolingo y su testimonio desmonta una idea muy extendida: que es un fen\u00f3meno generacional y ef\u00edmero, y revela hasta qu\u00e9 punto esta industria global tambi\u00e9n construye fidelidades \u00edntimas y duraderas.<\/p>\n<p class=\"v-p\"><strong>\u2013\u00bfC\u00f3mo descubri\u00f3 el K-pop?<\/strong><\/p>\n<p class=\"v-p\">\u2013Fue en pandemia, y de rebote. Empezamos a ver una serie de anime en casa y me aficion\u00e9. Vi varias series del g\u00e9nero y de ah\u00ed pas\u00e9 a las series coreanas que hab\u00eda en Netflix. Despu\u00e9s me recomendaron una plataforma de series en internet donde empec\u00e9 a ver series coreanas, chinas, tailandesas&#8230; O sea, sigo en fase asi\u00e1tica, porque todas las series que veo son del estilo: familiares, tem\u00e1ticas romanticonas, de miedo\u2026 Creo que fue a trav\u00e9s de TikTok o Instagram, alguien me dijo que segu\u00eda al grupo BTS. Dije, \u00bfqui\u00e9nes ser\u00e1n estos?<\/p>\n<p class=\"v-p\"><strong>\u2013\u00bfQu\u00e9 fue lo que realmente le enganch\u00f3 al g\u00e9nero?<\/strong><\/p>\n<p class=\"v-p\">\u2013Empec\u00e9 a ver clips peque\u00f1itos en TikTok y pens\u00e9: qu\u00e9 chicos m\u00e1s majos. Vi ensayos, coreograf\u00edas\u2026 Me gustaban las cosas que dec\u00edan en las entrevistas. Pens\u00e9 lo bien trabajados que est\u00e1n los videoclips, la sincronizaci\u00f3n que tienen al bailar y cantar en directo, lo dif\u00edcil que es. Son unos artistazos. Luego, por TikTok, me entr\u00f3 el &#8216;Efecto F\u00e9lix&#8217;, de Stray Kids. F\u00e9lix es un chico con cara de \u00e1ngel y voz grave. El contraste te impacta. Mucha gente entra a Stray Kids por \u00e9l. Y as\u00ed conoc\u00ed al l\u00edder, Bang Chan, que ahora es mi favorito. Tanto F\u00e9lix como Bang Chan son australianos. Al hablar ingl\u00e9s, igual que el l\u00edder de BTS, pod\u00eda entenderles mejor.<\/p>\n<p class=\"v-p\"><strong>\u2013Est\u00e1 aprendiendo coreano\u2026<\/strong><\/p>\n<p class=\"v-p\">\u2013Alguien me habl\u00f3 de Duolingo y me met\u00ed a aprender coreano, aunque sea un poco, para entender o cantar algo. Uno de mis objetivos es viajar a Corea del Sur en alg\u00fan momento. Llevo m\u00e1s de 900 d\u00edas de clase, pero desde hace un a\u00f1o tengo clase con una profesora particular en Donostia, una chica coreana.<\/p>\n<p><img decoding=\"async\" loading=\"lazy\" src=\"https:\/\/www.europesays.com\/es\/wp-content\/uploads\/2025\/12\/monika-banales-dos.jpg\" class=\"v-a-img\" width=\"624\" height=\"385\" alt=\"\" data-voc-vtm-id=\"in-text-traffic\"\/><\/p>\n<p><img loading=\"lazy\" decoding=\"async\" src=\"https:\/\/www.europesays.com\/es\/wp-content\/uploads\/2025\/12\/monika-banales-dos.jpg\" class=\"v-mdl__img-z\" width=\"624\" height=\"385\" alt=\"\"\/><\/p>\n<p class=\"v-p\"><strong>\u2013\u00bfQu\u00e9 lugar ocupa en su d\u00eda a d\u00eda?<\/strong><\/p>\n<p class=\"v-p\">\u2013Cuando escucho m\u00fasica, generalmente escucho K-pop, aunque tambi\u00e9n un poco de todo. Sigo grupos del g\u00e9nero, algo de pop tailand\u00e9s. Y hago mis cinco o diez minutos de Duolingo diarios.<\/p>\n<p class=\"v-p\"><strong>\u2013\u00bfQu\u00e9 reacciones ha recibido al decir que te gusta el K-pop siendo adulta?<\/strong><\/p>\n<p class=\"v-p\">\u2013Piensan que estoy loca. Soy la friki, la rara. Siempre me dicen: \u00abYa est\u00e1s con tus chinos\u00bb. Y yo respondo: \u00abSon coreanos\u00bb. Pero les da igual. Antes llevaba fotos de los miembros de los grupos colgando del m\u00f3vil, y en Argentina una ni\u00f1a me pregunt\u00f3 si me gustaba Stray Kids. En Barcelona tambi\u00e9n me reconocieron los &#8216;bias&#8217;.<\/p>\n<p class=\"v-p\"><strong>\u2013Sin embargo, en conciertos se ha encontrado con gente adulta&#8230;<\/strong><\/p>\n<p class=\"v-p\">\u2013Much\u00edsima. Es un concepto err\u00f3neo pensar que el K-pop es de adolescentes. He conocido gente de 20, 30, 40, 50\u2026 Chicos hay menos, pero como en casi todo.<\/p>\n<p class=\"v-p\"><strong>\u2013\u00bfQu\u00e9 le llama m\u00e1s: la m\u00fasica, la performance, la est\u00e9tica o la narrativa detr\u00e1s de cada grupo?<\/strong><\/p>\n<p class=\"v-p\">\u2013Claramente, la narrativa. Por ejemplo, Stray Kids en &#8216;Social Path&#8217; habla de salud mental. Las letras suelen tener mensajes de superaci\u00f3n: \u00abNo rendirse\u00bb, \u00ab\u00e1mate a ti mismo\u00bb, etc. BTS incluso habl\u00f3 en Naciones Unidas. Me gusta el trasfondo y que muchos hacen cosas solidarias. Tambi\u00e9n c\u00f3mo bailan y cantan. Son artistas muy completos. En los conciertos a veces ponen al p\u00fablico a bailar y yo solo pienso \u00abque no me enfoquen\u00bb, porque aunque me encanta bailar, es dificil\u00edsimo.<\/p>\n<p class=\"v-p\"><strong>\u2013\u00bfC\u00f3mo es el fandom?<\/strong><\/p>\n<p class=\"v-p\">\u2013Cada grupo tiene el suyo. Sigo a tres: BTS, su fandom es ARMY; Stray Kids con Stay; ATEEZ, con Atiny, y la banda de pop-rock The Rose, con el fandom Black Roses.<\/p>\n<p class=\"v-p\"><strong>\u2013\u00bfA qu\u00e9 grupo le gustar\u00eda ver en concierto pr\u00f3ximamente?<\/strong><\/p>\n<p class=\"v-p\">\u2013En 2026 tengo que ver s\u00ed o s\u00ed a BTS. No les he visto nunca y fueron los primeros que segu\u00ed. Se rumorea que vendr\u00e1n a Barcelona o Madrid.<\/p>\n<p>Reporta un error<\/p>\n<p class=\"v-crt__t\"> L\u00edmite de sesiones alcanzadas<\/p>\n<p class=\"v-crt__p\">El acceso al contenido Premium est\u00e1 abierto por cortes\u00eda del establecimiento donde te encuentras, pero ahora mismo hay demasiados usuarios conectados a las vez.<\/p>\n<p class=\"v-crt__p\">Por favor, int\u00e9ntalo pasados unos minutos.<\/p>\n<p>\nVolver a intentar\n<\/p>\n<p class=\"v-crt__t\">Sesi\u00f3n cerrada<\/p>\n<p class=\"v-crt__p\">Al iniciar sesi\u00f3n desde un dispositivo distinto, por seguridad, se cerr\u00f3 la \u00faltima sesi\u00f3n en este.<\/p>\n<p class=\"v-crt__p\">Para continuar disfrutando de su suscripci\u00f3n digital, inicie sesi\u00f3n en este dispositivo.<\/p>\n<p>\nEste contenido es exclusivo para suscriptores\n<\/p>\n<p class=\"text\">\u00bfTienes una suscripci\u00f3n? <a href=\"https:\/\/secure.diariovasco.com\/identidad\/inicio#vca=suscribete&amp;vso=diariovasco&amp;vmc=on&amp;vli=cdn-ce-link-login\" class=\"login\" data-voc-vtm-id=\"comienzoSuscripcionON\" data-voc-vtm-info=\"cdn-ce-link-login\" rel=\"nofollow noopener\" target=\"_blank\">Inicia sesi\u00f3n<\/a><\/p>\n","protected":false},"excerpt":{"rendered":"Domingo, 28 de diciembre 2025, 00:03 El K-pop, asociado a adolescentes y modas fugaces, a veces se filtra&hellip;\n","protected":false},"author":2,"featured_media":311415,"comment_status":"","ping_status":"","sticky":false,"template":"","format":"standard","meta":{"footnotes":""},"categories":[170],"tags":[3194,146,147,73259,25,24,194,184,185,30311,23],"class_list":{"0":"post-311414","1":"post","2":"type-post","3":"status-publish","4":"format-standard","5":"has-post-thumbnail","7":"category-musica","8":"tag-adolescentes","9":"tag-entertainment","10":"tag-entretenimiento","11":"tag-erroneo","12":"tag-es","13":"tag-espana","14":"tag-kpop","15":"tag-music","16":"tag-musica","17":"tag-pensar","18":"tag-spain"},"share_on_mastodon":{"url":"https:\/\/pubeurope.com\/@es\/115796911016805048","error":""},"_links":{"self":[{"href":"https:\/\/www.europesays.com\/es\/wp-json\/wp\/v2\/posts\/311414","targetHints":{"allow":["GET"]}}],"collection":[{"href":"https:\/\/www.europesays.com\/es\/wp-json\/wp\/v2\/posts"}],"about":[{"href":"https:\/\/www.europesays.com\/es\/wp-json\/wp\/v2\/types\/post"}],"author":[{"embeddable":true,"href":"https:\/\/www.europesays.com\/es\/wp-json\/wp\/v2\/users\/2"}],"replies":[{"embeddable":true,"href":"https:\/\/www.europesays.com\/es\/wp-json\/wp\/v2\/comments?post=311414"}],"version-history":[{"count":0,"href":"https:\/\/www.europesays.com\/es\/wp-json\/wp\/v2\/posts\/311414\/revisions"}],"wp:featuredmedia":[{"embeddable":true,"href":"https:\/\/www.europesays.com\/es\/wp-json\/wp\/v2\/media\/311415"}],"wp:attachment":[{"href":"https:\/\/www.europesays.com\/es\/wp-json\/wp\/v2\/media?parent=311414"}],"wp:term":[{"taxonomy":"category","embeddable":true,"href":"https:\/\/www.europesays.com\/es\/wp-json\/wp\/v2\/categories?post=311414"},{"taxonomy":"post_tag","embeddable":true,"href":"https:\/\/www.europesays.com\/es\/wp-json\/wp\/v2\/tags?post=311414"}],"curies":[{"name":"wp","href":"https:\/\/api.w.org\/{rel}","templated":true}]}}