{"id":311431,"date":"2025-12-28T11:24:20","date_gmt":"2025-12-28T11:24:20","guid":{"rendered":"https:\/\/www.europesays.com\/es\/311431\/"},"modified":"2025-12-28T11:24:20","modified_gmt":"2025-12-28T11:24:20","slug":"la-aemet-activa-la-alerta-roja-en-malaga-por-lluvias-y-tormentas-por-el-temporal","status":"publish","type":"post","link":"https:\/\/www.europesays.com\/es\/311431\/","title":{"rendered":"La Aemet activa la alerta roja en M\u00e1laga por lluvias y tormentas por el temporal"},"content":{"rendered":"<p class=\"article-text\">\n        La Agencia Estatal de Meteorolog\u00eda (Aemet) ha elevado a alerta roja el aviso por temporal en M\u00e1laga. La previsi\u00f3n es de lluvias intensas, tormentas y fen\u00f3menos costeros en las comarcas del Guadalhorce y en la Costa del Sol.\n    <\/p>\n<p class=\"article-text\">\n        Adem\u00e1s, el sistema de env\u00edo de avisos masivos &#8216;EsAlert&#8217;, m\u00e1s conocido como 112 inverso, ha sido activado este s\u00e1bado en la provincia de M\u00e1laga en las zonas con aviso rojo por lluvias.\n    <\/p>\n<p class=\"article-text\">\n        \u201cMandamos &#8216;EsAlert&#8217; a 27 municipios de la Costa del Sol y Guadalhorce en M\u00e1laga con aviso rojo de Aemet con lluvias\u201d, ha tuiteado Juanma Moreno, presidente de la Junta de Andaluc\u00eda. Moreno recuerda en su post que es necesario evitar deplazamientos innecesarios, evitar cruzar zonas inundables, subir a la parte m\u00e1s alta de las casa en caso de inundaci\u00f3n o extremar la precauci\u00f3n.\n    <\/p>\n<blockquote class=\"twitter-tweet\" data-lang=\"es\"><p><a href=\"https:\/\/twitter.com\/X\/status\/2005015757047144495?ref_src=twsrc%5Etfw\" rel=\"nofollow noopener\" target=\"_blank\"><\/p><\/blockquote>\n<p class=\"article-text\">\n        La Aemet ha elevado a rojo el aviso por precipitaciones para la noche de este s\u00e1bado y este domingo, 28 de diciembre, hasta las 03.59 horas, y mantiene el aviso amarillo hasta las 09.59 horas, en las zonas Sol y Guadalhorce.\n    <\/p>\n<p class=\"article-text\">\n        Cabe recordar que el servicio Emergencias 112 Andaluc\u00eda ha atendido a lo largo de la jornada casi 70 incidencias relacionadas con las lluvias ca\u00eddas a lo largo del d\u00eda en toda la comunidad, siendo la provincia de M\u00e1laga la m\u00e1s afectada por las precipitaciones, \u201caunque sin que se hayan registrado da\u00f1os personales ni materiales de importancia\u201d.\n    <\/p>\n<p class=\"article-text\">\n        Muchos de estos avisos obedec\u00edan a ca\u00eddas de elementos \u2013vallas, se\u00f1ales de tr\u00e1fico, poste de telefon\u00eda, farolas, ramas, alumbrado navide\u00f1o, toldos, elementos de fachada y similares, ca\u00eddos o a punto de caer\u2013; anegaciones en garajes y viviendas y accidentes de circulaci\u00f3n sin heridos.\n    <\/p>\n<p>                                <script async src=\"https:\/\/platform.twitter.com\/widgets.js\" charset=\"utf-8\"><\/script><\/p>\n","protected":false},"excerpt":{"rendered":"La Agencia Estatal de Meteorolog\u00eda (Aemet) ha elevado a alerta roja el aviso por temporal en M\u00e1laga. La&hellip;\n","protected":false},"author":2,"featured_media":311432,"comment_status":"","ping_status":"","sticky":false,"template":"","format":"standard","meta":{"footnotes":""},"categories":[5],"tags":[1705,259,17,18,2760,3854,25,24,13,14,494,11,1667,19,20,3855,9,10,15,16,1925,1171,23,12,21,22],"class_list":{"0":"post-311431","1":"post","2":"type-post","3":"status-publish","4":"format-standard","5":"has-post-thumbnail","7":"category-titulares","8":"tag-analisis","9":"tag-andalucia","10":"tag-breaking-news","11":"tag-breakingnews","12":"tag-cordoba","13":"tag-eldiario-es","14":"tag-es","15":"tag-espana","16":"tag-featured-news","17":"tag-featurednews","18":"tag-granada","19":"tag-headlines","20":"tag-informacion","21":"tag-latest-news","22":"tag-latestnews","23":"tag-malaga","24":"tag-news","25":"tag-noticias","26":"tag-noticias-destacadas","27":"tag-noticiasdestacadas","28":"tag-opinion","29":"tag-sevilla","30":"tag-spain","31":"tag-titulares","32":"tag-ultimas-noticias","33":"tag-ultimasnoticias"},"share_on_mastodon":{"url":"https:\/\/pubeurope.com\/@es\/115796945342446833","error":""},"_links":{"self":[{"href":"https:\/\/www.europesays.com\/es\/wp-json\/wp\/v2\/posts\/311431","targetHints":{"allow":["GET"]}}],"collection":[{"href":"https:\/\/www.europesays.com\/es\/wp-json\/wp\/v2\/posts"}],"about":[{"href":"https:\/\/www.europesays.com\/es\/wp-json\/wp\/v2\/types\/post"}],"author":[{"embeddable":true,"href":"https:\/\/www.europesays.com\/es\/wp-json\/wp\/v2\/users\/2"}],"replies":[{"embeddable":true,"href":"https:\/\/www.europesays.com\/es\/wp-json\/wp\/v2\/comments?post=311431"}],"version-history":[{"count":0,"href":"https:\/\/www.europesays.com\/es\/wp-json\/wp\/v2\/posts\/311431\/revisions"}],"wp:featuredmedia":[{"embeddable":true,"href":"https:\/\/www.europesays.com\/es\/wp-json\/wp\/v2\/media\/311432"}],"wp:attachment":[{"href":"https:\/\/www.europesays.com\/es\/wp-json\/wp\/v2\/media?parent=311431"}],"wp:term":[{"taxonomy":"category","embeddable":true,"href":"https:\/\/www.europesays.com\/es\/wp-json\/wp\/v2\/categories?post=311431"},{"taxonomy":"post_tag","embeddable":true,"href":"https:\/\/www.europesays.com\/es\/wp-json\/wp\/v2\/tags?post=311431"}],"curies":[{"name":"wp","href":"https:\/\/api.w.org\/{rel}","templated":true}]}}