{"id":311442,"date":"2025-12-28T11:37:14","date_gmt":"2025-12-28T11:37:14","guid":{"rendered":"https:\/\/www.europesays.com\/es\/311442\/"},"modified":"2025-12-28T11:37:14","modified_gmt":"2025-12-28T11:37:14","slug":"con-la-fotografia-siento-que-he-encontrado-mi-voz","status":"publish","type":"post","link":"https:\/\/www.europesays.com\/es\/311442\/","title":{"rendered":"\u00abCon la fotograf\u00eda, siento que he encontrado mi voz\u00bb"},"content":{"rendered":"<p><a class=\"v-mdl-ath__fig-a\" href=\"https:\/\/www.lagacetadesalamanca.es\/autor\/manuel-barroso-7440.html\" title=\"Manuel Barroso\" rel=\"nofollow noopener\" target=\"_blank\"><br \/>\n<img decoding=\"async\" class=\"v-mdl-ath__img\" src=\"https:\/\/www.europesays.com\/es\/wp-content\/uploads\/2025\/12\/autor-7440-foto-1.jpeg\" alt=\"Manuel Barroso\"\/><br \/>\n<\/a><\/p>\n<p class=\"v-mdl-ath__p v-mdl-ath__p--6\">\nDomingo, 28 de diciembre 2025, 11:04<\/p>\n<p class=\"v-p\">El salmantino <strong>Mario Cea lleva<\/strong> media vida bajo dos luces distintas: las de los escenarios, intensas y el\u00e9ctricas, y las de la naturaleza, suaves y pacientes. Guitarrista de largo recorrido y fot\u00f3grafo de prestigio internacional, Cea acaba de sumar un nuevo hito a su trayectoria al ser seleccionado para representar a <strong>Espa\u00f1a<\/strong> en la <strong>World Photography Cup 2025<\/strong>, uno de los cert\u00e1menes m\u00e1s importantes del mundo. Lo har\u00e1 dentro del equipo nacional, en la categor\u00eda de <strong>&#8216;Vida Salvaje&#8217;<\/strong>, junto a referentes de la fotograf\u00eda como <strong>Marina Cano<\/strong> y <strong>Ruth Casanellas<\/strong>.<\/p>\n<p class=\"v-p\">Lo curioso es que, en esta ocasi\u00f3n, \u00e9l no present\u00f3 su trabajo a concurso. Fue la <strong>Federaci\u00f3n Espa\u00f1ola de Profesionales de la Fotograf\u00eda y de la Imagen (FEPFI)<\/strong> quien llam\u00f3 directamente a su puerta. \u00abCuando me contactaron me qued\u00e9 descolocado\u00bb, reconoce. \u00abHe concursado toda mi vida, pero esta vez no fui yo quien envi\u00f3 las fotos. Han sido ellos quienes han venido a buscar mi trabajo, y eso emociona de una manera diferente\u00bb.<\/p>\n<p class=\"v-p\">Cea creci\u00f3 entre guitarras y prism\u00e1ticos. Su padre tocaba en rondallas, su hermano mayor llenaba la casa de vinilos imposibles de conseguir en Salamanca y \u00e9l se colaba en cuanto local de ensayo pod\u00eda para probar guitarras, bater\u00edas y teclados. Sin embargo, al mismo tiempo, recorr\u00eda los parajes de la provincia con unos prism\u00e1ticos colgados del cuello, observando aves y peque\u00f1os animales con una fascinaci\u00f3n infantil que nunca lo abandon\u00f3.<\/p>\n<p class=\"v-p\">\u00abEmpec\u00e9 como naturalista, mucho antes que como m\u00fasico o fot\u00f3grafo\u00bb, recuerda. \u00abEl campo fue mi primera escuela\u00bb.<\/p>\n<p class=\"v-p\">La m\u00fasica se abri\u00f3 paso profesionalmente cuando, tras varios proyectos personales, recibi\u00f3 la llamada del guitarrista <strong>Juan Carlos Jim\u00e9nez<\/strong>. Sustituy\u00e9ndolo, Cea entr\u00f3 a formar parte de la banda de <strong>La Uni\u00f3n<\/strong>, donde contin\u00faa desde hace m\u00e1s de 25 a\u00f1os junto a <strong>Rafa S\u00e1nchez<\/strong>, recorriendo escenarios de toda Espa\u00f1a y parte del extranjero.<\/p>\n<p class=\"v-p\">Pero, mientras el mundo de la m\u00fasica lo llev\u00f3 a trabajar para otros, la fotograf\u00eda se convirti\u00f3 en su espacio m\u00e1s \u00edntimo, m\u00e1s aut\u00e9ntico. \u00abEn la m\u00fasica interpreto canciones que no son m\u00edas. En la fotograf\u00eda, todo nace de m\u00ed: si no estoy yo haciendo esa foto, nadie puede hacerla en mi lugar\u00bb.<\/p>\n<p class=\"v-p\">La imagen con la que representar\u00e1 a Espa\u00f1a es un mart\u00edn pescador en pleno vuelo, captado mediante una t\u00e9cnica compleja que combina luz continua y un \u00fanico destello de flash. El resultado es una estela luminosa que retrata el movimiento del ave antes de ser congelada en el instante final. Una fotograf\u00eda que requiere c\u00e1lculo, paciencia y un profundo conocimiento del comportamiento animal. \u00abEse p\u00e1jaro es pura velocidad\u00bb, explica con una mezcla de orgullo y prudencia. \u00abTodo sucede en mil\u00e9simas. La luz continua dibuja la trayectoria y el flash, disparado a la segunda cortinilla, congela ese milisegundo m\u00e1gico\u00bb.<\/p>\n<p class=\"v-p\">Es una imagen que resume a la perfecci\u00f3n la filosof\u00eda de su obra: t\u00e9cnica rigurosa, sensibilidad naturalista y una b\u00fasqueda constante de escenas que ocurren demasiado r\u00e1pido como para ser percibidas por el ojo humano.<\/p>\n<p class=\"v-p\">Para Cea, la convivencia entre los conciertos multitudinarios y la soledad de un escondite en mitad del campo no es una contradicci\u00f3n: es un refugio. \u00abSalir a fotografiar despu\u00e9s de una gira es terap\u00e9utico\u00bb, confiesa. \u00abLa naturaleza es una v\u00e1lvula de escape. Tras tanta gente, tanta intensidad, necesitas volver a ti mismo\u00bb.<\/p>\n<p class=\"v-p\">Quiz\u00e1 por eso su discurso es humilde, casi t\u00edmido, cuando habla de su propio talento musical. Asegura que en los escenarios es \u00abuno m\u00e1s\u00bb, un profesional que cumple su papel en la maquinaria de un grupo m\u00edtico del pop espa\u00f1ol. Sin embargo, cuando habla de fotograf\u00eda, aparece una luz distinta. Una certeza. \u00abEn la fotograf\u00eda s\u00ed siento que he encontrado mi voz\u00bb, admite. \u00abEs mi espacio creativo. Mi forma de contar el mundo\u00bb.<\/p>\n<p class=\"v-p\">Al preguntarle por sus mayores desaf\u00edos, no duda: \u00abMantenerse\u00bb. Llegar puede ser cuesti\u00f3n de un golpe de suerte; permanecer durante d\u00e9cadas es otra cosa. \u00abLo dif\u00edcil es seguir creciendo, seguir form\u00e1ndote, seguir teniendo ilusi\u00f3n. Si te abandonas o lo pones en pausa, las oportunidades dejan de aparecer\u00bb.<\/p>\n<p class=\"v-p\">Por eso no se aventura a imaginar d\u00f3nde estar\u00e1 dentro de diez a\u00f1os. No lo necesita. \u00abEstoy satisfecho con lo que he hecho. Y si llegan m\u00e1s cosas, bienvenidas sean. Hace un a\u00f1o, nadie me hubiera dicho que estar\u00eda en el equipo espa\u00f1ol de una competici\u00f3n mundial\u00bb.<\/p>\n<p class=\"v-p\">Un artista completo que sigue mirando hacia adelante.<\/p>\n<p class=\"v-p\">Hoy, Mario Cea contin\u00faa de gira con Rafa S\u00e1nchez y sigue detr\u00e1s de la c\u00e1mara para lograr esa foto \u00fanica que la naturaleza le brinde.<\/p>\n<p>Reporta un error<\/p>\n","protected":false},"excerpt":{"rendered":"Domingo, 28 de diciembre 2025, 11:04 El salmantino Mario Cea lleva media vida bajo dos luces distintas: las&hellip;\n","protected":false},"author":2,"featured_media":311443,"comment_status":"","ping_status":"","sticky":false,"template":"","format":"standard","meta":{"footnotes":""},"categories":[173],"tags":[229,233,231,230,232,234,37848,146,147,25,24,244,8019,23,1447],"class_list":{"0":"post-311442","1":"post","2":"type-post","3":"status-publish","4":"format-standard","5":"has-post-thumbnail","7":"category-arte-y-diseno","8":"tag-arte","9":"tag-arte-y-diseno","10":"tag-arts","11":"tag-arts-and-design","12":"tag-design","13":"tag-diseno","14":"tag-encontrado","15":"tag-entertainment","16":"tag-entretenimiento","17":"tag-es","18":"tag-espana","19":"tag-fotografia","20":"tag-siento","21":"tag-spain","22":"tag-voz"},"share_on_mastodon":{"url":"https:\/\/pubeurope.com\/@es\/115796996753035446","error":""},"_links":{"self":[{"href":"https:\/\/www.europesays.com\/es\/wp-json\/wp\/v2\/posts\/311442","targetHints":{"allow":["GET"]}}],"collection":[{"href":"https:\/\/www.europesays.com\/es\/wp-json\/wp\/v2\/posts"}],"about":[{"href":"https:\/\/www.europesays.com\/es\/wp-json\/wp\/v2\/types\/post"}],"author":[{"embeddable":true,"href":"https:\/\/www.europesays.com\/es\/wp-json\/wp\/v2\/users\/2"}],"replies":[{"embeddable":true,"href":"https:\/\/www.europesays.com\/es\/wp-json\/wp\/v2\/comments?post=311442"}],"version-history":[{"count":0,"href":"https:\/\/www.europesays.com\/es\/wp-json\/wp\/v2\/posts\/311442\/revisions"}],"wp:featuredmedia":[{"embeddable":true,"href":"https:\/\/www.europesays.com\/es\/wp-json\/wp\/v2\/media\/311443"}],"wp:attachment":[{"href":"https:\/\/www.europesays.com\/es\/wp-json\/wp\/v2\/media?parent=311442"}],"wp:term":[{"taxonomy":"category","embeddable":true,"href":"https:\/\/www.europesays.com\/es\/wp-json\/wp\/v2\/categories?post=311442"},{"taxonomy":"post_tag","embeddable":true,"href":"https:\/\/www.europesays.com\/es\/wp-json\/wp\/v2\/tags?post=311442"}],"curies":[{"name":"wp","href":"https:\/\/api.w.org\/{rel}","templated":true}]}}