{"id":311446,"date":"2025-12-28T11:40:21","date_gmt":"2025-12-28T11:40:21","guid":{"rendered":"https:\/\/www.europesays.com\/es\/311446\/"},"modified":"2025-12-28T11:40:21","modified_gmt":"2025-12-28T11:40:21","slug":"reabre-la-casa-de-les-radios-de-bimenes-gracias-a-un-nuevo-proyecto-cultural","status":"publish","type":"post","link":"https:\/\/www.europesays.com\/es\/311446\/","title":{"rendered":"Reabre la Casa de Les Radios de Bimenes gracias a un nuevo proyecto cultural"},"content":{"rendered":"<p>La <strong>Casa de les Radios<\/strong>, en la parroquia de Suares, en <a href=\"https:\/\/www.elcomercio.es\/temas\/lugares\/bimenes.html\" target=\"_self\" title=\"Noticias de Bimenes\" data-voc-vtm-id=\"in-text-traffic\" data-mrf-link=\"www.elcomercio.es\" rel=\"nofollow noopener\">Bimenes<\/a>, afronta un nuevo horizonte cultural gracias a un innovador proyecto musical  &#8230; y art\u00edstico. El centro reabre sus puertas gracias a la colaboraci\u00f3n del Ayuntamiento con el laboratorio esc\u00e9nico <strong>La Xata La Rifa<\/strong>, el cual desarrollar\u00e1 diferentes actividades en el inmueble, tanto para atraer a la ciudadan\u00eda del concejo como del resto de Asturias: \u00abUn lugar para que se mueva gente e implicar a los vecinos\u00bb, explic\u00f3 M\u00f3nica Cofi\u00f1o, directora art\u00edstica e impulsora del proyecto XtraRadio, la iniciativa que ha renovado el centro.<\/p>\n<p class=\"v-p\">Gracias a este proyecto se acercar\u00e1 el arte a la zona rural y el centro se incluir\u00e1 en la programaci\u00f3n de actividades que ya maneja la entidad, \u00abcomo un proyecto de radio, convocatorias para grabar p\u00f3dcast, diferentes ensayos, formaciones, residencias art\u00edsticas, crear una plataforma musical digital, talleres, encuentros, espect\u00e1culos y dem\u00e1s\u00bb, detall\u00f3 Cofi\u00f1o durante la reinauguraci\u00f3n del inmueble.<\/p>\n<p class=\"v-p\">Gracias a XtraRadio, a\u00f1adi\u00f3 el alcalde de Bimenes, Aitor Garc\u00eda, \u00abno solo se dinamizar\u00e1 culturalmente el concejo, sino el resto de la comarca de la Sidra\u00bb, d\u00e1ndole una nueva vida al inmueble sin olvidar su pasado como museo.<\/p>\n<p class=\"v-p\">La <a href=\"https:\/\/www.elcomercio.es\/asturias\/siero-centro\/201604\/05\/bimenes-recupera-frecuencia-20160405161720.html\" target=\"_self\" title=\"Bimenes recupera la frecuencia\" data-voc-vtm-id=\"in-text-traffic\" data-mrf-link=\"www.elcomercio.es\" rel=\"nofollow noopener\">Casa de les Radios<\/a> es un edificio que se inaugur\u00f3 en 2007. \u00abSe construy\u00f3 gracias a fondos mineros\u00bb, pero no lleg\u00f3 a tener el tir\u00f3n deseado y \u00abel Ayuntamiento no dispon\u00eda del personal suficiente para mantenerlo abierto\u00bb, dijo el alcalde, por lo que solo se ense\u00f1aba para visitas puntuales, contando con la colaboraci\u00f3n de la Asociaci\u00f3n de Vecinos de Suares.<\/p>\n<p class=\"v-p\">El laboratorio \u00abllevaba meses buscando qu\u00e9 hacer en el concejo\u00bb, un lugar donde desarrollar su proyecto, as\u00ed que \u00abse propuso explorar una nueva f\u00f3rmula para usar este espacio\u00bb, dijo el alcalde. Cuando se lleg\u00f3 a un acuerdo, el centro se reabri\u00f3 para adaptarlo a estos nuevos usos; sin obra, solo se reubic\u00f3 la exposici\u00f3n y \u00abse cre\u00f3 un espacio di\u00e1fano para poder realizar las actividades\u00bb.<\/p>\n<p class=\"v-p\">Lo positivo de este nuevo proyecto, a\u00f1adi\u00f3, es que \u00abse va a autofinanciar gracias a algunas de las actividades, por lo que se amortiguar\u00e1 el gasto del edificio\u00bb. Sin embargo, lament\u00f3, \u00abno tenemos recursos suficientes para conservar parte de la exposici\u00f3n que est\u00e1 guardada en el almac\u00e9n, y hay aparatos que ya se est\u00e1n deteriorando\u00bb, por lo que pidi\u00f3 ayuda al Principado.<\/p>\n<p>Doble colecci\u00f3n<\/p>\n<p class=\"v-p\">El centro alberga dos colecciones de museo. Por un lado, est\u00e1 la muestra de 340 piezas formada por gram\u00f3fonos, gramolas, radios, discos, micr\u00f3fonos y dem\u00e1s. Son propiedad del Ayuntamiento de Oviedo y se cedieron al centro para su exposici\u00f3n. A esa colecci\u00f3n se le suma la que trabaj\u00f3 la asociaci\u00f3n de vecinos local: una muestra de 144 piezas gracias a la compra a coleccionistas en rastros y mercadillos.<\/p>\n<p class=\"v-p\">\u00abLa Casa de les Radios naci\u00f3 gracias a la iniciativa de un vecino de la parroquia; ten\u00eda una colecci\u00f3n que no lleg\u00f3 a entrar cuando por fin se tuvo un edificio. As\u00ed que fuimos nosotros los que buscamos y encontramos radios para el museo, hasta contratamos t\u00e9cnicos para catalogar las piezas. Luego, Oviedo don\u00f3 todo lo dem\u00e1s\u00bb, record\u00f3 Soraya Montes, secretaria de la asociaci\u00f3n.<\/p>\n<p class=\"v-p\">La directiva y varios miembros m\u00e1s acudieron este s\u00e1bado a la fiesta de reapertura del centro de Suares, contentos de que \u00abconvivan\u00bb las colecciones con los nuevos usos del inmueble. \u00abUn edificio parado no suma, resta; esto no solo repercute a la parroquia, sino al resto de Bimenes\u00bb, a\u00f1adi\u00f3 Montes..<\/p>\n","protected":false},"excerpt":{"rendered":"La Casa de les Radios, en la parroquia de Suares, en Bimenes, afronta un nuevo horizonte cultural gracias&hellip;\n","protected":false},"author":2,"featured_media":311447,"comment_status":"","ping_status":"","sticky":false,"template":"","format":"standard","meta":{"footnotes":""},"categories":[170],"tags":[73263,385,8332,146,147,25,24,2837,184,185,524,5568,73262,18936,23],"class_list":{"0":"post-311446","1":"post","2":"type-post","3":"status-publish","4":"format-standard","5":"has-post-thumbnail","7":"category-musica","8":"tag-bimenes","9":"tag-casa","10":"tag-cultural","11":"tag-entertainment","12":"tag-entretenimiento","13":"tag-es","14":"tag-espana","15":"tag-gracias","16":"tag-music","17":"tag-musica","18":"tag-nuevo","19":"tag-proyecto","20":"tag-radios","21":"tag-reabre","22":"tag-spain"},"share_on_mastodon":{"url":"https:\/\/pubeurope.com\/@es\/115797008385838317","error":""},"_links":{"self":[{"href":"https:\/\/www.europesays.com\/es\/wp-json\/wp\/v2\/posts\/311446","targetHints":{"allow":["GET"]}}],"collection":[{"href":"https:\/\/www.europesays.com\/es\/wp-json\/wp\/v2\/posts"}],"about":[{"href":"https:\/\/www.europesays.com\/es\/wp-json\/wp\/v2\/types\/post"}],"author":[{"embeddable":true,"href":"https:\/\/www.europesays.com\/es\/wp-json\/wp\/v2\/users\/2"}],"replies":[{"embeddable":true,"href":"https:\/\/www.europesays.com\/es\/wp-json\/wp\/v2\/comments?post=311446"}],"version-history":[{"count":0,"href":"https:\/\/www.europesays.com\/es\/wp-json\/wp\/v2\/posts\/311446\/revisions"}],"wp:featuredmedia":[{"embeddable":true,"href":"https:\/\/www.europesays.com\/es\/wp-json\/wp\/v2\/media\/311447"}],"wp:attachment":[{"href":"https:\/\/www.europesays.com\/es\/wp-json\/wp\/v2\/media?parent=311446"}],"wp:term":[{"taxonomy":"category","embeddable":true,"href":"https:\/\/www.europesays.com\/es\/wp-json\/wp\/v2\/categories?post=311446"},{"taxonomy":"post_tag","embeddable":true,"href":"https:\/\/www.europesays.com\/es\/wp-json\/wp\/v2\/tags?post=311446"}],"curies":[{"name":"wp","href":"https:\/\/api.w.org\/{rel}","templated":true}]}}