{"id":311460,"date":"2025-12-28T11:47:18","date_gmt":"2025-12-28T11:47:18","guid":{"rendered":"https:\/\/www.europesays.com\/es\/311460\/"},"modified":"2025-12-28T11:47:18","modified_gmt":"2025-12-28T11:47:18","slug":"re-green-la-empresa-brasilena-que-quiere-convertir-la-reforestacion-de-la-selva-en-un-negocio-rentable-america-futura","status":"publish","type":"post","link":"https:\/\/www.europesays.com\/es\/311460\/","title":{"rendered":"Re.green, la empresa brasile\u00f1a que quiere convertir la reforestaci\u00f3n de la selva en un negocio rentable | Am\u00e9rica Futura"},"content":{"rendered":"<p class=\"\">EL PA\u00cdS ofrece en abierto la secci\u00f3n Am\u00e9rica Futura por su aporte informativo diario y global sobre desarrollo sostenible. Si quieres apoyar nuestro periodismo, suscr\u00edbete <a href=\"https:\/\/elpais.com\/suscripciones\/digital\/11-euros-105-euros\/?prm=mrf-redirect#\/campaign?prm=mrf-redirect\" rel=\"nofollow noopener\" target=\"_blank\">aqu\u00ed<\/a>.<\/p>\n<p class=\"\">Para rescatar las selvas tropicales del mundo, hay que hacer dos cosas fundamentales: primero, parar de destruirlas. Segundo, empezar a restaurarlas. La reforestaci\u00f3n es uno de los puntales para la preservaci\u00f3n de selvas como la Amazonia brasile\u00f1a, pero hasta ahora los proyectos no han tenido la escala que requiere un desaf\u00edo de tama\u00f1o colosal. Se calcula que <a href=\"https:\/\/elpais.com\/america-futura\/2025-05-16\/la-deforestacion-en-brasil-se-desploma-cae-un-30-en-un-ano-y-por-primera-vez-en-todos-los-biomas.html#:~:text=La%20deforestaci%C3%B3n%20cay%C3%B3%20un%2032,universidades%20y%20startups%20de%20tecnolog%C3%ADa.\" target=\"_self\" rel=\"nofollow noopener\" title=\"https:\/\/elpais.com\/america-futura\/2025-05-16\/la-deforestacion-en-brasil-se-desploma-cae-un-30-en-un-ano-y-por-primera-vez-en-todos-los-biomas.html#:~:text=La%20deforestaci%C3%B3n%20cay%C3%B3%20un%2032,universidades%20y%20startups%20de%20tecnolog%C3%ADa.\">solo en Brasil,<\/a> en los \u00faltimos 40 a\u00f1os, se perdieron 117 millones de hect\u00e1reas de vegetaci\u00f3n nativa (el tama\u00f1o de Bolivia), seg\u00fan datos de Mapbiomas.<\/p>\n<p class=\"\">Los proyectos de reforestaci\u00f3n a\u00fan est\u00e1n muy lejos de compensar el da\u00f1o causado y suelen estar ligados a esforzados voluntarios que plantan \u00e1rboles en iniciativas loables, pero aisladas, o en programas p\u00fablicos que suelen funcionar de forma intermitente, en funci\u00f3n de los presupuestos y las prioridades pol\u00edticas del momento. Falta continuidad y sobre todo falta escala.<\/p>\n<p class=\"\">Para romper con esa din\u00e1mica, hace cuatro a\u00f1os surgi\u00f3 en Brasil Re.green, una empresa que busca restaurar un mill\u00f3n de hect\u00e1reas de las selvas del pa\u00eds (una superficie equivalente al tama\u00f1o de Jamaica) en 15 a\u00f1os, pero de forma que sea rentable y sostenible a largo plazo. La iniciativa gan\u00f3 recientemente el <a href=\"https:\/\/elpais.com\/gente\/2021-10-18\/nadie-cogio-aviones-y-coldplay-genero-su-propia-electricidad-pedaleando-asi-fueron-los-premios-earthshot-de-guillermo-de-inglaterra.html\" target=\"_self\" rel=\"nofollow noopener\" title=\"https:\/\/elpais.com\/gente\/2021-10-18\/nadie-cogio-aviones-y-coldplay-genero-su-propia-electricidad-pedaleando-asi-fueron-los-premios-earthshot-de-guillermo-de-inglaterra.html\">premio Earthshot<\/a>, impulsado por el pr\u00edncipe Guillermo de Inglaterra, uno de los m\u00e1s visibles del mundo en defensa del medio ambiente. La empresa fue fundada por prestigiosos cient\u00edficos e ingenieros forestales brasile\u00f1os, como el investigador Bernando Strassburg, uno de los impulsores del Plan de Restauraci\u00f3n Nacional y Ricardo Rodrigues, coordinador del Laboratorio de Ecolog\u00eda y Restauraci\u00f3n Forestal de la Universidad de S\u00e3o Paulo (USP). Pero la administran expertos del mercado financiero, como su propio CEO, Thiago Picolo, que en una charla con Am\u00e9rica Futura dej\u00f3 claro que esto no es la en\u00e9sima operaci\u00f3n de filantrop\u00eda para salvar el mundo. <\/p>\n<p class=\"\">\u201cEntendemos que restaurar la selva con calidad puede generar retornos muy atractivos e interesantes, m\u00e1s competitivos, y que, al generar retorno, atraemos al capital, y al atraer capital, conseguimos escala. Una selva tropical aporta mucho valor y muchos servicios a la sociedad. Nuestra misi\u00f3n es conseguir monetizar eso de forma plena\u201d, explic\u00f3.<\/p>\n<p class=\"\">Para los activistas que fruncen el ce\u00f1o al escuchar el lenguaje del dinero vinculado a los \u00e1rboles, Picolo tiene una respuesta: vivimos en el capitalismo, y hay que encontrar la f\u00f3rmula para hacer que la selva valga m\u00e1s dinero en pie que talada para colocar ganado. <\/p>\n<p class=\"\">La empresa trabaja tanto en la Amazonia como en la <a href=\"https:\/\/elpais.com\/america-futura\/2025-02-21\/el-cambio-climatico-pone-en-jaque-a-las-ranas-de-la-amazonia-y-el-bosque-atlantico.html\" target=\"_self\" rel=\"nofollow noopener\" title=\"https:\/\/elpais.com\/america-futura\/2025-02-21\/el-cambio-climatico-pone-en-jaque-a-las-ranas-de-la-amazonia-y-el-bosque-atlantico.html\">Mata Atl\u00e1ntica<\/a>, <a href=\"https:\/\/elpais.com\/america-futura\/2025-07-10\/el-riesgo-de-perder-miles-de-flores-invisibles-para-la-ciencia.html\" target=\"_self\" rel=\"nofollow noopener\" title=\"https:\/\/elpais.com\/america-futura\/2025-07-10\/el-riesgo-de-perder-miles-de-flores-invisibles-para-la-ciencia.html\">una selva menos<\/a> conocida fuera de Brasil, pero m\u00e1s castigada todav\u00eda. Es el bioma que predomina en los estados de R\u00edo de Janeiro y S\u00e3o Paulo y se llama as\u00ed porque hist\u00f3ricamente bordeaba toda la costa del pa\u00eds. Aqu\u00ed fue donde, en la \u00e9poca colonial, empez\u00f3 la destrucci\u00f3n. Hoy apenas queda el 24% de su superficie original, aunque la buena noticia es que, a diferencia de la Amazonia, la deforestaci\u00f3n se ha erradicado casi por completo. Toca restaurar.<\/p>\n<p><img decoding=\"auto\" class=\"_re lazyload a_m-h\" height=\"276\"  width=\"414\"  src=\"https:\/\/www.europesays.com\/es\/wp-content\/uploads\/2025\/12\/NYPDWLQFGFDEVHTIC6JAJJPQGM.jpg\" loading=\"lazy\"\/>En 2022, alcanzamos un hito muy importante: nuestro primer proyecto se materializ\u00f3 en la finca Ouro Verde. La finca se encuentra al sur de Bah\u00eda.re.green<\/p>\n<p class=\"\">Re.green trabaja con dos tipos de reforestaciones: en el 90% de los territorios donde est\u00e1 presente lo que se hace es recrear la selva original, plantando m\u00e1s de 80 especies de \u00e1rboles y arbustos nativos, siempre con minuciosos estudios previos sobre las especies m\u00e1s adecuadas, el ritmo de plantaci\u00f3n y el acompa\u00f1amiento necesario. Este tipo de formato da dinero sobre todo con la <a href=\"https:\/\/elpais.com\/clima-y-medio-ambiente\/2024-05-06\/cuando-una-empresa-compra-creditos-para-contaminar-salvando-bosques-que-en-realidad-no-estan-amenazados.html\" target=\"_self\" rel=\"nofollow noopener\" title=\"https:\/\/elpais.com\/clima-y-medio-ambiente\/2024-05-06\/cuando-una-empresa-compra-creditos-para-contaminar-salvando-bosques-que-en-realidad-no-estan-amenazados.html\">venta de cr\u00e9ditos<\/a> de carbono a grandes empresas que los usan para compensar sus emisiones de gases de efecto invernadero. De momento, los tres primeros clientes son de peso: Vivo, Nestl\u00e9 y Microsoft. M\u00e1s adelante tambi\u00e9n se espera explotar otros activos, como extractos de plantas para la industria cosm\u00e9tica, nueces, casta\u00f1as y otros frutos.<\/p>\n<p class=\"\">Frente a las cr\u00edticas que existen al mercado de carbono por su falta de eficacia y transparencia, la empresa asegura que las iniciativas est\u00e1n registradas en <a href=\"https:\/\/www.theguardian.com\/environment\/2023\/jan\/18\/revealed-forest-carbon-offsets-biggest-provider-worthless-verra-aoe\" target=\"_self\" rel=\"nofollow noopener\" title=\"https:\/\/www.theguardian.com\/environment\/2023\/jan\/18\/revealed-forest-carbon-offsets-biggest-provider-worthless-verra-aoe\">Verra<\/a>, en el \u00e1mbito del Verified Carbon Standard (VCS) y pueden consultarse en su registro p\u00fablico. Adem\u00e1s, los proyectos de Re.Green recibieron la nota AAe en la Mata Atl\u00e1ntica, y Ae en la Amazonia de BeZero Carbon, una de las principales agencias de rating del mercado voluntario. <\/p>\n<p class=\"\">La otra v\u00eda es la silvicultura, aunque no se trata, como suele ser habitual, de plantar hileras de eucaliptos para talarlos al poco tiempo. Se planta una selva con \u00e1rboles de entre cinco y diez especies nativas con valor de mercado y, en un plazo de 20 a\u00f1os, se talan los ejemplares de maderas m\u00e1s nobles. Este formato ocupa solo el 10% de la superficie que Re.green est\u00e1 gestionando, pero es clave para hacer que la reforestaci\u00f3n sea viable econ\u00f3micamente, sobre todo en los terrenos m\u00e1s caros, los que suelen estar m\u00e1s cerca de carreteras y donde este tipo de operaci\u00f3n es viable.<\/p>\n<p class=\"\">Picolo cree que el sector de la restauraci\u00f3n forestal en Brasil lo tiene todo para crecer: por la urgencia que impone el cambio clim\u00e1tico y porque la cantidad de terreno improductivo es inmensa. Brasil tiene m\u00e1s 90 millones de hect\u00e1reas de pastos abandonados o degradados, con poqu\u00edsimo <a href=\"https:\/\/elpais.com\/america-futura\/2025-06-29\/20-anos-de-el-silencio-la-finca-colombiana-que-ensaya-la-ganaderia-del-futuro.html\" target=\"_self\" rel=\"nofollow noopener\" title=\"https:\/\/elpais.com\/america-futura\/2025-06-29\/20-anos-de-el-silencio-la-finca-colombiana-que-ensaya-la-ganaderia-del-futuro.html\">ganado <\/a>ocupando extensiones enormes: baja eficiencia y poco retorno. El potencial salta a la vista, dice el responsable de Re.Green, que incide en que, aunque hay mucho terreno, hay que ser muy cuidadoso. La empresa act\u00faa comprando tierras privadas o en concesiones del poder p\u00fablico para restaurar parte de un parque natural, por ejemplo, y cruza decenas de bases de datos para certificar que la tierra es propiedad de quien dice ser. El problema de los grilheiros, invasores que se apoderan de tierras p\u00fablicas, est\u00e1 en la ra\u00edz de la mayor\u00eda de cr\u00edmenes contra el medio ambiente que se cometen en la Amazonia. Por eso, tambi\u00e9n hay que cubrirse bien las espaldas para que la restauraci\u00f3n forestal no genere un efecto indeseado. \u201cPodr\u00eda crearse un incentivo: primero deforestas y luego recibes dinero por replantar. Por eso nuestros proyectos solo son aptos a generar cr\u00e9ditos de carbono si son terrenos deforestados hace m\u00e1s de diez a\u00f1os, para no beneficiar a quien deforest\u00f3. Eso es regla de oro\u201d, dice.<\/p>\n<p class=\"\">En la <a href=\"https:\/\/elpais.com\/clima-y-medio-ambiente\/2025-11-22\/la-presidencia-de-la-cop30-trata-de-cerrar-la-cumbre-sin-la-hoja-de-ruta-para-dejar-los-combustibles-fosiles.html\" target=\"_self\" rel=\"nofollow noopener\" title=\"https:\/\/elpais.com\/clima-y-medio-ambiente\/2025-11-22\/la-presidencia-de-la-cop30-trata-de-cerrar-la-cumbre-sin-la-hoja-de-ruta-para-dejar-los-combustibles-fosiles.html\">COP30 del clima <\/a>que se celebr\u00f3 en noviembre en Bel\u00e9m do Par\u00e1, en el coraz\u00f3n de la Amazonia, las selvas tropicales estuvieron en el centro de los debates clim\u00e1ticos. Son los grandes sumideros de carbono y su futuro es clave para frenar el calentamiento global. En el marco de la cumbre, el Gobierno brasile\u00f1o present\u00f3 los datos m\u00e1s recientes sobre restauraci\u00f3n vegetal: en estos momentos hay m\u00e1s de tres millones de hect\u00e1reas de vegetaci\u00f3n nativa recuper\u00e1ndose, aunque la mayor\u00eda son bosques que reconquistan el terreno perdido de forma espont\u00e1nea. La recuperaci\u00f3n incentivada por el hombre rondar\u00eda las 200.000 hect\u00e1reas, seg\u00fan el Observatorio de la Restauraci\u00f3n. Es un crecimiento del 158% en tres a\u00f1os. Los especialistas lo atribuyen a los incentivos p\u00fablicos y a la iniciativa del Gobierno lanzada en 2023 y conocida como \u2018Arco por la Restauraci\u00f3n\u2019, que busca recuperar la regi\u00f3n de la Amazonia, donde se concentra el 75% de la tala.<\/p>\n<p class=\"\">Mientras se plantan \u00e1rboles, tambi\u00e9n hay avances en las pol\u00edticas que buscan garantizar la supervivencia de los que a\u00fan est\u00e1n vivos. La destrucci\u00f3n de la Amazonia brasile\u00f1a cay\u00f3 un 22% en el \u00faltimo a\u00f1o y el Gobierno sigue firme en su promesa de erradicar la deforestaci\u00f3n ilegal en el a\u00f1o 2030. Para entonces tambi\u00e9n se espera que el territorio en fase de recuperaci\u00f3n se multiplique por cuatro, hasta llegar a los 12 millones de hect\u00e1reas.<\/p>\n","protected":false},"excerpt":{"rendered":"EL PA\u00cdS ofrece en abierto la secci\u00f3n Am\u00e9rica Futura por su aporte informativo diario y global sobre desarrollo&hellip;\n","protected":false},"author":2,"featured_media":311461,"comment_status":"","ping_status":"","sticky":false,"template":"","format":"standard","meta":{"footnotes":""},"categories":[42],"tags":[15230,889,28347,3216,17,18,1295,8039,11745,18781,13,14,11,61,62,63,64,19,20,9,10,15,16,73264,73265,12,21,22,65,66,67],"class_list":{"0":"post-311460","1":"post","2":"type-post","3":"status-publish","4":"format-standard","5":"has-post-thumbnail","7":"category-internacional","8":"tag-amazonas","9":"tag-america","10":"tag-arboles","11":"tag-brasil","12":"tag-breaking-news","13":"tag-breakingnews","14":"tag-cambio-climatico","15":"tag-creditos","16":"tag-desarrollo-sostenible","17":"tag-economia-sostenible","18":"tag-featured-news","19":"tag-featurednews","20":"tag-headlines","21":"tag-internacional","22":"tag-international","23":"tag-international-news","24":"tag-internationalnews","25":"tag-latest-news","26":"tag-latestnews","27":"tag-news","28":"tag-noticias","29":"tag-noticias-destacadas","30":"tag-noticiasdestacadas","31":"tag-reforestacion","32":"tag-selvas","33":"tag-titulares","34":"tag-ultimas-noticias","35":"tag-ultimasnoticias","36":"tag-world","37":"tag-world-news","38":"tag-worldnews"},"share_on_mastodon":{"url":"","error":"Validation failed: Text character limit of 500 exceeded"},"_links":{"self":[{"href":"https:\/\/www.europesays.com\/es\/wp-json\/wp\/v2\/posts\/311460","targetHints":{"allow":["GET"]}}],"collection":[{"href":"https:\/\/www.europesays.com\/es\/wp-json\/wp\/v2\/posts"}],"about":[{"href":"https:\/\/www.europesays.com\/es\/wp-json\/wp\/v2\/types\/post"}],"author":[{"embeddable":true,"href":"https:\/\/www.europesays.com\/es\/wp-json\/wp\/v2\/users\/2"}],"replies":[{"embeddable":true,"href":"https:\/\/www.europesays.com\/es\/wp-json\/wp\/v2\/comments?post=311460"}],"version-history":[{"count":0,"href":"https:\/\/www.europesays.com\/es\/wp-json\/wp\/v2\/posts\/311460\/revisions"}],"wp:featuredmedia":[{"embeddable":true,"href":"https:\/\/www.europesays.com\/es\/wp-json\/wp\/v2\/media\/311461"}],"wp:attachment":[{"href":"https:\/\/www.europesays.com\/es\/wp-json\/wp\/v2\/media?parent=311460"}],"wp:term":[{"taxonomy":"category","embeddable":true,"href":"https:\/\/www.europesays.com\/es\/wp-json\/wp\/v2\/categories?post=311460"},{"taxonomy":"post_tag","embeddable":true,"href":"https:\/\/www.europesays.com\/es\/wp-json\/wp\/v2\/tags?post=311460"}],"curies":[{"name":"wp","href":"https:\/\/api.w.org\/{rel}","templated":true}]}}