{"id":311466,"date":"2025-12-28T11:55:31","date_gmt":"2025-12-28T11:55:31","guid":{"rendered":"https:\/\/www.europesays.com\/es\/311466\/"},"modified":"2025-12-28T11:55:31","modified_gmt":"2025-12-28T11:55:31","slug":"la-descripcion-de-nadal-sobre-alcaraz-y-sinner-que-puede-traer-cola","status":"publish","type":"post","link":"https:\/\/www.europesays.com\/es\/311466\/","title":{"rendered":"La descripci\u00f3n de Nadal sobre Alcaraz y Sinner que puede traer cola"},"content":{"rendered":"<p>El manacor\u00ed no se ha decantado por ninguno de los dos, pero los elogios al italiano han sido mucho m\u00e1s generosos<\/p>\n<p class=\"parrafo\">Un a\u00f1o y poco despu\u00e9s de su retirada,<strong> Rafa Nadal ha vuelto a &#8216;desnudarse&#8217;<\/strong> para comentar c\u00f3mo est\u00e1 llevando su d\u00eda a d\u00eda alejado de las pistas y, al mismo tiempo, analizar todo lo que acontece en un circuito ATP al que sigue de cerca por su pasi\u00f3n incondicional al tenis.<\/p>\n<p class=\"parrafo\">Ha sido en el diario As donde se ha desahogado sobre su estado actual y donde ha repasado lo que se ha vivido en el circuito masculino este a\u00f1o 2025. Y ha sido en este apartado donde ha tenido que <strong>describir a Carlos Alcaraz y Jannik Sinner <\/strong>cuando le han preguntado con cu\u00e1l de ellos se identificar\u00eda m\u00e1s. Y su respuesta puede traer cola, porque el manacor\u00ed ha sido m\u00e1s generoso precisamente con el italiano.<\/p>\n<p class=\"parrafo\"><strong>\u00abSon tenistas distintos a lo que fui yo<\/strong>. Carlos, quiz\u00e1s, sea m\u00e1s impredecible y divertido, puesto que es m\u00e1s aleatorio, firma m\u00e1s fallos, en ocasiones hace puntos m\u00e1s espectaculares y no sigue siempre el mismo patr\u00f3n de juego. <strong>Jannik es m\u00e1s centrado, m\u00e1s met\u00f3dico y, adem\u00e1s, a\u00f1ade cosas poco a poco, lo que le hace ser tan s\u00f3lido y perder tan pocos partidos\u00bb<\/strong>, ha recalcado el balear.<\/p>\n<p><a class=\"elementos-rel-t2\" href=\"https:\/\/www.estadiodeportivo.com\/tenis\/efecto-domino-ruptura-carlos-alcaraz-con-ferrero-david-ferrer-rafa-nadal-implicados-20251226-524863.html\" title=\"El efecto domin\u00f3 de la ruptura de Carlos Alcaraz con Ferrero: David Ferrer y Rafa Nadal, implicados\" rel=\"nofollow noopener\" target=\"_blank\"><\/p>\n<p class=\"titular titulo-4\">El efecto domin\u00f3 de la ruptura de Carlos Alcaraz con Ferrero: David Ferrer y Rafa Nadal, implicados<\/p>\n<p><img decoding=\"async\" src=\"https:\/\/www.europesays.com\/es\/wp-content\/uploads\/2025\/12\/f166d30e-304c-4086-b229-bfbcc44e09be_320x180.jpeg\" alt=\"El efecto domin\u00f3 de la ruptura de Carlos Alcaraz con Ferrero: David Ferrer y Rafa Nadal, implicados\"\/><\/a><a class=\"elementos-rel-t2\" href=\"https:\/\/www.estadiodeportivo.com\/tenis\/rafa-nadal-sincera-ano-despues-retirada-fisico-para-que-cabeza-tambien-20251226-524848.html\" title=\"Rafa Nadal se sincera un a\u00f1o despu\u00e9s de su retirada: &#039;&#039;El f\u00edsico da para lo que da, y la cabeza tambi\u00e9n&#039;&#039;\" rel=\"nofollow noopener\" target=\"_blank\"><\/p>\n<p class=\"titular titulo-4\">Rafa Nadal se sincera un a\u00f1o despu\u00e9s de su retirada: \u00bbEl f\u00edsico da para lo que da, y la cabeza tambi\u00e9n\u00bb<\/p>\n<p><img decoding=\"async\" src=\"https:\/\/www.europesays.com\/es\/wp-content\/uploads\/2025\/12\/5043b215-919e-4f4c-8293-21a58d971176_320x180.jpeg\" alt=\"Rafa Nadal se sincera un a\u00f1o despu\u00e9s de su retirada: ''El f\u00edsico da para lo que da, y la cabeza tambi\u00e9n''\"\/><\/a><\/p>\n<p class=\"parrafo\">Y, quiz\u00e1s porque sab\u00eda que hab\u00eda repartido de manera desigual, Nadal hizo un segundo alegado para alabar al murciano tambi\u00e9n: <strong>\u00abMe resulta curioso cuando dicen que es disperso: los resultados cuentan otra historia. <\/strong>Ha tenido un a\u00f1o muy regular, ha sido incre\u00edblemente s\u00f3lido en todos los aspectos\u00bb, sentenci\u00f3 el 14 veces campe\u00f3n de Roland Garros.<\/p>\n<p>Rafa Nadal y su vuelta a las pistas<\/p>\n<p class=\"parrafo\">En otro orden de cosas, Rafa Nadal ha dejado abierta la posibilidad de volver a las pistas. La \u00faltima que vez que se visti\u00f3 de corto para jugar fue en las Finales de la Copa Davis de 2024, donde <strong>perdi\u00f3 <\/strong>el<strong> <\/strong>primer encuentro de la eliminatoria<strong> ante Botic van der<\/strong> <strong>Zandschulp. <\/strong>Y, ahora, Roger Federer le habr\u00eda propuesto jugar una exhibici\u00f3n junto a \u00e9l. Y cuestionado sobre ello, ha sido claro: <strong>\u00abSi conseguimos hacer algo que nos divierta, que tenga sentido y nos apetezca, \u00bfpor qu\u00e9 no? <\/strong>No hay ninguna puerta cerrada a volver a tomar una raqueta, pero necesitar\u00eda un tiempo prudencial y estar preparado\u00bb.<\/p>\n<p><img decoding=\"async\" src=\"https:\/\/www.europesays.com\/es\/wp-content\/uploads\/2025\/12\/304d33ee-c2d2-4901-b5ed-e7916e506cf9_800x450.jpeg\" loading=\"lazy\"\/><\/p>\n<p class=\"parrafo\">Eso s\u00ed, de momento es algo que no le preocupa demasiado, ya que est\u00e1 m\u00e1s centrado en disfrutar de su familia y del d\u00eda a d\u00eda: <strong>\u00abNo vivo pensando que fui tenista.<\/strong> El recuerdo siempre estar\u00e1, pero ya no vivo pensando en tenis, m\u00e1s all\u00e1 de momentos puntuales en la Academia\u00bb.<\/p>\n","protected":false},"excerpt":{"rendered":"El manacor\u00ed no se ha decantado por ninguno de los dos, pero los elogios al italiano han sido&hellip;\n","protected":false},"author":2,"featured_media":311467,"comment_status":"","ping_status":"","sticky":false,"template":"","format":"standard","meta":{"footnotes":""},"categories":[274],"tags":[545,168,25,24,284,6894,4466,23,167,327,326],"class_list":{"0":"post-311466","1":"post","2":"type-post","3":"status-publish","4":"format-standard","5":"has-post-thumbnail","7":"category-tenis","8":"tag-carlos-alcaraz","9":"tag-deportes","10":"tag-es","11":"tag-espana","12":"tag-estadio-deportivo","13":"tag-rafa-nadal","14":"tag-sinner","15":"tag-spain","16":"tag-sports","17":"tag-tenis","18":"tag-tennis"},"share_on_mastodon":{"url":"https:\/\/pubeurope.com\/@es\/115797068097443124","error":""},"_links":{"self":[{"href":"https:\/\/www.europesays.com\/es\/wp-json\/wp\/v2\/posts\/311466","targetHints":{"allow":["GET"]}}],"collection":[{"href":"https:\/\/www.europesays.com\/es\/wp-json\/wp\/v2\/posts"}],"about":[{"href":"https:\/\/www.europesays.com\/es\/wp-json\/wp\/v2\/types\/post"}],"author":[{"embeddable":true,"href":"https:\/\/www.europesays.com\/es\/wp-json\/wp\/v2\/users\/2"}],"replies":[{"embeddable":true,"href":"https:\/\/www.europesays.com\/es\/wp-json\/wp\/v2\/comments?post=311466"}],"version-history":[{"count":0,"href":"https:\/\/www.europesays.com\/es\/wp-json\/wp\/v2\/posts\/311466\/revisions"}],"wp:featuredmedia":[{"embeddable":true,"href":"https:\/\/www.europesays.com\/es\/wp-json\/wp\/v2\/media\/311467"}],"wp:attachment":[{"href":"https:\/\/www.europesays.com\/es\/wp-json\/wp\/v2\/media?parent=311466"}],"wp:term":[{"taxonomy":"category","embeddable":true,"href":"https:\/\/www.europesays.com\/es\/wp-json\/wp\/v2\/categories?post=311466"},{"taxonomy":"post_tag","embeddable":true,"href":"https:\/\/www.europesays.com\/es\/wp-json\/wp\/v2\/tags?post=311466"}],"curies":[{"name":"wp","href":"https:\/\/api.w.org\/{rel}","templated":true}]}}