{"id":31148,"date":"2025-08-07T08:23:15","date_gmt":"2025-08-07T08:23:15","guid":{"rendered":"https:\/\/www.europesays.com\/es\/31148\/"},"modified":"2025-08-07T08:23:15","modified_gmt":"2025-08-07T08:23:15","slug":"un-choque-de-clases-es-el-origen-del-distanciamiento-familiar","status":"publish","type":"post","link":"https:\/\/www.europesays.com\/es\/31148\/","title":{"rendered":"\u00bfun choque de clases es el origen del distanciamiento familiar?"},"content":{"rendered":"<p>\n          Los Peltz vs. los Beckham: el trasfondo de una disputa cada vez m\u00e1s medi\u00e1tica<\/p>\n<p>La tensi\u00f3n entre las <b>familias Peltz y Beckham<\/b> \u2014y en particular entre <b>Nicola Peltz<\/b> y su suegra, <b>Victoria Beckham<\/b>\u2014 ha sido objeto de m\u00faltiples reportes en medios alrededor del mundo.<\/p>\n<p>Aunque ninguna de las partes ha confirmado abiertamente un conflicto, las circunstancias en las que se encuentran ambos clanes sugieren una combinaci\u00f3n de egos, expectativas incumplidas y diferencias culturales que han alimentado la fractura.<\/p>\n<p>             <img loading=\"lazy\" decoding=\"async\" src=\"https:\/\/www.europesays.com\/es\/wp-content\/uploads\/2025\/08\/1754554994_976_\" class=\"lazyload\" alt=\"Nicola Peltz y Victoria Beckham\"  width=\"600\" height=\"400\"\/> <\/p>\n<p>              Nicola vs. Victoria: una historia de rumores y distanciamientos<br \/>\n              (Instagram)<\/p>\n<p>Uno de los detonantes m\u00e1s comentados fue el drama del vestido de novia. <b>Nicola Peltz<\/b> eligi\u00f3 casarse con un dise\u00f1o de Alta Costura de Valentino en lugar de un vestido de la marca de <b>Victoria Beckham<\/b>.<\/p>\n<p>Seg\u00fan Nicola, se trat\u00f3 de una cuesti\u00f3n t\u00e9cnica: el taller de Victoria no pudo confeccionar el vestido a tiempo. Pero versiones alternativas lo describen como un desaire deliberado que hiri\u00f3 el ego de la dise\u00f1adora brit\u00e1nica.<\/p>\n<p>A esto se suma la falta de respeto percibida entre ambas. Algunas fuentes aseguran que Nicola no ha mostrado la deferencia que Victoria esperaba como suegra y figura p\u00fablica, mientras que otras hablan de una relaci\u00f3n simplemente distante, marcada por diferencias de estilo y personalidad.<\/p>\n<p>             <img loading=\"lazy\" decoding=\"async\" src=\"https:\/\/www.europesays.com\/es\/wp-content\/uploads\/2025\/08\/1754554994_235_\" class=\"lazyload\" alt=\"Imagen de Marc Anthony y Brooklyn Beckham y Nicola Peltz\"  width=\"600\" height=\"400\"\/> <\/p>\n<p>              Un &#8216;detalle&#8217; de Marc Anthony en la boda de Brooklyn y Nicola habr\u00eda complicado la relaci\u00f3n de la novia con su suegra<br \/>\n              (Getty Images)<\/p>\n<p>Asimismo, est\u00e1 el detalle de que, durante la boda de Brooklyn y Nicola, el cantante <b>Marc Anthony<\/b> llam\u00f3 a la pista a la \u201cmujer m\u00e1s hermosa\u201d de la noche y, en vez de hablarle a la novia, hizo referencia a Victoria, mam\u00e1 del novio.<\/p>\n<p>Otro punto clave es el cambio en la din\u00e1mica familiar. Desde su boda en abril de 2022, <b>Brooklyn Beckham <\/b>ha fortalecido su v\u00ednculo con los Peltz, especialmente con su suegro, <b>Nelson Peltz<\/b>. Esto ha provocado una sensaci\u00f3n de distanciamiento respecto a los Beckham.<\/p>\n<p>Adem\u00e1s, hay reportes que indican que Victoria fue excluida del proceso de planificaci\u00f3n de la boda (otro l\u00edo por m\u00e9rito propio que involucr\u00f3 una demanda), una decisi\u00f3n que se interpret\u00f3 como una forma de marcar distancia desde el c\u00edrculo Peltz.<\/p>\n<p>             <img loading=\"lazy\" decoding=\"async\" src=\"https:\/\/www.europesays.com\/es\/wp-content\/uploads\/2025\/08\/1754554994_766_\" class=\"lazyload\" alt=\"Victoria Beckham\"  width=\"600\" height=\"1066\"\/> <\/p>\n<p>              Victoria Beckham us\u00f3 un dise\u00f1o propio en la boda de Brooklyn y Nicola<br \/>\n              (Instagram\/Victoria Beckham)<\/p>\n<p>Y, finalmente, el ausentismo de la joven pareja en eventos importantes, como el cumplea\u00f1os n\u00famero 50 de <b>David Beckham<\/b>, lo que ha hecho aumentar las especulaciones sobre una ruptura familiar silenciosa pero persistente.<\/p>\n<p>Aunque ambas partes han intentado mantener las apariencias y restar importancia a los rumores, la acumulaci\u00f3n de se\u00f1ales \u2014en redes sociales, entrevistas y ausencias notables\u2014 apunta a una realidad m\u00e1s compleja.<\/p>\n<p>M\u00e1s que un simple malentendido, lo que hay detr\u00e1s parece ser un choque de estilos, clases y prioridades, en el que los afectos familiares han quedado atrapados entre dos visiones del mundo muy distintas.<\/p>\n<p>             <img loading=\"lazy\" decoding=\"async\" src=\"https:\/\/www.europesays.com\/es\/wp-content\/uploads\/2025\/08\/1754554995_21_\" class=\"lazyload\" alt=\"Victoria Beckham Spring Summer 24 Fashion Show Arrivals\"  width=\"600\" height=\"401\"\/> <\/p>\n<p>              Nicola y Brooklyn en el front row de un desfile de Victoria Beckham<br \/>\n              (Darren Gerrish\/Getty Images for Victoria Beckham)<\/p>\n<p>Aun as\u00ed, <b>Nicola Peltz<\/b> ha declarado en entrevistas que admira el \u201cmodelo familiar\u201d de ambos clanes. Mientras que sus pap\u00e1s, <b>Nelson y Claudia Peltz<\/b>, cumplieron 40 a\u00f1os de casados en 2025, <b>David y Victoria Beckham<\/b> est\u00e1n por alcanzar los 30 a\u00f1os juntos. Esa estabilidad, seg\u00fan ella, es su principal referente al momento de formar su propia familia junto a Brooklyn.<\/p>\n<p>\u00bfHabr\u00e1 hijos pronto? Esa es otra pregunta que a\u00fan no tiene respuesta clara y un factor que podr\u00eda servir de puente o incrementar a\u00fan m\u00e1s la distancia que separa a ambas familias pero, sin duda, un tema de suma importancia de ambos lados.<\/p>\n<p>Mientras que los Beckham tienen cuatro hijos; los Peltz cuentan con ocho. Por ahora, <b>Brooklyn Beckham y Nicola Peltz<\/b> parecen m\u00e1s enfocados en consolidar su matrimonio que en empezar a tener herederos\u2026 y, tal vez, a reconciliarse con<b> Sir David y Victoria Beckham<\/b>.<\/p>\n","protected":false},"excerpt":{"rendered":"Los Peltz vs. los Beckham: el trasfondo de una disputa cada vez m\u00e1s medi\u00e1tica La tensi\u00f3n entre las&hellip;\n","protected":false},"author":2,"featured_media":31149,"comment_status":"","ping_status":"","sticky":false,"template":"","format":"standard","meta":{"footnotes":""},"categories":[174],"tags":[16402,16403,255,146,147,25,24,2793,16404,256,16405,16406,16407,16408,13415,16409,16410,23],"class_list":{"0":"post-31148","1":"post","2":"type-post","3":"status-publish","4":"format-standard","5":"has-post-thumbnail","7":"category-famosos","8":"tag-brooklyn-beckham-nicola-peltz","9":"tag-brooklyn-peltz","10":"tag-celebrities","11":"tag-entertainment","12":"tag-entretenimiento","13":"tag-es","14":"tag-espana","15":"tag-espectaculos","16":"tag-familia-de-nicola-peltz","17":"tag-famosos","18":"tag-fortuna-de-la-familia-peltz","19":"tag-fortuna-de-los-beckham","20":"tag-la-historia-de-la-familia-peltz","21":"tag-nelson-peltz","22":"tag-nicola-peltz","23":"tag-papas-de-nicola-peltz","24":"tag-peltz-vs-beckham","25":"tag-spain"},"share_on_mastodon":{"url":"","error":""},"_links":{"self":[{"href":"https:\/\/www.europesays.com\/es\/wp-json\/wp\/v2\/posts\/31148","targetHints":{"allow":["GET"]}}],"collection":[{"href":"https:\/\/www.europesays.com\/es\/wp-json\/wp\/v2\/posts"}],"about":[{"href":"https:\/\/www.europesays.com\/es\/wp-json\/wp\/v2\/types\/post"}],"author":[{"embeddable":true,"href":"https:\/\/www.europesays.com\/es\/wp-json\/wp\/v2\/users\/2"}],"replies":[{"embeddable":true,"href":"https:\/\/www.europesays.com\/es\/wp-json\/wp\/v2\/comments?post=31148"}],"version-history":[{"count":0,"href":"https:\/\/www.europesays.com\/es\/wp-json\/wp\/v2\/posts\/31148\/revisions"}],"wp:featuredmedia":[{"embeddable":true,"href":"https:\/\/www.europesays.com\/es\/wp-json\/wp\/v2\/media\/31149"}],"wp:attachment":[{"href":"https:\/\/www.europesays.com\/es\/wp-json\/wp\/v2\/media?parent=31148"}],"wp:term":[{"taxonomy":"category","embeddable":true,"href":"https:\/\/www.europesays.com\/es\/wp-json\/wp\/v2\/categories?post=31148"},{"taxonomy":"post_tag","embeddable":true,"href":"https:\/\/www.europesays.com\/es\/wp-json\/wp\/v2\/tags?post=31148"}],"curies":[{"name":"wp","href":"https:\/\/api.w.org\/{rel}","templated":true}]}}